{"id":35753,"date":"2015-03-06T17:52:55","date_gmt":"2015-03-06T23:52:55","guid":{"rendered":"http:\/\/www.eloriente.net\/home\/?p=35753"},"modified":"2015-03-06T17:52:55","modified_gmt":"2015-03-06T23:52:55","slug":"el-valor-de-ser-mujer-un-articulo-de-dra-hirery-dominguez","status":"publish","type":"post","link":"http:\/\/www.eloriente.net\/home\/2015\/03\/06\/el-valor-de-ser-mujer-un-articulo-de-dra-hirery-dominguez\/","title":{"rendered":"El valor de ser Mujer, un art\u00edculo de Dra. Hirery Dom\u00ednguez"},"content":{"rendered":"<p><script src=\"\/\/pagead2.googlesyndication.com\/pagead\/js\/adsbygoogle.js\" async=\"\"><\/script><!-- BANNER ELORIENTE INCRUSTADO NOTAS --> <ins class=\"adsbygoogle\" style=\"display: inline-block; width: 300px; height: 250px;\" data-ad-client=\"ca-pub-1136171134853753\" data-ad-slot=\"7974633627\"><\/ins><script>\/\/ <![CDATA[\n(adsbygoogle = window.adsbygoogle || []).push({});\n\/\/ ]]><\/script><\/p>\n<p>&nbsp;<\/p>\n<p style=\"text-align: right;\">\u00a0Por Dra. Hirery Dom\u00ednguez Santos<\/p>\n<p>(www.eloriente.net, M\u00e9xico, 6 de marzo de 2015. Por Dra. Hirery Dom\u00ednguez Santos).-<\/p>\n<p>Aprovechando la reciente fecha del d\u00eda de la mujer, deseo compartirles lo vivenciado en la conferencia que impart\u00ed para un foro abierto organizado por una de las universidades de esta regi\u00f3n.<\/p>\n<p>Ese d\u00eda llevaba un tema de \u201cLiderazgo femenino\u201d, pues es lo que est\u00e1 en boga, sin embargo al ver a tantas mujeres entusiasmadas con la pl\u00e1tica y a tantas jovencitas animadas por el tema, frente a todo mi p\u00fablico romp\u00ed el gui\u00f3n, que noches antes hab\u00eda redactado, y simplemente las contempl\u00e9 y decid\u00ed darles m\u00e1s que palabras, decic\u00ed darles un poco de mi. Y ahora por cierto tambi\u00e9n quiero compartirlo contigo.<\/p>\n<p>Muchas veces la vida pareciera siempre haber sido perfecta tal cual se est\u00e1 viviendo; t\u00fa me ves y puedes decirte: \u201ca ella la vida se le ha facilitado m\u00e1s, todo le dieron, es reconocida y dem\u00e1s\u201d. Pero para poder llegar a todo eso, ahora te quiero contar que tuve un arduo camino que recorrer. Yo, al igual que t\u00fa, tuve una vida dif\u00edcil pues mi padre solo me dio la preparatoria y no m\u00e1s. Pero yo igual que t\u00fa ten\u00eda sue\u00f1os, metas, deseos y ganas de ser diferente, triunfar y ser feliz\u2026 \u00a1\u00a1y ahora lo soy!!<\/p>\n<p>Pagu\u00e9 mi carrera con esfuerzos; no estudi\u00e9 con libros sino con copias de ellos; no fui a muchos viajes con mis compa\u00f1eros, me vi sola la mayor parte del tiempo sin mi familia y en un lugar nuevo, tuve muchas restricciones econ\u00f3micas para poder solventarme, pero eso no me desmoraliz\u00f3, al contrario, me dio m\u00e1s energ\u00eda, porque siempre supe que pod\u00eda, y as\u00ed es \u00a1s\u00e9 que puedo!<\/p>\n<p>No solo me titul\u00e9, lo hice por promedio. Cuando me estaban entregando mi c\u00e9dula, entend\u00ed que ah\u00ed solo era el comienzo, que yo quer\u00eda m\u00e1s, que ning\u00fan obst\u00e1culo me pod\u00eda tirar, porque tengo la capacidad de triunfar, <strong>porque primero lo hice en mi mente y luego lo hice de verdad.<\/strong><\/p>\n<p>&nbsp;<\/p>\n<p><a href=\"http:\/\/www.eloriente.net\/home\/wp-content\/uploads\/2014\/02\/mujer.jpg\"><img loading=\"lazy\" decoding=\"async\" class=\"alignnone size-medium wp-image-20721\" src=\"http:\/\/www.eloriente.net\/home\/wp-content\/uploads\/2014\/02\/mujer-300x199.jpg\" alt=\"mujer\" width=\"300\" height=\"199\" srcset=\"http:\/\/www.eloriente.net\/home\/wp-content\/uploads\/2014\/02\/mujer-300x199.jpg 300w, http:\/\/www.eloriente.net\/home\/wp-content\/uploads\/2014\/02\/mujer.jpg 500w\" sizes=\"(max-width: 300px) 100vw, 300px\" \/><\/a><\/p>\n<p>&nbsp;<\/p>\n<p>Mientras estudiaba el doctorado y trabajaba en el hospital, vi los casos de muchas mujeres que se dejaban vencer por el miedo al que dir\u00e1n, por el temor a trabajar, aunque sin darse cuenta lo hacen cada d\u00eda, cuando levantan a sus hijos, cuando organizan los gastos, cuando se enfrentan como leonas si alguien quer\u00eda lastimar a un ser querido, pero no se lo reconoc\u00edan ellas mismas no se valoraban como la maravillosa mujer que eran, que son.<\/p>\n<p>T\u00fa tienes al igual que yo la fuerza para luchar, deja de ver lo que te hace falta y empieza a contabilizar lo que tienes, a luchar pero no por cualquier cosa, lucha por ti porque lo vales, porque mereces todo aquello que de ni\u00f1a so\u00f1abas. \u00a1S\u00ed se puede! T\u00fa puedes triunfar, ser lo que t\u00fa quieres ser, porque no tienes que ser lo que no quieres ser sino la maravillosa mujer fuerte, feliz y triunfadora que ya eres en tu interior.<\/p>\n<p>\u00bfC\u00f3mo? Ponte metas por d\u00eda, semana y mes; lleva una agenda de tus actividades (y te vas a maravillar de todo lo que haces en el d\u00eda y que quiz\u00e1s no te hab\u00edas dado cuenta); une tus metas a una amiga o persona cercana, de esta forma es m\u00e1s dif\u00edcil que desistas por el compromiso con ella \u00bfY sabes algo? Solo \u00a1NUNCA DEJES DE SO\u00d1AR! Esa es la verdadera base de la felicidad, sue\u00f1a con un futuro pr\u00f3spero y lleno de dicha y lo tendr\u00e1s, recuerda que tu mente crea tu realidad y \u00e9sta es la realidad que ahora est\u00e1s creando.<\/p>\n<p>&nbsp;<\/p>\n<p><strong>OTRAS ENTRADAS:<\/strong><\/p>\n<div id=\"post-35706\" class=\"post-35706 post type-post status-publish format-standard has-post-thumbnail hentry category-ana-luisa-nerio category-articulistas category-derechos-humanos category-destacadas category-entradas category-especiales category-mexico-y-el-mundo category-principal tag-codigo-df tag-derechos-humanos-2 tag-mujeres entry loop-default border_bottom_30\">\n<h2 class=\"entry_title\"><a title=\"Enlace Permanente a D\u00eda Internacional de las Mujeres: ni\u00f1as, adolescentes y adultas mayores, por Ana Luisa Nerio\" href=\"http:\/\/www.eloriente.net\/home\/2015\/03\/04\/dia-internacional-de-las-mujeres-ninas-adolescentes-y-adultas-mayores-por-ana-luisa-nerio\/\" rel=\"bookmark\">D\u00eda Internacional de las Mujeres: ni\u00f1as, adolescentes y adultas mayores, por Ana Luisa Nerio<\/a><\/h2>\n<p><a href=\"http:\/\/www.eloriente.net\/home\/2015\/03\/04\/dia-internacional-de-las-mujeres-ninas-adolescentes-y-adultas-mayores-por-ana-luisa-nerio\/\" rel=\"bookmark\"><img decoding=\"async\" class=\"alignleft\" title=\"D\u00eda Internacional de las Mujeres: ni\u00f1as, adolescentes y adultas mayores, por Ana Luisa Nerio\" src=\"http:\/\/www.eloriente.net\/home\/wp-content\/themes\/city-desk\/timthumb.php?src=http%3A%2F%2Fwww.eloriente.net%2Fhome%2Fwp-content%2Fuploads%2F2015%2F03%2FMujeres-Imagen-licencia-cc-Hernan-Pin%CC%83era.jpg&amp;q=90&amp;w=160&amp;h=106&amp;zc=1\" alt=\"D\u00eda Internacional de las Mujeres: ni\u00f1as, adolescentes y adultas mayores, por Ana Luisa Nerio\" \/><\/a>\u00a0 \u00a0 eloriente.net\/EnfoqueDH 4 de marzo de 2015 Por: Ana Luisa Nerio Monroy 04 de marzo de 2014 En el marco del 8 de marzo, D\u00eda Internacional de la Mujer, fecha que no est\u00e1 pensada para que nos regalen flores o nos feliciten sino para reivindicar los derechos humanos de todas las mujeres, dedicar\u00e9 este [\u2026]<\/p>\n<p class=\"postmeta\"><span class=\"meta_date\">marzo 4, 2015<\/span><\/p>\n<\/div>\n<div id=\"post-34225\" class=\"post-34225 post type-post status-publish format-standard has-post-thumbnail hentry category-entradas category-lo-mas-reciente category-oaxaca-estados category-turismo-y-negocios tag-turismo-academicos entry loop-default border_bottom_30\">\n<h2 class=\"entry_title\"><a title=\"Enlace Permanente a Las mujeres en las empresas tur\u00edsticas privadas y comunitarias\" href=\"http:\/\/www.eloriente.net\/home\/2014\/11\/27\/las-mujeres-en-las-empresas-turisticas-privadas-y-comunitarias\/\" rel=\"bookmark\">Las mujeres en las empresas tur\u00edsticas privadas y comunitarias<\/a><\/h2>\n<p><a href=\"http:\/\/www.eloriente.net\/home\/2014\/11\/27\/las-mujeres-en-las-empresas-turisticas-privadas-y-comunitarias\/\" rel=\"bookmark\"><img decoding=\"async\" class=\"alignleft\" title=\"Las mujeres en las empresas tur\u00edsticas privadas y comunitarias\" src=\"http:\/\/www.eloriente.net\/home\/wp-content\/themes\/city-desk\/timthumb.php?src=http%3A%2F%2Fwww.eloriente.net%2Fhome%2Fwp-content%2Fuploads%2F2014%2F11%2FCamarista-olinala.com_.jpg&amp;q=90&amp;w=160&amp;h=106&amp;zc=1\" alt=\"Las mujeres en las empresas tur\u00edsticas privadas y comunitarias\" \/><\/a>(www.eloriente.net, Oaxaca, M\u00e9xico, 27 de noviembre\/2014).-\u00a0La vida de las mujeres que forman parte de comunidades tradicionales se transforma con el desarrollo de un nuevo proyecto tur\u00edstico. En la literatura existe cierto consenso respecto a que el turismo tiene un impacto m\u00e1s positivo que negativo en el caso de las\u00a0mujeres, pues con las nuevas oportunidades de [\u2026]<\/p>\n<p class=\"postmeta\"><span class=\"meta_date\">noviembre 27, 2014<\/span><\/p>\n<\/div>\n\n\t\t\t  <div \n\t\t\t  \tclass = \"fb-comments\" \n\t\t\t  \tdata-href = \"http:\/\/www.eloriente.net\/home\/2015\/03\/06\/el-valor-de-ser-mujer-un-articulo-de-dra-hirery-dominguez\/\"\n\t\t\t  \tdata-numposts = \"10\"\n\t\t\t\tdata-colorscheme = \"dark\"\n\t\t\t\tdata-order-by = \"social\"\n\t\t\t\tdata-mobile=true>\n\t\t\t  <\/div>\n\t\t  <style>\n\t\t\t.fb_iframe_widget_fluid_desktop iframe {\n\t\t\t    width: 100% !important;\n\t\t\t}\n\t\t  <\/style>\n\t\t  ","protected":false},"excerpt":{"rendered":"<p>&nbsp; \u00a0Por Dra. Hirery Dom\u00ednguez Santos (www.eloriente.net, M\u00e9xico, 6 de marzo de 2015. Por Dra. Hirery Dom\u00ednguez Santos).- Aprovechando la reciente fecha del d\u00eda de la mujer, deseo compartirles lo vivenciado en la conferencia que impart\u00ed para un foro abierto organizado por una de las universidades de esta regi\u00f3n. Ese d\u00eda llevaba un tema de [&hellip;]<\/p>\n","protected":false},"author":1,"featured_media":20721,"comment_status":"open","ping_status":"open","sticky":false,"template":"","format":"standard","meta":{"_jetpack_memberships_contains_paid_content":false,"footnotes":""},"categories":[624,22,49,32,2604,10,30],"tags":[3425,1006,3426,551,189],"class_list":["post-35753","post","type-post","status-publish","format-standard","has-post-thumbnail","hentry","category-articulistas","category-derechos-humanos","category-destacadas","category-entradas","category-hirery-dominguez","category-lo-mas-reciente","category-salud","tag-dia-de-la-mujer","tag-felicidad","tag-fuerza-para-luchar","tag-mujer","tag-mujeres"],"jetpack_featured_media_url":"http:\/\/www.eloriente.net\/home\/wp-content\/uploads\/2014\/02\/mujer.jpg","jetpack_sharing_enabled":true,"_links":{"self":[{"href":"http:\/\/www.eloriente.net\/home\/wp-json\/wp\/v2\/posts\/35753"}],"collection":[{"href":"http:\/\/www.eloriente.net\/home\/wp-json\/wp\/v2\/posts"}],"about":[{"href":"http:\/\/www.eloriente.net\/home\/wp-json\/wp\/v2\/types\/post"}],"author":[{"embeddable":true,"href":"http:\/\/www.eloriente.net\/home\/wp-json\/wp\/v2\/users\/1"}],"replies":[{"embeddable":true,"href":"http:\/\/www.eloriente.net\/home\/wp-json\/wp\/v2\/comments?post=35753"}],"version-history":[{"count":1,"href":"http:\/\/www.eloriente.net\/home\/wp-json\/wp\/v2\/posts\/35753\/revisions"}],"predecessor-version":[{"id":35756,"href":"http:\/\/www.eloriente.net\/home\/wp-json\/wp\/v2\/posts\/35753\/revisions\/35756"}],"wp:featuredmedia":[{"embeddable":true,"href":"http:\/\/www.eloriente.net\/home\/wp-json\/wp\/v2\/media\/20721"}],"wp:attachment":[{"href":"http:\/\/www.eloriente.net\/home\/wp-json\/wp\/v2\/media?parent=35753"}],"wp:term":[{"taxonomy":"category","embeddable":true,"href":"http:\/\/www.eloriente.net\/home\/wp-json\/wp\/v2\/categories?post=35753"},{"taxonomy":"post_tag","embeddable":true,"href":"http:\/\/www.eloriente.net\/home\/wp-json\/wp\/v2\/tags?post=35753"}],"curies":[{"name":"wp","href":"https:\/\/api.w.org\/{rel}","templated":true}]}}