{"id":35811,"date":"2015-03-16T11:21:56","date_gmt":"2015-03-16T17:21:56","guid":{"rendered":"http:\/\/www.eloriente.net\/home\/?p=35811"},"modified":"2015-03-16T11:46:58","modified_gmt":"2015-03-16T17:46:58","slug":"nuestros-abogados-nos-dicen-que-esto-es-un-atropello-a-la-libertad-carmen-aristegui","status":"publish","type":"post","link":"http:\/\/www.eloriente.net\/home\/2015\/03\/16\/nuestros-abogados-nos-dicen-que-esto-es-un-atropello-a-la-libertad-carmen-aristegui\/","title":{"rendered":"Nuestros abogados nos dicen que esto es un atropello a la libertad: Carmen Aristegui"},"content":{"rendered":"<p><script src=\"\/\/pagead2.googlesyndication.com\/pagead\/js\/adsbygoogle.js\" async=\"\"><\/script><!-- BANNER ELORIENTE INCRUSTADO NOTAS --> <ins class=\"adsbygoogle\" style=\"display: inline-block; width: 300px; height: 250px;\" data-ad-client=\"ca-pub-1136171134853753\" data-ad-slot=\"7974633627\"><\/ins><script>\/\/ <![CDATA[\n(adsbygoogle = window.adsbygoogle || []).push({});\n\/\/ ]]><\/script><\/p>\n<p>&nbsp;<\/p>\n<p>&nbsp;<\/p>\n<p>&nbsp;<\/p>\n<p>(<a href=\"www.eloriente.net\" target=\"_blank\">www.eloriente.net<\/a>, M\u00e9xico, 16 de marzo de 2015).- \u00abNuestros abogados nos dicen que no tienen derecho a hacer lo que est\u00e1n haciendo, nos dicen que vamos a dar la batalla\u00bb, declar\u00f3 esta ma\u00f1ana la periodista Carmen Aristegui en sus primeras expresiones p\u00fablicas, luego de que ayer la empresa MVS anunciara que daba por terminada la relaci\u00f3n de trabajo que sosten\u00edan.<\/p>\n<p>\u00abLamentamos, sinceramente, el t\u00e9rmino de la relaci\u00f3n laboral con la periodista Carmen Aristegui y le deseamos buena suerte en su desarrollo profesional futuro\u00bb, fueron las l\u00edneas definitivas <a href=\"http:\/\/www.noticiasmvs.com\/#!\/noticias\/mvs-radio-no-acepta-el-ultimatum-de-carmen-aristegui-914.html\" target=\"_blank\">del comunicado de ayer de MVS, <\/a>que puede consultarse en este v\u00ednculo.<\/p>\n<p>Ante esta situaci\u00f3n, desde temprana hora se corri\u00f3 la voz de que Aristegui acudir\u00eda hoy a MVS junto con sus colaboradores. All\u00ed, dijo, que estar\u00eda reuni\u00e9ndose con su equipo de trabajo para evaluar las decisiones que MVS ha tomado en las \u00faltimas horas: \u00abpara instrumentar algo que tiene todos los visos de haber sido planeado con mucha anticipaci\u00f3n, con muchos recursos y con mucho poder\u00bb.<br \/>\n<iframe loading=\"lazy\" src=\"https:\/\/www.youtube.com\/embed\/ob187qSi9Q0\" width=\"560\" height=\"315\" frameborder=\"0\" allowfullscreen=\"allowfullscreen\"><\/iframe><\/p>\n<p>Por su parte, CNN en Espa\u00f1ol reiter\u00f3 que Aristegui continuar\u00e1 como presentadora de la Cadena y que su programa de entrevistas \u00abs\u00ed continuar\u00e1 al aire\u00bb.<br \/>\n<iframe loading=\"lazy\" src=\"https:\/\/www.youtube.com\/embed\/HNc9LPQ8ynY\" width=\"560\" height=\"315\" frameborder=\"0\" allowfullscreen=\"allowfullscreen\"><\/iframe><\/p>\n<p>El mensaje de hoy y la situaci\u00f3n en general ha despertado una serie de reacciones en M\u00e9xico, principalmente en redes sociales. Salvador Camarena, por ejemplo, Jefe de Informaci\u00f3n de Noticias MVS con Carmen Aristegui, se\u00f1al\u00f3:<\/p>\n<p>&nbsp;<\/p>\n<blockquote class=\"twitter-tweet\" lang=\"es\"><p>Es un gran orgullo ser despedido de MVS por formar parte del equipo de Carmen Aristegui. Gracias Carmen. Seguimos <a href=\"https:\/\/twitter.com\/hashtag\/EndefensadeAristegui2?src=hash\">#EndefensadeAristegui2<\/a><\/p>\n<p>\u2014 iSalvador Camarena (@SalCamarena) <a href=\"https:\/\/twitter.com\/SalCamarena\/status\/577447327637475329\">marzo 16, 2015<\/a><\/p><\/blockquote>\n<p><script src=\"\/\/platform.twitter.com\/widgets.js\" async=\"\" charset=\"utf-8\"><\/script>Los comentaristas Denise Dresser y Enrique Galv\u00e1n, tambi\u00e9n hicieron p\u00fablicos sus desacuerdos con la decisi\u00f3n y sus respectivos retiros de la empresa noticiosa: \u00a0 <\/p>\n<blockquote class=\"twitter-tweet\" lang=\"es\"><p>MVS da por terminada su relaci\u00f3n con Carmen Aristegui. Yo doy por terminada mi relaci\u00f3n con MVS <a href=\"http:\/\/t.co\/jzhVnUh39l\">http:\/\/t.co\/jzhVnUh39l<\/a> \u2014 Denise Dresser (@DeniseDresserG) <a href=\"https:\/\/twitter.com\/DeniseDresserG\/status\/577316823844020224\">marzo 16, 2015<\/a><\/p><\/blockquote>\n<p><script src=\"\/\/platform.twitter.com\/widgets.js\" async=\"\" charset=\"utf-8\"><\/script><\/p>\n<blockquote class=\"twitter-tweet\" lang=\"es\"><p>MVS anuncia que da por concluida su relaci\u00f3n con <a href=\"https:\/\/twitter.com\/AristeguiOnline\">@AristeguiOnline<\/a> . Me voy tambi\u00e9n. Ser\u00e1 la segunda vez.<\/p>\n<p>\u2014 Enrique Galvan Ochoa (@galvanochoa) <a href=\"https:\/\/twitter.com\/galvanochoa\/status\/577323432062275584\">marzo 16, 2015<\/a><\/p>\n<p>&nbsp;<\/p>\n<p>Dar\u00edo Ram\u00edrez, director de Art\u00edculo 19 difundi\u00f3 im\u00e1genes de esta ma\u00f1ana:<\/p>\n<p>&nbsp;<\/p>\n<blockquote class=\"twitter-tweet\" lang=\"es\"><p>Lleg\u00f3 <a href=\"https:\/\/twitter.com\/hashtag\/Aristegui?src=hash\">#Aristegui<\/a> a MVS <a href=\"http:\/\/t.co\/52ceUSIX2c\">pic.twitter.com\/52ceUSIX2c<\/a><\/p>\n<p>\u2014 Dar\u00edo Ram\u00edrez (@Dariormrs) <a href=\"https:\/\/twitter.com\/Dariormrs\/status\/577488798608592896\">marzo 16, 2015<\/a><\/p><\/blockquote>\n<p><script src=\"\/\/platform.twitter.com\/widgets.js\" async=\"\" charset=\"utf-8\"><\/script>\n<\/p><\/blockquote>\n<p>&nbsp;<\/p>\n<blockquote class=\"twitter-tweet\" lang=\"es\"><p><a href=\"https:\/\/twitter.com\/hashtag\/Aristegui?src=hash\">#Aristegui<\/a> fuera de MVS <a href=\"http:\/\/t.co\/5eXbUDQuvV\">pic.twitter.com\/5eXbUDQuvV<\/a> \u2014 Dar\u00edo Ram\u00edrez (@Dariormrs) <a href=\"https:\/\/twitter.com\/Dariormrs\/status\/577489402852556800\">marzo 16, 2015<\/a> \u00a0 <a href=\"http:\/\/www.eloriente.net\/home\/wp-content\/uploads\/2015\/03\/DARIO-RAMI\u0301REZ-FOTO-CARMEN-ARISTEGUI-MVS.png\"><img loading=\"lazy\" decoding=\"async\" class=\"alignnone  wp-image-35812\" src=\"http:\/\/www.eloriente.net\/home\/wp-content\/uploads\/2015\/03\/DARIO-RAMI\u0301REZ-FOTO-CARMEN-ARISTEGUI-MVS.png\" alt=\"DARIO RAMI\u0301REZ FOTO CARMEN ARISTEGUI MVS\" width=\"396\" height=\"343\" srcset=\"http:\/\/www.eloriente.net\/home\/wp-content\/uploads\/2015\/03\/DARIO-RAMI\u0301REZ-FOTO-CARMEN-ARISTEGUI-MVS.png 676w, http:\/\/www.eloriente.net\/home\/wp-content\/uploads\/2015\/03\/DARIO-RAMI\u0301REZ-FOTO-CARMEN-ARISTEGUI-MVS-300x260.png 300w\" sizes=\"(max-width: 396px) 100vw, 396px\" \/><\/a> <strong>OTRAS ENTRADAS:<\/strong> <\/p>\n<div id=\"post-35392\" class=\"post-35392 post type-post status-publish format-standard has-post-thumbnail hentry category-congreso-y-justicia category-derechos-humanos category-entradas category-estados category-mexico-y-el-mundo category-oaxaca-estados category-principal tag-autoridades tag-carcel tag-justicia tag-libertad tag-mexico tag-sistema-penal entry loop-default border_bottom_30\">\n<h2 class=\"entry_title\"><a title=\"Enlace Permanente a A diario 250 personas son privadas de su libertad en M\u00e9xico: Marco Lara Klahr\" href=\"http:\/\/www.eloriente.net\/home\/2015\/02\/11\/a-diario-250-personas-son-privadas-de-su-libertad-en-mexico-marco-lara-klahr\/\" rel=\"bookmark\">A diario 250 personas son privadas de su libertad en M\u00e9xico: Marco Lara Klahr<\/a><\/h2>\n<p><a href=\"http:\/\/www.eloriente.net\/home\/2015\/02\/11\/a-diario-250-personas-son-privadas-de-su-libertad-en-mexico-marco-lara-klahr\/\" rel=\"bookmark\"><img decoding=\"async\" class=\"alignleft\" title=\"A diario 250 personas son privadas de su libertad en M\u00e9xico: Marco Lara Klahr\" src=\"http:\/\/www.eloriente.net\/home\/wp-content\/themes\/city-desk\/timthumb.php?src=http%3A%2F%2Fwww.eloriente.net%2Fhome%2Fwp-content%2Fuploads%2F2015%2F02%2FIMG_6557-e1423684136236.jpg&amp;q=90&amp;w=160&amp;h=106&amp;zc=1\" alt=\"A diario 250 personas son privadas de su libertad en M\u00e9xico: Marco Lara Klahr\" \/><\/a> (www.eloriente.net, M\u00e9xico, 11 de Febrero del 2014, Por Liliana Z\u00e1rate).- Con el tema \u201c\u00bfVigilar o castigar? Desaf\u00edos del periodismo judicial ante la crisis de seguridad y la reforma penal\u201d, \u00a0Marco Lara Klahr periodista judicial y defensor de los derechos humanos, imparti\u00f3 conferencia en el auditorio del Tribunal Superior de Justicia del Estado (TSJE) en Oaxaca, [\u2026] <span class=\"meta_date\">febrero 11, 2015<\/span>\n<\/div>\n<p>&nbsp;<\/p>\n<div id=\"post-32301\" class=\"post-32301 post type-post status-publish format-standard has-post-thumbnail hentry category-comunicados-y-boletines category-congreso-y-justicia category-entradas category-lo-mas-reciente category-oaxaca-estados tag-tsj entry loop-default border_bottom_30\">\n<h2 class=\"entry_title\"><a title=\"Enlace Permanente a La libertad no puede someterse a plazos excesivos\" href=\"http:\/\/www.eloriente.net\/home\/2014\/09\/17\/la-libertad-no-puede-someterse-a-plazos-excesivos\/\" rel=\"bookmark\">La libertad no puede someterse a plazos excesivos<\/a><\/h2>\n<p><a href=\"http:\/\/www.eloriente.net\/home\/2014\/09\/17\/la-libertad-no-puede-someterse-a-plazos-excesivos\/\" rel=\"bookmark\"><img decoding=\"async\" class=\"alignleft\" title=\"La libertad no puede someterse a plazos excesivos\" src=\"http:\/\/www.eloriente.net\/home\/wp-content\/themes\/city-desk\/timthumb.php?src=http%3A%2F%2Fwww.eloriente.net%2Fhome%2Fwp-content%2Fuploads%2F2014%2F09%2Fpresos-ind%C3%ADgenas-beneficiados.jpg&amp;q=90&amp;w=160&amp;h=106&amp;zc=1\" alt=\"La libertad no puede someterse a plazos excesivos\" \/><\/a> eloriente.net \/ Tribunal Superior de Justicia 17\/septiembre\/2014 En el marco de la conmemoraci\u00f3n del Inicio de la Independencia, presos ind\u00edgenas obtuvieron constancias de libertad bajo cauci\u00f3n, beneficios preliberacionales y reducciones de condena:\u00a0\u201cLa libertad no s\u00f3lo es un discurso pol\u00edtico o social emancipador, sino la base sobre la que se construye toda posibilidad de desarrollo, bienestar [\u2026] <span class=\"meta_date\">septiembre 17, 2014<\/span>\n<\/div>\n<p>&nbsp;<\/p>\n<div id=\"post-26649\" class=\"post-26649 post type-post status-publish format-standard has-post-thumbnail hentry category-colaboradores category-entradas category-lo-mas-reciente category-mexico-y-el-mundo category-miguel-carbonell tag-gobierno tag-indice tag-libertad tag-miguel-carbonell-2 tag-mundo tag-periodismo tag-prensa entry loop-default border_bottom_30\">\n<h2 class=\"entry_title\"><a title=\"Enlace Permanente a \u00cdndice Mundial de la Libertad de Prensa 2014\" href=\"http:\/\/www.eloriente.net\/home\/2014\/05\/27\/indice-mundial-de-la-libertad-de-prensa-2014\/\" rel=\"bookmark\">\u00cdndice Mundial de la Libertad de Prensa 2014<\/a><\/h2>\n<p><a href=\"http:\/\/www.eloriente.net\/home\/2014\/05\/27\/indice-mundial-de-la-libertad-de-prensa-2014\/\" rel=\"bookmark\"><img decoding=\"async\" class=\"alignleft\" title=\"\u00cdndice Mundial de la Libertad de Prensa 2014\" src=\"http:\/\/www.eloriente.net\/home\/wp-content\/themes\/city-desk\/timthumb.php?src=http%3A%2F%2Fwww.eloriente.net%2Fhome%2Fwp-content%2Fuploads%2F2014%2F05%2FReportero-Por-juantiagues.jpg&amp;q=90&amp;w=160&amp;h=106&amp;zc=1\" alt=\"\u00cdndice Mundial de la Libertad de Prensa 2014\" \/><\/a> eloriente.net 27 de mayo de 2014 Por: Miguel Carbonell La ONG Reporteros sin Fronteras present\u00f3 el \u201c\u00cdndice Mundial de la Libertad de Prensa 2014\u201d, donde se hace una clasificaci\u00f3n de 180 pa\u00edses respecto al grado de libertad que los periodistas, organizaciones\u00a0de noticias y los internautas disfrutan en cada pa\u00eds, as\u00ed como de los esfuerzos realizados [\u2026] <span class=\"meta_date\">mayo 27, 2014<\/span>\n<\/div>\n<\/blockquote>\n<p><script src=\"\/\/platform.twitter.com\/widgets.js\" async=\"\" charset=\"utf-8\"><\/script><\/p>\n\n\t\t\t  <div \n\t\t\t  \tclass = \"fb-comments\" \n\t\t\t  \tdata-href = \"http:\/\/www.eloriente.net\/home\/2015\/03\/16\/nuestros-abogados-nos-dicen-que-esto-es-un-atropello-a-la-libertad-carmen-aristegui\/\"\n\t\t\t  \tdata-numposts = \"10\"\n\t\t\t\tdata-colorscheme = \"dark\"\n\t\t\t\tdata-order-by = \"social\"\n\t\t\t\tdata-mobile=true>\n\t\t\t  <\/div>\n\t\t  <style>\n\t\t\t.fb_iframe_widget_fluid_desktop iframe {\n\t\t\t    width: 100% !important;\n\t\t\t}\n\t\t  <\/style>\n\t\t  ","protected":false},"excerpt":{"rendered":"<p>&nbsp; &nbsp; &nbsp; (www.eloriente.net, M\u00e9xico, 16 de marzo de 2015).- \u00abNuestros abogados nos dicen que no tienen derecho a hacer lo que est\u00e1n haciendo, nos dicen que vamos a dar la batalla\u00bb, declar\u00f3 esta ma\u00f1ana la periodista Carmen Aristegui en sus primeras expresiones p\u00fablicas, luego de que ayer la empresa MVS anunciara que daba por [&hellip;]<\/p>\n","protected":false},"author":1,"featured_media":35812,"comment_status":"open","ping_status":"open","sticky":false,"template":"","format":"standard","meta":{"_jetpack_memberships_contains_paid_content":false,"footnotes":""},"categories":[22,32,10,24,31],"tags":[210,217,1542,141],"class_list":["post-35811","post","type-post","status-publish","format-standard","has-post-thumbnail","hentry","category-derechos-humanos","category-entradas","category-lo-mas-reciente","category-mexico-y-el-mundo","category-principal","tag-aristegui","tag-derechos-humanos-2","tag-libertad-de-expresion","tag-mexico"],"jetpack_featured_media_url":"http:\/\/www.eloriente.net\/home\/wp-content\/uploads\/2015\/03\/DARIO-RAMI\u0301REZ-FOTO-CARMEN-ARISTEGUI-MVS.png","jetpack_sharing_enabled":true,"_links":{"self":[{"href":"http:\/\/www.eloriente.net\/home\/wp-json\/wp\/v2\/posts\/35811"}],"collection":[{"href":"http:\/\/www.eloriente.net\/home\/wp-json\/wp\/v2\/posts"}],"about":[{"href":"http:\/\/www.eloriente.net\/home\/wp-json\/wp\/v2\/types\/post"}],"author":[{"embeddable":true,"href":"http:\/\/www.eloriente.net\/home\/wp-json\/wp\/v2\/users\/1"}],"replies":[{"embeddable":true,"href":"http:\/\/www.eloriente.net\/home\/wp-json\/wp\/v2\/comments?post=35811"}],"version-history":[{"count":2,"href":"http:\/\/www.eloriente.net\/home\/wp-json\/wp\/v2\/posts\/35811\/revisions"}],"predecessor-version":[{"id":35814,"href":"http:\/\/www.eloriente.net\/home\/wp-json\/wp\/v2\/posts\/35811\/revisions\/35814"}],"wp:featuredmedia":[{"embeddable":true,"href":"http:\/\/www.eloriente.net\/home\/wp-json\/wp\/v2\/media\/35812"}],"wp:attachment":[{"href":"http:\/\/www.eloriente.net\/home\/wp-json\/wp\/v2\/media?parent=35811"}],"wp:term":[{"taxonomy":"category","embeddable":true,"href":"http:\/\/www.eloriente.net\/home\/wp-json\/wp\/v2\/categories?post=35811"},{"taxonomy":"post_tag","embeddable":true,"href":"http:\/\/www.eloriente.net\/home\/wp-json\/wp\/v2\/tags?post=35811"}],"curies":[{"name":"wp","href":"https:\/\/api.w.org\/{rel}","templated":true}]}}