{"id":35931,"date":"2015-03-30T10:11:15","date_gmt":"2015-03-30T16:11:15","guid":{"rendered":"http:\/\/www.eloriente.net\/home\/?p=35931"},"modified":"2015-03-30T10:11:15","modified_gmt":"2015-03-30T16:11:15","slug":"censura-y-autocensura-derecho-a-la-libertad-de-expresion-en-mexico-por-ana-luisa-nerio","status":"publish","type":"post","link":"http:\/\/www.eloriente.net\/home\/2015\/03\/30\/censura-y-autocensura-derecho-a-la-libertad-de-expresion-en-mexico-por-ana-luisa-nerio\/","title":{"rendered":"Censura y autocensura: derecho a la libertad de expresi\u00f3n en M\u00e9xico, por Ana Luisa Nerio"},"content":{"rendered":"<p><script src=\"\/\/pagead2.googlesyndication.com\/pagead\/js\/adsbygoogle.js\" async=\"\"><\/script><!-- BANNER ELORIENTE INCRUSTADO NOTAS --> <ins class=\"adsbygoogle\" style=\"display: inline-block; width: 300px; height: 250px;\" data-ad-client=\"ca-pub-1136171134853753\" data-ad-slot=\"7974633627\"><\/ins><script>\/\/ <![CDATA[\n(adsbygoogle = window.adsbygoogle || []).push({});\n\/\/ ]]><\/script><\/p>\n<p>&nbsp;<\/p>\n<p>&nbsp;<\/p>\n<p>&nbsp;<\/p>\n<p>www.eloriente.net\/<a href=\"http:\/\/enfoquedh.blogspot.mx\" target=\"_blank\">Enfoque DH<\/a><\/p>\n<p>30 de marzo de 2015<\/p>\n<p style=\"text-align: right;\">Por: Ana Luisa Nerio Monroy*<\/p>\n<p>Los derechos a la libertad de expresi\u00f3n y a recibir informaci\u00f3n est\u00e1n reconocidos en diversos instrumentos internacionales de derechos humanos: Declaraci\u00f3n Universal de Derechos Humanos (Art. 19), el Pacto Internacional de Derechos Civiles y Pol\u00edticos (Art. 19), Convenci\u00f3n Americana de Derechos Humanos (Art. 13). Estos derechos han sido defendidos a lo largo de la historia por su importancia para la construcci\u00f3n de sociedades m\u00e1s democr\u00e1ticas, justas y equitativas. Como parte de un ejercicio profesional, est\u00e1n ligados a quienes ejercen labores de comunicaci\u00f3n y periodismo.<\/p>\n<p>Las y los periodistas y comunicadores (en adelante me referir\u00e9 indistintamente a comunicador o periodista, por econom\u00eda en la escritura), son uno de los gremios m\u00e1s vulnerables en nuestro pa\u00eds. La organizaci\u00f3n internacional Reporteros Sin Fronteras calific\u00f3 a M\u00e9xico, a fines del 2014, como el pa\u00eds m\u00e1s peligroso de Am\u00e9rica Latina para ejercer el periodismo. Los 81 asesinatos de periodistas registrados de enero de 2001 a septiembre de 2014 dan cuenta de ello. Durante el sexenio del presidente Felipe Calder\u00f3n la situaci\u00f3n para las y los periodistas ya era muy complicada y de gran peligro pero los datos actuales indican que las cosas est\u00e1n empeorando. Una posible diferencia es la manera que se est\u00e1 callando a algunas voces mediante la censura, y las diversas estrategias que llevan al comunicador\/a la autocensura a partir de infundirle miedo, del chantaje (incluyendo asuntos de la esfera personal o vida privada) o del cierre de opciones para un ejercicio libre del periodismo y la comunicaci\u00f3n.<\/p>\n<p>La inacci\u00f3n de las autoridades permite que los ataques se realicen sin que nadie sea investigado, juzgado y castigado por ello. La falta de investigaci\u00f3n y castigo a quienes agreden a periodistas tiene, entre otros efectos, la autocensura. Muchos periodistas han bajado su perfil o dejaron de publicar. Bajo tal situaci\u00f3n pueden encontrarse los estados de Chihuahua y Tamaulipas, mencionados en el informe \u201cEstado de Censura\u201d (<a href=\"https:\/\/es.scribd.com\/doc\/259296791\/Estado-de-censura-Informe-2014-sobre-violencia-contra-la-prensa\">https:\/\/es.scribd.com\/doc\/259296791\/Estado-de-censura-Informe-2014-sobre-violencia-contra-la-prensa<\/a>) de la organizaci\u00f3n Art\u00edculo 19 y presentado el pasado 24 de marzo. Fue tal el ataque que las y los periodistas recibieron por parte del crimen organizado durante la llamada durante el sexenio pasado que en lo que va de la actual administraci\u00f3n, la denuncia de agresiones ha bajado, no porque \u00e9stas no existan, sino porque se ha dejado de difundir informaci\u00f3n ante el temor de las represalias de los grupos delictivos establecidos en esas entidades.<\/p>\n<p>La organizaci\u00f3n Art\u00edculo 19 se\u00f1ala que durante los dos primeros a\u00f1os del gobierno del presidente Enrique Pe\u00f1a Nieto las agresiones contra las y los periodistas se han incrementado un 80 por ciento. Mientras que 54 periodistas fueron asesinados durante el periodo 2006-2012, en los dos primeros a\u00f1os de la administraci\u00f3n del presidente Pe\u00f1a Nieto ya van nueve, entre \u00e9stos Gregorio Jim\u00e9nez Cruz, el d\u00e9cimo primer periodista asesinado durante el gobierno de Javier Duarte en Veracruz, y el quinto durante lo que va de la presidencia de Enrique Pe\u00f1a Nieto.<\/p>\n<p>&nbsp;<\/p>\n<p><a href=\"http:\/\/www.eloriente.net\/home\/wp-content\/uploads\/2015\/02\/TELEVISION-CC-ANDREW-HARRER.jpg\"><img loading=\"lazy\" decoding=\"async\" class=\"alignnone size-full wp-image-35427\" src=\"http:\/\/www.eloriente.net\/home\/wp-content\/uploads\/2015\/02\/TELEVISION-CC-ANDREW-HARRER.jpg\" alt=\"TELEVISION CC ANDREW HARRER\" width=\"500\" height=\"337\" srcset=\"http:\/\/www.eloriente.net\/home\/wp-content\/uploads\/2015\/02\/TELEVISION-CC-ANDREW-HARRER.jpg 500w, http:\/\/www.eloriente.net\/home\/wp-content\/uploads\/2015\/02\/TELEVISION-CC-ANDREW-HARRER-300x202.jpg 300w\" sizes=\"(max-width: 500px) 100vw, 500px\" \/><\/a><\/p>\n<p>&nbsp;<\/p>\n<p>Las agresiones contra periodistas pueden ser de distintos tipos. En 2014 Art\u00edculo 19 document\u00f3 326 agresiones en total; entre \u00e9stas 142 fueron de tipo f\u00edsico\/material; 53 actos de intimidaci\u00f3n\/presi\u00f3n; 45 detenciones arbitrarias; 44 amenazas; 2 actos de criminalizaci\u00f3n; 2 desapariciones; 12 ataques cibern\u00e9ticos, 6 asesinatos; 14 hostigamientos judiciales; 1 desplazamiento; 5 actos de difamaci\u00f3n o calumnia. Estas agresiones son perpetradas generalmente por dos grandes grupos: el crimen organizado y el propio Estado (pol\u00edticos y servidores p\u00fablicos). Los medios impresos son lo que con mayor frecuencia reciben ataques, (48.7 por ciento), aunque los medios digitales no se salvan (28.8 por ciento) y cada vez se presentan m\u00e1s actos de agresi\u00f3n contra \u00e9stos. De los periodistas agredidos el 16 por ciento labora en radio y televisi\u00f3n y 13.4 por ciento son comunicadores independientes y defensores de derechos humanos agredidos cuando realizaban labor de documentaci\u00f3n durante actos de protesta social.<\/p>\n<p>Sobre los medios digitales vale la pena se\u00f1alar que se han convertido en una alternativa importante para poder difundir informaci\u00f3n de manera m\u00e1s independiente y cr\u00edtica, lo que al mismo tiempo ha hecho que se conviertan en foco de ataques como los \u201cciber ataques\u201d y los \u201chackeos\u201d por ejemplo. Por su parte las redes sociales ayudan a difundir informaci\u00f3n de manera muy r\u00e1pida, pero tambi\u00e9n son medios para atacar, desacreditar y agredir a los periodistas.<\/p>\n<p>El incremento considerable de agresiones a mujeres comunicadoras es uno de los temas a destacar del informe de Art\u00edculo 19. A pesar de que el informe no entra al an\u00e1lisis sobre las causas de este aumento, s\u00ed nos obliga a preguntarnos qu\u00e9 est\u00e1 pasando. \u00bfHay m\u00e1s mujeres periodistas? \u00bfHay m\u00e1s mujeres periodistas publicando contenidos que afectan los intereses de alguien en particular? o \u00bfEst\u00e1n denunciando m\u00e1s las agresiones que reciben? Durante la administraci\u00f3n calderonista 192 mujeres sufrieron alguna agresi\u00f3n por su ejercicio profesional, un promedio de 32 al a\u00f1o. En contraste, en s\u00f3lo dos a\u00f1os del gobierno del presidente Enrique Pe\u00f1a Nieto, se han presentado 122 agresiones.<\/p>\n<p>Entre 2006 y 2012, Veracruz, Oaxaca, Distrito Federal, Chihuahua, Tamaulipas, eran los cinco estados con el mayor n\u00famero de agresiones a periodistas. Para 2014 el orden est\u00e1 de la siguiente manera: Distrito Federal, Veracruz, Quintana Roo, Guerrero y Oaxaca. En el Distrito Federal las agresiones contra comunicadores aumentaron sobre todo en eventos o manifestaciones p\u00fablicas de protesta, asunto sobre el que hay que colocar un foco rojo ya que esto va muy ligado a la tendencia a criminalizar la protesta social y a controlar los espacios p\u00fablicos, limitando el derecho de la poblaci\u00f3n a manifestarse de manera libre y pac\u00edfica. Esta tendencia ha ido acompa\u00f1ada de la creaci\u00f3n de legislaciones que pretender \u201cregular\u201d los actos p\u00fablicos de protesta; atentando contra los derechos de la poblaci\u00f3n a la manifestaci\u00f3n pac\u00edfica, la reuni\u00f3n, la circulaci\u00f3n y la protesta social.<\/p>\n<p>Si bien existe el andamiaje legal para proteger a las y los periodistas (la Fiscal\u00eda Especial para la Atenci\u00f3n de Delitos cometidos en contra de la Libertad de Expresi\u00f3n (FEADLE), el Mecanismo de protecci\u00f3n para personas defensoras de derechos humanos y periodistas de la Secretar\u00eda de Gobernaci\u00f3n y la Comisi\u00f3n Nacional de Derechos Humanos (CNDH), \u00e9ste ha resultado inoperante, ineficiente e insuficiente. La impunidad sigue siendo la regla. No hay acceso a la justicia para las y los periodistas v\u00edctimas de agresiones.<\/p>\n<p>En el caso de Mecanismos de protecci\u00f3n para personas defensoras de derechos humanos y periodistas, hay que recordar que no ha podido operar de manera adecuada. Entre otras razones para esta inefectividad est\u00e1 la falta de presupuesto, los cambios en el personal que lo encabezan, la falta de metodolog\u00edas adecuadas para realizar los an\u00e1lisis de riesgo, su incapacidad para prevenir actos que ponen en peligro a las y los periodistas, la falta de recursos humanos y materiales para reaccionar cuando ya existe una agresi\u00f3n, y en general, por la falta de voluntad pol\u00edtica.<\/p>\n<p>A todo esto hay que sumar adem\u00e1s que quienes se supone, deben estar para servir a la ciudadan\u00eda y proteger a la poblaci\u00f3n, agreden a los comunicadores. Los casos en los que los servidores p\u00fablicos hacen un uso prepotente de su posici\u00f3n de poder abundan. Amenazan al periodista que los encuentra en una situaci\u00f3n inc\u00f3moda o que descubre un acto ilegal. La impunidad alcanza adem\u00e1s a familiares, amigos y socios a quienes el pol\u00edtico o servidor p\u00fablico defienden con enorme celo. Este fue el caso del periodista yucateco Edwin Canch\u00e9 quien fue v\u00edctima de tortura, detenci\u00f3n arbitraria y de toda clase de atropellos por las autoridades municipales, por publicar notas critic\u00e1ndolas y haber tomado una fotograf\u00eda del sobrino de un alcalde quien hab\u00eda chocado y da\u00f1ado propiedad privada.<\/p>\n<p>Finalmente no podemos cerrar los ojos ante otro problema crucial cuando de la labor de periodistas y comunicadores se trata. Un gran n\u00famero de ellas y ellos trabaja en condiciones laborales precarias, sin salarios, contratos, prestaciones sociales, seguros m\u00e9dicos pensiones o jubilaci\u00f3n. Las empresas period\u00edsticas o de comunicaci\u00f3n pocas veces cuentan con la voluntad, los conocimientos y los recursos para enfrentar situaciones de riesgo. Suele subestimarse el nivel de riesgo. Esto crea otras vulnerabilidades que el gremio debe revisar para generar las estrategias adecuadas de autoprotecci\u00f3n y respaldos de sus empleadores; sin por ello olvidar que la responsabilidad primaria de la seguridad de cualquier ciudadano es del Estado.<\/p>\n<p>@aluisanerio<\/p>\n<p>&nbsp;<\/p>\n<p><strong>OTRAS ENTRADAS:<\/strong><\/p>\n<div id=\"post-35757\" class=\"post-35757 post type-post status-publish format-standard has-post-thumbnail hentry category-derechos-humanos category-entradas category-lo-mas-reciente category-politica-y-gobierno category-principal tag-derechos-humanos-2 tag-feminismo tag-genero tag-mujeres entry loop-default border_bottom_30\">\n<h2 class=\"entry_title\"><a title=\"Enlace Permanente a Identidad de G\u00e9nero y Derechos Humanos; texto y conferencias de Marcela Lagarde\" href=\"http:\/\/www.eloriente.net\/home\/2015\/03\/07\/identidad-de-genero-y-derechos-humanos-texto-y-conferencias-de-marcela-lagarde\/\" rel=\"bookmark\">Identidad de G\u00e9nero y Derechos Humanos; texto y conferencias de Marcela Lagarde<\/a><\/h2>\n<p><a href=\"http:\/\/www.eloriente.net\/home\/2015\/03\/07\/identidad-de-genero-y-derechos-humanos-texto-y-conferencias-de-marcela-lagarde\/\" rel=\"bookmark\"><img decoding=\"async\" class=\"alignleft\" title=\"Identidad de G\u00e9nero y Derechos Humanos; texto y conferencias de Marcela Lagarde\" src=\"http:\/\/www.eloriente.net\/home\/wp-content\/themes\/city-desk\/timthumb.php?src=http%3A%2F%2Fwww.eloriente.net%2Fhome%2Fwp-content%2Fuploads%2F2015%2F03%2FFEMALE-FRIENDS-MUJERES-CC-HERNAN-PIN%CC%83ERA-e1425762074191.jpg&amp;q=90&amp;w=160&amp;h=106&amp;zc=1\" alt=\"Identidad de G\u00e9nero y Derechos Humanos; texto y conferencias de Marcela Lagarde\" \/><\/a>\u00a0 \u00a0 (www.eloriente.net, M\u00e9xico, 7 de marzo de 2015).- \u201cLas parejas son profundamente disparejas\u201d, dice Marcela Lagarde en la conferencia Desmontando el Mito del Amor Rom\u00e1ntico (2013), para ir demostrando profundas diferencias y desigualdades entre hombres y mujeres. Alcen la mano quienes sean m\u00e1s altas que sus maridos, pregunta la investigadora m\u00e1s adelante. \u00bfCu\u00e1ntas piensas [\u2026]<\/p>\n<p class=\"postmeta\"><span class=\"meta_date\">marzo 7, 2015<\/span><\/p>\n<\/div>\n<div id=\"post-35735\" class=\"post-35735 post type-post status-publish format-standard has-post-thumbnail hentry category-articulistas category-congreso-y-justicia category-derechos-humanos category-destacadas category-entradas category-politica-y-gobierno tag-aministia-internacional tag-derechos-humanos-2 tag-rwanda entry loop-default border_bottom_30\">\n<h2 class=\"entry_title\"><a title=\"Enlace Permanente a \u00bfQu\u00e9 pasa con la visi\u00f3n de derechos humanos en el mundo?, un art\u00edculo de Jos\u00e9 Carlos Moreno\" href=\"http:\/\/www.eloriente.net\/home\/2015\/03\/05\/que-pasa-con-la-vision-de-derechos-humanos-en-el-mundo-un-articulo-de-jose-carlos-moreno\/\" rel=\"bookmark\">\u00bfQu\u00e9 pasa con la visi\u00f3n de derechos humanos en el mundo?, un art\u00edculo de Jos\u00e9 Carlos Moreno<\/a><\/h2>\n<p><a href=\"http:\/\/www.eloriente.net\/home\/2015\/03\/05\/que-pasa-con-la-vision-de-derechos-humanos-en-el-mundo-un-articulo-de-jose-carlos-moreno\/\" rel=\"bookmark\"><img decoding=\"async\" class=\"alignleft\" title=\"\u00bfQu\u00e9 pasa con la visi\u00f3n de derechos humanos en el mundo?, un art\u00edculo de Jos\u00e9 Carlos Moreno\" src=\"http:\/\/www.eloriente.net\/home\/wp-content\/themes\/city-desk\/timthumb.php?src=http%3A%2F%2Fwww.eloriente.net%2Fhome%2Fwp-content%2Fuploads%2F2015%2F03%2FMUJER-TELLING-HER-STORY-CC-JULIEN-HARNEIS.jpg&amp;q=90&amp;w=160&amp;h=106&amp;zc=1\" alt=\"\u00bfQu\u00e9 pasa con la visi\u00f3n de derechos humanos en el mundo?, un art\u00edculo de Jos\u00e9 Carlos Moreno\" \/><\/a>\u00a0 \u00a0 \u00a0 (www.eloriente.net, M\u00e9xico, 5 de marzo de 2015. Por Jos\u00e9 Carlos Moreno*).- 2014, el punto m\u00e1s bajo para los Derechos Humanos en el mundo. As\u00ed lo declara Amnist\u00eda Internacional, una de las organizaciones no gubernamentales con m\u00e1s peso pol\u00edtico y eco medi\u00e1tico del mundo dedicada a la promoci\u00f3n y defensa de Derechos Humanos, [\u2026]<\/p>\n<p>&nbsp;<\/p>\n<p class=\"postmeta\"><span class=\"meta_date\">marzo 5, 2015<\/span><\/p>\n<\/div>\n<div id=\"post-35276\" class=\"post-35276 post type-post status-publish format-standard has-post-thumbnail hentry category-ana-luisa-nerio category-articulistas category-congreso-y-justicia category-derechos-humanos category-entradas category-secciones-oriente category-lo-mas-reciente category-mexico-y-el-mundo category-politica-y-gobierno tag-adolescente tag-ana-luisa-nerio tag-articulistas tag-embarazo tag-riesgo entry loop-default border_bottom_30\">\n<h2 class=\"entry_title\"><a title=\"Enlace Permanente a El embarazo en la adolescencia: un asunto de derechos humanos\" href=\"http:\/\/www.eloriente.net\/home\/2015\/02\/09\/el-embarazo-en-la-adolescencia-un-asunto-de-derechos-humanos\/\" rel=\"bookmark\">El embarazo en la adolescencia: un asunto de derechos humanos<\/a><\/h2>\n<p><a href=\"http:\/\/www.eloriente.net\/home\/2015\/02\/09\/el-embarazo-en-la-adolescencia-un-asunto-de-derechos-humanos\/\" rel=\"bookmark\"><img decoding=\"async\" class=\"alignleft\" title=\"El embarazo en la adolescencia: un asunto de derechos humanos\" src=\"http:\/\/www.eloriente.net\/home\/wp-content\/themes\/city-desk\/timthumb.php?src=http%3A%2F%2Fwww.eloriente.net%2Fhome%2Fwp-content%2Fuploads%2F2015%2F02%2FEmbarazo-CC-Manuel-Padilla.jpg&amp;q=90&amp;w=160&amp;h=106&amp;zc=1\" alt=\"El embarazo en la adolescencia: un asunto de derechos humanos\" \/><\/a>\u00a0 Por: Ana Luisa Nerio Monroy (www.eloriente.net, M\u00e9xico, EnfoqueDH,\u00a09 de Febrero del 2015).- En el pasado mes de enero el Presidente Enrique Pe\u00f1a Nieto anunci\u00f3 la Estrategia Nacional de Prevenci\u00f3n del Embarazo de Adolescentes, cuyo objetivo es que para el a\u00f1o 2030 ya no se presenten embarazos en ni\u00f1as menores de 14 a\u00f1os y se [\u2026]<\/p>\n<p class=\"postmeta\"><span class=\"meta_date\">febrero 9, 2015<\/span><\/p>\n<\/div>\n\n\t\t\t  <div \n\t\t\t  \tclass = \"fb-comments\" \n\t\t\t  \tdata-href = \"http:\/\/www.eloriente.net\/home\/2015\/03\/30\/censura-y-autocensura-derecho-a-la-libertad-de-expresion-en-mexico-por-ana-luisa-nerio\/\"\n\t\t\t  \tdata-numposts = \"10\"\n\t\t\t\tdata-colorscheme = \"dark\"\n\t\t\t\tdata-order-by = \"social\"\n\t\t\t\tdata-mobile=true>\n\t\t\t  <\/div>\n\t\t  <style>\n\t\t\t.fb_iframe_widget_fluid_desktop iframe {\n\t\t\t    width: 100% !important;\n\t\t\t}\n\t\t  <\/style>\n\t\t  ","protected":false},"excerpt":{"rendered":"<p>&nbsp; &nbsp; &nbsp; www.eloriente.net\/Enfoque DH 30 de marzo de 2015 Por: Ana Luisa Nerio Monroy* Los derechos a la libertad de expresi\u00f3n y a recibir informaci\u00f3n est\u00e1n reconocidos en diversos instrumentos internacionales de derechos humanos: Declaraci\u00f3n Universal de Derechos Humanos (Art. 19), el Pacto Internacional de Derechos Civiles y Pol\u00edticos (Art. 19), Convenci\u00f3n Americana de [&hellip;]<\/p>\n","protected":false},"author":1,"featured_media":35427,"comment_status":"open","ping_status":"open","sticky":false,"template":"","format":"standard","meta":{"_jetpack_memberships_contains_paid_content":false,"footnotes":""},"categories":[3285,624,22,32,10,24],"tags":[217,3480],"class_list":["post-35931","post","type-post","status-publish","format-standard","has-post-thumbnail","hentry","category-ana-luisa-nerio","category-articulistas","category-derechos-humanos","category-entradas","category-lo-mas-reciente","category-mexico-y-el-mundo","tag-derechos-humanos-2","tag-medios-de-comunicacion"],"jetpack_featured_media_url":"http:\/\/www.eloriente.net\/home\/wp-content\/uploads\/2015\/02\/TELEVISION-CC-ANDREW-HARRER.jpg","jetpack_sharing_enabled":true,"_links":{"self":[{"href":"http:\/\/www.eloriente.net\/home\/wp-json\/wp\/v2\/posts\/35931"}],"collection":[{"href":"http:\/\/www.eloriente.net\/home\/wp-json\/wp\/v2\/posts"}],"about":[{"href":"http:\/\/www.eloriente.net\/home\/wp-json\/wp\/v2\/types\/post"}],"author":[{"embeddable":true,"href":"http:\/\/www.eloriente.net\/home\/wp-json\/wp\/v2\/users\/1"}],"replies":[{"embeddable":true,"href":"http:\/\/www.eloriente.net\/home\/wp-json\/wp\/v2\/comments?post=35931"}],"version-history":[{"count":1,"href":"http:\/\/www.eloriente.net\/home\/wp-json\/wp\/v2\/posts\/35931\/revisions"}],"predecessor-version":[{"id":35932,"href":"http:\/\/www.eloriente.net\/home\/wp-json\/wp\/v2\/posts\/35931\/revisions\/35932"}],"wp:featuredmedia":[{"embeddable":true,"href":"http:\/\/www.eloriente.net\/home\/wp-json\/wp\/v2\/media\/35427"}],"wp:attachment":[{"href":"http:\/\/www.eloriente.net\/home\/wp-json\/wp\/v2\/media?parent=35931"}],"wp:term":[{"taxonomy":"category","embeddable":true,"href":"http:\/\/www.eloriente.net\/home\/wp-json\/wp\/v2\/categories?post=35931"},{"taxonomy":"post_tag","embeddable":true,"href":"http:\/\/www.eloriente.net\/home\/wp-json\/wp\/v2\/tags?post=35931"}],"curies":[{"name":"wp","href":"https:\/\/api.w.org\/{rel}","templated":true}]}}