{"id":36104,"date":"2015-04-11T11:48:37","date_gmt":"2015-04-11T17:48:37","guid":{"rendered":"http:\/\/www.eloriente.net\/home\/?p=36104"},"modified":"2015-04-16T11:08:11","modified_gmt":"2015-04-16T17:08:11","slug":"aprobacion-de-convenio-138-oit-un-paso-mas-hacia-la-libertad-juan-pablo-vasconcelos","status":"publish","type":"post","link":"http:\/\/www.eloriente.net\/home\/2015\/04\/11\/aprobacion-de-convenio-138-oit-un-paso-mas-hacia-la-libertad-juan-pablo-vasconcelos\/","title":{"rendered":"Aprobaci\u00f3n de Convenio 138 OIT, un paso m\u00e1s hacia la libertad: Juan Pablo Vasconcelos"},"content":{"rendered":"<p><script src=\"\/\/pagead2.googlesyndication.com\/pagead\/js\/adsbygoogle.js\" async=\"\"><\/script><!-- BANNER ELORIENTE INCRUSTADO NOTAS --> <ins class=\"adsbygoogle\" style=\"display: inline-block; width: 300px; height: 250px;\" data-ad-client=\"ca-pub-1136171134853753\" data-ad-slot=\"7974633627\"><\/ins><script>\/\/ <![CDATA[\n(adsbygoogle = window.adsbygoogle || []).push({});\n\/\/ ]]><\/script><br \/>\n*Ratificaci\u00f3n del Convenio 138 de la Organizaci\u00f3n Internacional del Trabajo (OIT) por el Senado de la Rep\u00fablica armoniza a M\u00e9xico con el mundo<\/p>\n<p>*Se necesitan \u2018mejores reflejos\u2019 en el gobierno para capitalizar estos acuerdos nacionales e internacionales, afirma.<\/p>\n<p>(www.eloriente.net, M\u00e9xico, 10 de abril de 2015).- La abolici\u00f3n de la explotaci\u00f3n infantil es un paso fundamental en el \u201ccamino por alcanzar, en definitiva, la libertad humana\u201d, se\u00f1al\u00f3 el escritor Juan Pablo Vasconcelos M\u00e9ndez, luego de conocerse que el martes 7 de abril el Senado de la Rep\u00fablica aval\u00f3 la ratificaci\u00f3n del Ejecutivo Federal del Convenio 138 de la OIT sobre la Edad M\u00ednima de Admisi\u00f3n al Empleo.<\/p>\n<p>Dicho Convenio compromete a los pa\u00edses que lo firman, entre otras cosas, a seguir una pol\u00edtica nacional que asegure la abolici\u00f3n efectiva de trabajo de los ni\u00f1os y a elevar progresivamente la edad de admisi\u00f3n al empleo al trabajo a un nivel que haga posible el m\u00e1s completo desarrollo f\u00edsico y mental de los menores.<\/p>\n<p>Juan Pablo Vasconcelos, quien desde hace varios a\u00f1os efect\u00faa un profundo trabajo de sensibilizaci\u00f3n y comunicaci\u00f3n sobre temas culturales y de bienestar, se\u00f1al\u00f3 que la ratificaci\u00f3n del Convenio es un avance muy importante para el pa\u00eds y particularmente para los cerca de 2 millones de ni\u00f1as y ni\u00f1os que trabajan, y no siempre en las mejores condiciones para su salud, su integridad f\u00edsica y moral.<\/p>\n<p>\u201cEs claro que M\u00e9xico se ha armonizado con el mundo con este acto. El Convenio 138 data del a\u00f1o 1973, as\u00ed que hemos llegado 42 a\u00f1os m\u00e1s tarde a donde siempre debimos haber estado: en un marco de derechos para la ni\u00f1ez, que les evite trabajar en condiciones peligrosas\u201d, dijo.<\/p>\n<p>Luego de afirmar que las ni\u00f1as y ni\u00f1os necesitan estar en las aulas, aprendiendo y desarrollando lo mejor de s\u00ed mismos, Vasconcelos se\u00f1al\u00f3 que en Oaxaca viven 1 mill\u00f3n 54 mil 59 ni\u00f1as y ni\u00f1os entre los 5 y 17 a\u00f1os, de los cuales 72 mil 800 no asiste a la escuela.<\/p>\n<p>La relaci\u00f3n entre Educaci\u00f3n y Trabajo Infantil es muy estrecha, se\u00f1al\u00f3. Por eso, \u201cEn Oaxaca requerimos mejores reflejos para implementar pol\u00edticas de car\u00e1cter social que nos permitan forjar seres humanos m\u00e1s s\u00f3lidos, pues las personas somos Oaxaca\u201d.<\/p>\n<p>Enfatiz\u00f3 que el hecho de contabilizar 674 mil ni\u00f1as y ni\u00f1os sin instrucci\u00f3n o primaria completa en el estado, obliga a replantearlo todo: \u201c\u00bfC\u00f3mo pretender cambiar con esos datos, con esas condiciones? Requerimos Educaci\u00f3n, Cultura y una clara conciencia del bienestar para que ello sea posible. Trabajar por lograr una transformaci\u00f3n interior para cristalizar un cambio exterior\u201d, finaliz\u00f3.<\/p>\n<p>Cabe mencionar que el aval a la ratificaci\u00f3n del Convenio de referencia cont\u00f3 con la unanimidad de votos del Senado de la Rep\u00fablica, sum\u00e1ndose as\u00ed a los 167 que ya hab\u00edan realizado ese acto desde 1976 a la fecha.<\/p>\n<p>Para ver el CONVENIO 138 COMPLETO DA <a href=\"http:\/\/www.ilo.org\/dyn\/normlex\/es\/f?p=NORMLEXPUB:12100:0::NO::P12100_INSTRUMENT_ID:312283\" target=\"_blank\">CLICK AQU\u00cd<\/a><\/p>\n<p><a href=\"http:\/\/www.eloriente.net\/home\/wp-content\/uploads\/2015\/04\/Foto-Juan-Pablo-Vasconcelos-Me\u0301ndez.png\"><img loading=\"lazy\" decoding=\"async\" class=\"alignnone size-medium wp-image-36108\" src=\"http:\/\/www.eloriente.net\/home\/wp-content\/uploads\/2015\/04\/Foto-Juan-Pablo-Vasconcelos-Me\u0301ndez-293x300.png\" alt=\"Foto Juan Pablo Vasconcelos Me\u0301ndez\" width=\"293\" height=\"300\" \/><\/a><\/p>\n<p>Foto: Juan Pablo Vasconcelos M\u00e9ndez\/2015<\/p>\n<p><strong>HISTORIA BASADA EN TESTIMONIOS REALES:<\/strong><br \/>\n<iframe loading=\"lazy\" src=\"https:\/\/w.soundcloud.com\/player\/?url=https%3A\/\/api.soundcloud.com\/tracks\/172729263&amp;auto_play=false&amp;hide_related=false&amp;show_comments=true&amp;show_user=true&amp;show_reposts=false&amp;visual=true\" width=\"100%\" height=\"450\" frameborder=\"no\" scrolling=\"no\"><\/iframe><\/p>\n<p><strong>OTRAS ENTRADAS:<\/strong><\/p>\n<h2 class=\"entry_title\"><a title=\"Enlace Permanente a C\u00edrculos Rotos: Historias sobre trabajo infantil\" href=\"http:\/\/www.eloriente.net\/home\/2014\/10\/20\/circulos-rotos-historias-sobre-trabajo-infantil\/\" rel=\"bookmark\">C\u00edrculos Rotos: Historias sobre trabajo infantil<\/a><\/h2>\n<p><a href=\"http:\/\/www.eloriente.net\/home\/2014\/10\/20\/circulos-rotos-historias-sobre-trabajo-infantil\/\" rel=\"bookmark\"><img decoding=\"async\" class=\"alignleft\" title=\"C\u00edrculos Rotos: Historias sobre trabajo infantil\" src=\"http:\/\/www.eloriente.net\/home\/wp-content\/themes\/city-desk\/timthumb.php?src=http%3A%2F%2Fwww.eloriente.net%2Fhome%2Fwp-content%2Fuploads%2F2013%2F04%2FTrabajo-infantil.png&amp;q=90&amp;w=160&amp;h=106&amp;zc=1\" alt=\"C\u00edrculos Rotos: Historias sobre trabajo infantil\" \/><\/a><\/p>\n<p>eloriente.net 20\/octubre\/2014 \u201cA veces dice uno que olvida, pero no es cierto\u2026 Aunque uno no lo hable, lo lleva uno porque uno lo vivi\u00f3\u201d son las tristes palabras de Irma, quien desde peque\u00f1a estuvo inmersa en trabajo infantil dom\u00e9stico, una forma de trabajo que debe abolirse, pero que es tan com\u00fan en la sociedad que [\u2026]<\/p>\n<p class=\"postmeta\"><span class=\"meta_date\">octubre 20, 2014<\/span><\/p>\n<div id=\"post-34414\" class=\"post-34414 post type-post status-publish format-standard has-post-thumbnail hentry category-infografias category-derechos-humanos category-entradas category-estados category-secciones-oriente category-lo-mas-reciente category-municipios category-oaxaca-estados category-politica-y-gobierno category-principal tag-trabajo-infantil entry loop-default border_bottom_30\">\n<h2 class=\"entry_title\"><a title=\"Enlace Permanente a Trabajo Infantil Agr\u00edcola en Oaxaca\" href=\"http:\/\/www.eloriente.net\/home\/2014\/12\/04\/trabajo-infantil-agricola-en-oaxaca\/\" rel=\"bookmark\">Trabajo Infantil Agr\u00edcola en Oaxaca<\/a><\/h2>\n<p><a href=\"http:\/\/www.eloriente.net\/home\/2014\/12\/04\/trabajo-infantil-agricola-en-oaxaca\/\" rel=\"bookmark\"><img decoding=\"async\" class=\"alignleft\" title=\"Trabajo Infantil Agr\u00edcola en Oaxaca\" src=\"http:\/\/www.eloriente.net\/home\/wp-content\/themes\/city-desk\/timthumb.php?src=http%3A%2F%2Fwww.eloriente.net%2Fhome%2Fwp-content%2Fuploads%2F2014%2F12%2FTrabajo-Infantil1.jpg&amp;q=90&amp;w=160&amp;h=106&amp;zc=1\" alt=\"Trabajo Infantil Agr\u00edcola en Oaxaca\" \/><\/a>(www.eloriente.net \/ Organizaci\u00f3n Internacional del Trabajo, 3 de diciembre 2014). La dependencia del sector agr\u00edcola sigue siendo determinante en muchas comunidades rurales, sin embargo, es un sector caracterizado por un gran n\u00famero de puestos de trabajo poco calificados y mal remunerados, con un gran d\u00e9ficit de trabajo decente y regulaci\u00f3n. Esto explica, en gran medida, [\u2026]<\/p>\n<p class=\"postmeta\"><span class=\"meta_date\">diciembre 4, 2014<\/span><\/p>\n<\/div>\n<div id=\"post-33395\" class=\"post-33395 post type-post status-publish format-standard has-post-thumbnail hentry category-juevesdecineyseries category-cine category-derechos-humanos category-educacion-y-cultura category-entradas category-especiales category-lo-mas-reciente tag-trabajo-infantil entry loop-default border_bottom_30\">\n<h2 class=\"entry_title\"><a title=\"Enlace Permanente a Cinco pel\u00edculas sobre Trabajo Infantil #JuevesdeCine\" href=\"http:\/\/www.eloriente.net\/home\/2014\/10\/23\/cinco-peliculas-sobre-trabajo-infantil-juevesdecine\/\" rel=\"bookmark\">Cinco pel\u00edculas sobre Trabajo Infantil #JuevesdeCine<\/a><\/h2>\n<p><a href=\"http:\/\/www.eloriente.net\/home\/2014\/10\/23\/cinco-peliculas-sobre-trabajo-infantil-juevesdecine\/\" rel=\"bookmark\"><img decoding=\"async\" class=\"alignleft\" title=\"Cinco pel\u00edculas sobre Trabajo Infantil #JuevesdeCine\" src=\"http:\/\/www.eloriente.net\/home\/wp-content\/themes\/city-desk\/timthumb.php?src=http%3A%2F%2Fwww.eloriente.net%2Fhome%2Fwp-content%2Fuploads%2F2014%2F10%2FTrabajo-Infantil-Wagner-T.-Cassimiro.jpg&amp;q=90&amp;w=160&amp;h=106&amp;zc=1\" alt=\"Cinco pel\u00edculas sobre Trabajo Infantil #JuevesdeCine\" \/><\/a>eloriente.net 23\/octubre\/2014 La visi\u00f3n que puede ofrecernos el cine sobre la problem\u00e1tica del trabajo infantil en el mundo, ayuda tambi\u00e9n a lograr que m\u00e1s personas tomen conciencia y formen parte activa para el combate de este fen\u00f3meno. A trav\u00e9s de cinco producciones cinematogr\u00e1ficas que van desde documentales latinoamericanos hasta largometrajes de India, buscamos dar otro [\u2026]<\/p>\n<p class=\"postmeta\"><span class=\"meta_date\">octubre 23, 2014<\/span><\/p>\n<\/div>\n\n\t\t\t  <div \n\t\t\t  \tclass = \"fb-comments\" \n\t\t\t  \tdata-href = \"http:\/\/www.eloriente.net\/home\/2015\/04\/11\/aprobacion-de-convenio-138-oit-un-paso-mas-hacia-la-libertad-juan-pablo-vasconcelos\/\"\n\t\t\t  \tdata-numposts = \"10\"\n\t\t\t\tdata-colorscheme = \"dark\"\n\t\t\t\tdata-order-by = \"social\"\n\t\t\t\tdata-mobile=true>\n\t\t\t  <\/div>\n\t\t  <style>\n\t\t\t.fb_iframe_widget_fluid_desktop iframe {\n\t\t\t    width: 100% !important;\n\t\t\t}\n\t\t  <\/style>\n\t\t  ","protected":false},"excerpt":{"rendered":"<p>*Ratificaci\u00f3n del Convenio 138 de la Organizaci\u00f3n Internacional del Trabajo (OIT) por el Senado de la Rep\u00fablica armoniza a M\u00e9xico con el mundo *Se necesitan \u2018mejores reflejos\u2019 en el gobierno para capitalizar estos acuerdos nacionales e internacionales, afirma. (www.eloriente.net, M\u00e9xico, 10 de abril de 2015).- La abolici\u00f3n de la explotaci\u00f3n infantil es un paso fundamental [&hellip;]<\/p>\n","protected":false},"author":1,"featured_media":36108,"comment_status":"open","ping_status":"open","sticky":false,"template":"","format":"standard","meta":{"_jetpack_memberships_contains_paid_content":false,"footnotes":""},"categories":[91,22,32,13,10,24,23,21],"tags":[217,214,3468,2788],"class_list":["post-36104","post","type-post","status-publish","format-standard","has-post-thumbnail","hentry","category-congreso-y-justicia","category-derechos-humanos","category-entradas","category-especiales","category-lo-mas-reciente","category-mexico-y-el-mundo","category-municipios","category-politica-y-gobierno","tag-derechos-humanos-2","tag-oit","tag-osc","tag-trabajo-infantil"],"jetpack_featured_media_url":"http:\/\/www.eloriente.net\/home\/wp-content\/uploads\/2015\/04\/Foto-Juan-Pablo-Vasconcelos-Me\u0301ndez-e1428774779179.png","jetpack_sharing_enabled":true,"_links":{"self":[{"href":"http:\/\/www.eloriente.net\/home\/wp-json\/wp\/v2\/posts\/36104"}],"collection":[{"href":"http:\/\/www.eloriente.net\/home\/wp-json\/wp\/v2\/posts"}],"about":[{"href":"http:\/\/www.eloriente.net\/home\/wp-json\/wp\/v2\/types\/post"}],"author":[{"embeddable":true,"href":"http:\/\/www.eloriente.net\/home\/wp-json\/wp\/v2\/users\/1"}],"replies":[{"embeddable":true,"href":"http:\/\/www.eloriente.net\/home\/wp-json\/wp\/v2\/comments?post=36104"}],"version-history":[{"count":3,"href":"http:\/\/www.eloriente.net\/home\/wp-json\/wp\/v2\/posts\/36104\/revisions"}],"predecessor-version":[{"id":36139,"href":"http:\/\/www.eloriente.net\/home\/wp-json\/wp\/v2\/posts\/36104\/revisions\/36139"}],"wp:featuredmedia":[{"embeddable":true,"href":"http:\/\/www.eloriente.net\/home\/wp-json\/wp\/v2\/media\/36108"}],"wp:attachment":[{"href":"http:\/\/www.eloriente.net\/home\/wp-json\/wp\/v2\/media?parent=36104"}],"wp:term":[{"taxonomy":"category","embeddable":true,"href":"http:\/\/www.eloriente.net\/home\/wp-json\/wp\/v2\/categories?post=36104"},{"taxonomy":"post_tag","embeddable":true,"href":"http:\/\/www.eloriente.net\/home\/wp-json\/wp\/v2\/tags?post=36104"}],"curies":[{"name":"wp","href":"https:\/\/api.w.org\/{rel}","templated":true}]}}