{"id":36180,"date":"2015-04-13T14:34:19","date_gmt":"2015-04-13T20:34:19","guid":{"rendered":"http:\/\/www.eloriente.net\/home\/?p=36180"},"modified":"2015-04-13T14:57:44","modified_gmt":"2015-04-13T20:57:44","slug":"oaxaca-en-el-informe-anual-2014-de-unicef-mexico","status":"publish","type":"post","link":"http:\/\/www.eloriente.net\/home\/2015\/04\/13\/oaxaca-en-el-informe-anual-2014-de-unicef-mexico\/","title":{"rendered":"Oaxaca en el informe anual 2014 de UNICEF M\u00e9xico"},"content":{"rendered":"<p><script src=\"\/\/pagead2.googlesyndication.com\/pagead\/js\/adsbygoogle.js\" async=\"\"><\/script><!-- BANNER ELORIENTE INCRUSTADO NOTAS --> <ins class=\"adsbygoogle\" style=\"display: inline-block; width: 300px; height: 250px;\" data-ad-client=\"ca-pub-1136171134853753\" data-ad-slot=\"7974633627\"><\/ins><script>\/\/ <![CDATA[\n(adsbygoogle = window.adsbygoogle || []).push({});\n\/\/ ]]><\/script><\/p>\n<p>(eloriente.net, M\u00e9xico, 13\u00a0de abril, 2015, POR: NADIR QUIROZ).- En el informe que\u00a0UNICEF M\u00e9xico present\u00f3 el pasado 10\u00a0de abril, correspondiente al a\u00f1o 2014, resaltan avances alcanzados por el pa\u00eds en materia de protecci\u00f3n, educaci\u00f3n y formulaci\u00f3n de pol\u00edticas p\u00fablicas enfocadas a la protecci\u00f3n de los derechos de ni\u00f1os, ni\u00f1as, j\u00f3venes y adolescentes; pero tambi\u00e9n saltan a la vista estad\u00edsticas nacionales en las que Oaxaca destaca en temas relacionados con pobreza, educaci\u00f3n y desigualdad social.<\/p>\n<p>En t\u00e9rminos generales la poblaci\u00f3n de ni\u00f1os, ni\u00f1as y adolescentes menores de 18 a\u00f1os es de 40 millones de personas en el pa\u00eds, de los cuales m\u00e1s de 20 millones viven en pobreza y aproximadamente 4.7 millones viven en pobreza extrema, \u00e9sta \u00faltima poblaci\u00f3n se encuentra ubicada en comunidades mayoritariamente ind\u00edgenas. De acuerdo a la cifra anterior Oaxaca est\u00e1 colocado en los estados de mayor vulnerabilidad en cuanto a la poblaci\u00f3n infantil se refiere; de acuerdo a\u00a0datos\u00a0proporcionados por CONAPO en el a\u00f1o 2010\u00a0Oaxaca ocup\u00f3 a nivel nacional el lugar 31 en cuanto a un alto \u00edndice de marginaci\u00f3n, esto significa que 6 de cada 10 municipios presentan condiciones de marginaci\u00f3n elevadas.<\/p>\n<p>De igual forma, los datos proporcionados por el informe de UNICEF nos presentan que 1.5 millones de ni\u00f1os y ni\u00f1as menores de 5 a\u00f1os presenta desnutrici\u00f3n cr\u00f3nica en M\u00e9xico, present\u00e1ndose de forma frecuente en comunidades ind\u00edgenas. De acuerdo a lo presentado, 1 de cada 3 ni\u00f1os y ni\u00f1as en zonas rurales de\u00a0Oaxaca es susceptible de\u00a0padecer desnutrici\u00f3n severa.<\/p>\n<p>Seg\u00fan el mismo informe la tasa de mortalidad en ni\u00f1os y ni\u00f1as menores de 5 a\u00f1os sigue siendo alta en estados como Guerrero, Chiapas, Puebla y Oaxaca, a pesar de que la tasa nacional ha disminuido considerablemente en la \u00faltima d\u00e9cada. A la par un documento\u00a0del 2010 llamado \u00abLos derechos de la infancia y la adolescencia en Oaxaca\u00bb presentado por la UNICEF M\u00e9xico en coordinaci\u00f3n con CIESAS- Unidad Pac\u00edfico Sur,\u00a0menciona que las muertes\u00a0maternas est\u00e1n \u00edntimamente ligadas con la muerte de reci\u00e9n nacidos, durante 2010 la tasa de mortalidad infantil de ni\u00f1os que perdieron a sus madres alcanz\u00f3 el 80% y \u00e9stas a su vez ocurrieron en los municipios de menor indice de desarrollo humano en Oaxaca.<\/p>\n<p>El\u00a0informe revela que de acuerdo a las estad\u00edsticas y estado de vulnerabilidad que presenta gran parte de la ni\u00f1ez oaxaque\u00f1a, la UNICEF M\u00e9xico acompa\u00f1\u00f3 a los estados de Jalisco, Puebla, Yucat\u00e1n\u00a0y Oaxaca\u00a0en la construcci\u00f3n de presupuestos de egresos 2015 con una perspectiva de derechos de la infancia, para\u00a0colocar a los ni\u00f1os, ni\u00f1as y adolescentes como uno de los ejes centrales de las pol\u00edticas p\u00fablicas de los gobiernos.<\/p>\n<p>Debido a los altos \u00edndices de violencia contra menores registrados en municipios con mayor\u00a0rezago social, se han impulsado sistemas locales de protecci\u00f3n a los derechos de la ni\u00f1ez, en 2014 se implement\u00f3 en 11 municipios de Chiapas y en 2015 se pretende dar cobertura a municipios de Oaxaca.<\/p>\n<p>Por otro lado UNICEF M\u00e9xico reporta en 2014 la implementaci\u00f3n de\u00a0planes escolares para la reducci\u00f3n de riesgos de desastres en comunidades rurales de\u00a0los estados de Guerrero y Oaxaca en beneficio de\u00a0\u00a01,500 ni\u00f1os y ni\u00f1as de educaci\u00f3n primaria de\u00a040 escuelas.<\/p>\n<p>FUENTE: UNICEF M\u00e9xico.<\/p>\n<p><a href=\"http:\/\/www.eloriente.net\/home\/wp-content\/uploads\/2015\/04\/INFO-UNICEF-MEXICO-OAX.png\"><img loading=\"lazy\" decoding=\"async\" class=\"alignnone  wp-image-36206\" src=\"http:\/\/www.eloriente.net\/home\/wp-content\/uploads\/2015\/04\/INFO-UNICEF-MEXICO-OAX.png\" alt=\"INFO UNICEF MEXICO-OAX\" width=\"511\" height=\"641\" srcset=\"http:\/\/www.eloriente.net\/home\/wp-content\/uploads\/2015\/04\/INFO-UNICEF-MEXICO-OAX.png 673w, http:\/\/www.eloriente.net\/home\/wp-content\/uploads\/2015\/04\/INFO-UNICEF-MEXICO-OAX-238x300.png 238w\" sizes=\"(max-width: 511px) 100vw, 511px\" \/><\/a><\/p>\n<p>&nbsp;<\/p>\n<p><a href=\"https:\/\/www.somosunicef.mx\/InformeAnual2014\/pdf\/InformeAnualUnicef.pdf\" target=\"_blank\"><img loading=\"lazy\" decoding=\"async\" class=\"alignnone  wp-image-36200\" src=\"http:\/\/www.eloriente.net\/home\/wp-content\/uploads\/2015\/04\/INFORME-UNICEF-1024x722.png\" alt=\"INFORME UNICEF\" width=\"702\" height=\"495\" srcset=\"http:\/\/www.eloriente.net\/home\/wp-content\/uploads\/2015\/04\/INFORME-UNICEF-1024x722.png 1024w, http:\/\/www.eloriente.net\/home\/wp-content\/uploads\/2015\/04\/INFORME-UNICEF-300x211.png 300w, http:\/\/www.eloriente.net\/home\/wp-content\/uploads\/2015\/04\/INFORME-UNICEF.png 1188w\" sizes=\"(max-width: 702px) 100vw, 702px\" \/><\/a><\/p>\n<p>Imagen:<a href=\"https:\/\/www.somosunicef.mx\/InformeAnual2014\/pdf\/InformeAnualUnicef.pdf\" target=\"_blank\"> INFORME UNICEF 2014<\/a><\/p>\n<h2 class=\"entry_title\"><a title=\"Enlace Permanente a Infancia con discapacidad, prioridad para UNICEF en Oaxaca\" href=\"http:\/\/www.eloriente.net\/home\/2013\/12\/12\/infancia-con-discapacidad-prioridad-para-unicef-en-oaxaca\/\" rel=\"bookmark\">Infancia con discapacidad, prioridad para UNICEF en Oaxaca<\/a><\/h2>\n<p><a href=\"http:\/\/www.eloriente.net\/home\/2013\/12\/12\/infancia-con-discapacidad-prioridad-para-unicef-en-oaxaca\/\" rel=\"bookmark\"><img decoding=\"async\" class=\"alignleft\" title=\"Infancia con discapacidad, prioridad para UNICEF en Oaxaca\" src=\"http:\/\/www.eloriente.net\/home\/wp-content\/themes\/city-desk\/timthumb.php?src=http%3A%2F%2Fwww.eloriente.net%2Fhome%2Fwp-content%2Fuploads%2F2013%2F12%2Funicef-oax.jpg&amp;q=90&amp;w=160&amp;h=106&amp;zc=1\" alt=\"Infancia con discapacidad, prioridad para UNICEF en Oaxaca\" \/><\/a><\/p>\n<p>eloriente.net 12 de diciembre de 2013 Por: Alejandra Silva Soriano El pasado martes se present\u00f3 en nuestro estado el Informe sobre los Derechos de la infancia y la adolescencia en Oaxaca, un producto del an\u00e1lisis y el trabajo conjunto del equipo t\u00e9cnico de UNICEF en M\u00e9xico, organizaciones gubernamentales y de la sociedad civil. Dicho informe [\u2026]<\/p>\n<p>&nbsp;<\/p>\n<p>&nbsp;<\/p>\n<div id=\"post-13349\" class=\"post-13349 post type-post status-publish format-standard has-post-thumbnail hentry category-entradas category-secciones-oriente category-lo-mas-reciente category-mexico-y-el-mundo category-principal entry loop-default border_bottom_30\">\n<h2 class=\"entry_title\"><a title=\"Enlace Permanente a Ni\u00f1os con discapacidad, dentro de los grupos m\u00e1s marginados: UNICEF\" href=\"http:\/\/www.eloriente.net\/home\/2013\/06\/21\/ninos-con-discapacidad-dentro-de-los-grupos-mas-marginados-unicef\/\" rel=\"bookmark\">Ni\u00f1os con discapacidad, dentro de los grupos m\u00e1s marginados: UNICEF<\/a><\/h2>\n<p><a href=\"http:\/\/www.eloriente.net\/home\/2013\/06\/21\/ninos-con-discapacidad-dentro-de-los-grupos-mas-marginados-unicef\/\" rel=\"bookmark\"><img decoding=\"async\" class=\"alignleft\" title=\"Ni\u00f1os con discapacidad, dentro de los grupos m\u00e1s marginados: UNICEF\" src=\"http:\/\/www.eloriente.net\/home\/wp-content\/themes\/city-desk\/timthumb.php?src=http%3A%2F%2Fwww.eloriente.net%2Fhome%2Fwp-content%2Fuploads%2F2013%2F06%2FINFORME-MUNDIAL-UNICEF-NIN%CC%83OS-CON-DISCAPACIDAD.jpg&amp;q=90&amp;w=160&amp;h=106&amp;zc=1\" alt=\"Ni\u00f1os con discapacidad, dentro de los grupos m\u00e1s marginados: UNICEF\" \/><\/a>eloriente.net\/ UNICEF 21 de junio de 2013 eloriente.net (Oaxaca, Oax.) 21 de junio de 2013.- Los ni\u00f1os\u00a0 y ni\u00f1as con discapacidad se encuentran dentro de los grupos m\u00e1s excluidos y marginados de la sociedad y a los que se les cumplen sus derechos en menor grado, as\u00ed lo indic\u00f3 el Informe Estado Mundial de la [\u2026]<\/p>\n<\/div>\n\n\t\t\t  <div \n\t\t\t  \tclass = \"fb-comments\" \n\t\t\t  \tdata-href = \"http:\/\/www.eloriente.net\/home\/2015\/04\/13\/oaxaca-en-el-informe-anual-2014-de-unicef-mexico\/\"\n\t\t\t  \tdata-numposts = \"10\"\n\t\t\t\tdata-colorscheme = \"dark\"\n\t\t\t\tdata-order-by = \"social\"\n\t\t\t\tdata-mobile=true>\n\t\t\t  <\/div>\n\t\t  <style>\n\t\t\t.fb_iframe_widget_fluid_desktop iframe {\n\t\t\t    width: 100% !important;\n\t\t\t}\n\t\t  <\/style>\n\t\t  ","protected":false},"excerpt":{"rendered":"<p>(eloriente.net, M\u00e9xico, 13\u00a0de abril, 2015, POR: NADIR QUIROZ).- En el informe que\u00a0UNICEF M\u00e9xico present\u00f3 el pasado 10\u00a0de abril, correspondiente al a\u00f1o 2014, resaltan avances alcanzados por el pa\u00eds en materia de protecci\u00f3n, educaci\u00f3n y formulaci\u00f3n de pol\u00edticas p\u00fablicas enfocadas a la protecci\u00f3n de los derechos de ni\u00f1os, ni\u00f1as, j\u00f3venes y adolescentes; pero tambi\u00e9n saltan a [&hellip;]<\/p>\n","protected":false},"author":57,"featured_media":36200,"comment_status":"open","ping_status":"open","sticky":false,"template":"","format":"standard","meta":{"_jetpack_memberships_contains_paid_content":false,"footnotes":""},"categories":[1547,49,63,35,10,24,464,31,1],"tags":[3287,3400,1102,2045],"class_list":["post-36180","post","type-post","status-publish","format-standard","has-post-thumbnail","hentry","category-infografias","category-destacadas","category-estados","category-secciones-oriente","category-lo-mas-reciente","category-mexico-y-el-mundo","category-oaxaca-estados","category-principal","category-uncategorized","tag-derechos-infancia","tag-estadisticas","tag-infancia","tag-unicef"],"jetpack_featured_media_url":"http:\/\/www.eloriente.net\/home\/wp-content\/uploads\/2015\/04\/INFORME-UNICEF.png","jetpack_sharing_enabled":true,"_links":{"self":[{"href":"http:\/\/www.eloriente.net\/home\/wp-json\/wp\/v2\/posts\/36180"}],"collection":[{"href":"http:\/\/www.eloriente.net\/home\/wp-json\/wp\/v2\/posts"}],"about":[{"href":"http:\/\/www.eloriente.net\/home\/wp-json\/wp\/v2\/types\/post"}],"author":[{"embeddable":true,"href":"http:\/\/www.eloriente.net\/home\/wp-json\/wp\/v2\/users\/57"}],"replies":[{"embeddable":true,"href":"http:\/\/www.eloriente.net\/home\/wp-json\/wp\/v2\/comments?post=36180"}],"version-history":[{"count":11,"href":"http:\/\/www.eloriente.net\/home\/wp-json\/wp\/v2\/posts\/36180\/revisions"}],"predecessor-version":[{"id":36207,"href":"http:\/\/www.eloriente.net\/home\/wp-json\/wp\/v2\/posts\/36180\/revisions\/36207"}],"wp:featuredmedia":[{"embeddable":true,"href":"http:\/\/www.eloriente.net\/home\/wp-json\/wp\/v2\/media\/36200"}],"wp:attachment":[{"href":"http:\/\/www.eloriente.net\/home\/wp-json\/wp\/v2\/media?parent=36180"}],"wp:term":[{"taxonomy":"category","embeddable":true,"href":"http:\/\/www.eloriente.net\/home\/wp-json\/wp\/v2\/categories?post=36180"},{"taxonomy":"post_tag","embeddable":true,"href":"http:\/\/www.eloriente.net\/home\/wp-json\/wp\/v2\/tags?post=36180"}],"curies":[{"name":"wp","href":"https:\/\/api.w.org\/{rel}","templated":true}]}}