{"id":36193,"date":"2015-04-13T13:28:16","date_gmt":"2015-04-13T19:28:16","guid":{"rendered":"http:\/\/www.eloriente.net\/home\/?p=36193"},"modified":"2015-04-13T13:28:16","modified_gmt":"2015-04-13T19:28:16","slug":"abre-inscripciones-gratuitas-reto-21-dias-de-meditacion-con-deepak-chopra-e-ismael-cala","status":"publish","type":"post","link":"http:\/\/www.eloriente.net\/home\/2015\/04\/13\/abre-inscripciones-gratuitas-reto-21-dias-de-meditacion-con-deepak-chopra-e-ismael-cala\/","title":{"rendered":"Abre inscripciones gratuitas Reto 21 d\u00edas de meditaci\u00f3n con Deepak Chopra e Ismael Cala"},"content":{"rendered":"<p><script src=\"\/\/pagead2.googlesyndication.com\/pagead\/js\/adsbygoogle.js\" async=\"\"><\/script><!-- BANNER ELORIENTE INCRUSTADO NOTAS --> <ins class=\"adsbygoogle\" style=\"display: inline-block; width: 300px; height: 250px;\" data-ad-client=\"ca-pub-1136171134853753\" data-ad-slot=\"7974633627\"><\/ins><script>\/\/ <![CDATA[\n(adsbygoogle = window.adsbygoogle || []).push({});\n\/\/ ]]><\/script><br \/>\n&nbsp;<\/p>\n<p>&nbsp;<\/p>\n<p>eloriente.net\/PRNewswire<\/p>\n<p>13 de abril de 2015<\/p>\n<p>MIAMI, 13 de abril de 2015 \/PRNewswire-HISPANIC PR WIRE\/ &#8212; Desde el 11 de mayo, el nuevo Reto de Meditaci\u00f3n de 21 D\u00edas del Centro Chopra con Deepak Chopra e Ismael Cala hace de la meditaci\u00f3n un aprendizaje f\u00e1cil, divertido e inspirador para gente con agendas y mentes ocupadas. \u00abSalud Perfecta\u00bb es una experiencia interactiva en l\u00ednea y gratuita con:<\/p>\n<p>&#8212; Meditaciones diarias en audio, guiadas por Deepak Chopra e Ismael Cala<\/p>\n<p>&#8212; Consejos pr\u00e1cticos y sabidur\u00eda para crear un bienestar duradero a trav\u00e9s de la meditaci\u00f3n<\/p>\n<p>En su versi\u00f3n en ingl\u00e9s, \u00a1m\u00e1s de tres millones de personas alrededor del mundo han experimentado una transformaci\u00f3n en su estilo de vida!<\/p>\n<p>El a\u00f1o pasado, Chopra se uni\u00f3 con Cala para presentar el primer reto Creando Abundancia, en el que participaron m\u00e1s de 350.000 personas.<\/p>\n<p>El registro ya est\u00e1 abierto en www.IsmaelCala.com\/meditacion<\/p>\n<p>\u00abMe llena de entusiasmo asociarme con Cala para nuestro nuevo Reto de Meditaci\u00f3n de 21 D\u00edas en espa\u00f1ol, una experiencia gratuita en l\u00ednea que facilita que cualquier persona pueda aprender a meditar y disfrutar de sus muchos beneficios. Cada d\u00eda, los participantes ser\u00e1n guiados en pr\u00e1cticas para expandir la salud y la vitalidad, restaurar el equilibrio natural del cuerpo, liberar y manejar el estr\u00e9s\u00bb, dijo Deepak.<\/p>\n<p>\u00abEstoy agradecido con Deepak por su trabajo continuo con nuestro p\u00fablico hispano. Si participas ahora, podr\u00e1s beneficiarte de las ense\u00f1anzas que ofrece Deepak. Me entusiasma ver c\u00f3mo podemos tomar el control de nuestra propia salud y bienestar y lograr un estado de verdadera conexi\u00f3n entre la mente, el cuerpo y el esp\u00edritu\u00bb, dijo Cala.<\/p>\n<p>SOBRE DEEPAK CHOPRA<\/p>\n<p>Deepak Chopra es el creador de la Fundaci\u00f3n Chopra y del Centro Chopra para el Bienestar. Autor de m\u00e1s de 85 libros en m\u00e1s de 43 idiomas y especialista en Medicina Interna y Endocrinolog\u00eda. El Centro Chopra para el Bienestar es un instituto pionero en el campo de la medicina mente-cuerpo y en la transformaci\u00f3n personal.<\/p>\n<p>SOBRE ISMAEL CALA<\/p>\n<p>Ismael Cala, presentador del programa CALA, en CNN en Espa\u00f1ol, cuenta con m\u00e1s de 25 a\u00f1os de experiencia en medios de Cuba, Canad\u00e1, EEUU y M\u00e9xico. Sus libros \u00abEl poder de escuchar\u00bb y \u00abUn buen hijo de P\u00bb se han convertido en best sellers en Am\u00e9rica Latina y EEUU.<\/p>\n<p>Foto: http:\/\/www.IsmaelCala.com\/meditacion<\/p>\n<p>Cala Enterprises<\/p>\n<p>PR Newswire&amp;NEWSWIRE&amp;<\/p>\n<p><a href=\"http:\/\/www.eloriente.net\/home\/wp-content\/uploads\/2015\/04\/@ismaelcala.png\"><img loading=\"lazy\" decoding=\"async\" class=\"alignnone size-medium wp-image-36194\" src=\"http:\/\/www.eloriente.net\/home\/wp-content\/uploads\/2015\/04\/@ismaelcala-300x300.png\" alt=\"@ismaelcala\" width=\"300\" height=\"300\" srcset=\"http:\/\/www.eloriente.net\/home\/wp-content\/uploads\/2015\/04\/@ismaelcala-300x300.png 300w, http:\/\/www.eloriente.net\/home\/wp-content\/uploads\/2015\/04\/@ismaelcala-150x150.png 150w, http:\/\/www.eloriente.net\/home\/wp-content\/uploads\/2015\/04\/@ismaelcala-50x50.png 50w, http:\/\/www.eloriente.net\/home\/wp-content\/uploads\/2015\/04\/@ismaelcala.png 600w\" sizes=\"(max-width: 300px) 100vw, 300px\" \/><\/a><\/p>\n<p>Imagen: @IsmaelCala<\/p>\n<p><strong>OTRAS ENTRADAS:<\/strong><\/p>\n<p>&nbsp;<\/p>\n<div id=\"post-35874\" class=\"post-35874 post type-post status-publish format-standard has-post-thumbnail hentry category-viernesdefelicidad category-entradas category-salud-y-estilo-de-vida category-lo-mas-reciente category-mexico-y-el-mundo category-principal tag-bienestar-subjetivo tag-cultura-y-bienestar tag-felicidad entry loop-default border_bottom_30\">\n<h2 class=\"entry_title\"><a title=\"Enlace Permanente a D\u00eda de la Felicidad 2015; 10 ense\u00f1anzas para compartir #ViernesdeFelicidad\" href=\"http:\/\/www.eloriente.net\/home\/2015\/03\/20\/dia-de-la-felicidad-2015-10-ensenanzas-para-compartir-viernesdefelicidad\/\" rel=\"bookmark\">D\u00eda de la Felicidad 2015; 10 ense\u00f1anzas para compartir #ViernesdeFelicidad<\/a><\/h2>\n<p><a href=\"http:\/\/www.eloriente.net\/home\/2015\/03\/20\/dia-de-la-felicidad-2015-10-ensenanzas-para-compartir-viernesdefelicidad\/\" rel=\"bookmark\"><img decoding=\"async\" class=\"alignleft\" title=\"D\u00eda de la Felicidad 2015; 10 ense\u00f1anzas para compartir #ViernesdeFelicidad\" src=\"http:\/\/www.eloriente.net\/home\/wp-content\/themes\/city-desk\/timthumb.php?src=http%3A%2F%2Fwww.eloriente.net%2Fhome%2Fwp-content%2Fuploads%2F2015%2F03%2FEN-BUSCA-DE-LA-FELICIDAD.jpg&amp;q=90&amp;w=160&amp;h=106&amp;zc=1\" alt=\"D\u00eda de la Felicidad 2015; 10 ense\u00f1anzas para compartir #ViernesdeFelicidad\" \/><\/a>\u00a0 \u00a0 \u00a0 (www.eloriente.net, M\u00e9xico, 20 de marzo de 2015).- La Felicidad es un tema recurrente en ELORIENTE:NET. Es mas, cada viernes (#VIERNESDEFELICIDAD) le dedicamos el d\u00eda y compartimos contigo contenido, videos, canciones y expresiones que consideramos pueden sumar a la felicidad y a la alegr\u00eda de nuestros amigos y lectores. Por eso, hoy que [\u2026]<\/p>\n<p class=\"postmeta\"><span class=\"meta_date\">marzo 20, 2015<\/span><\/p>\n<\/div>\n<div id=\"post-35455\" class=\"post-35455 post type-post status-publish format-standard has-post-thumbnail hentry category-viernesdefelicidad category-entradas category-salud-y-estilo-de-vida category-lo-mas-reciente tag-viernesdefelicidad-2 tag-amarse tag-autoestima tag-felicidad entry loop-default border_bottom_30\">\n<h2 class=\"entry_title\"><a title=\"Enlace Permanente a 10 pasos para amarse a s\u00ed mismo de Lousie Hay #Viernesdefelicidad\" href=\"http:\/\/www.eloriente.net\/home\/2015\/02\/13\/10-pasos-para-amarse-a-si-mismo-de-lousie-hay-viernesdefelicidad\/\" rel=\"bookmark\">10 pasos para amarse a s\u00ed mismo de Lousie Hay #Viernesdefelicidad<\/a><\/h2>\n<p><a href=\"http:\/\/www.eloriente.net\/home\/2015\/02\/13\/10-pasos-para-amarse-a-si-mismo-de-lousie-hay-viernesdefelicidad\/\" rel=\"bookmark\"><img decoding=\"async\" class=\"alignleft\" title=\"10 pasos para amarse a s\u00ed mismo de Lousie Hay #Viernesdefelicidad\" src=\"http:\/\/www.eloriente.net\/home\/wp-content\/themes\/city-desk\/timthumb.php?src=http%3A%2F%2Fwww.eloriente.net%2Fhome%2Fwp-content%2Fuploads%2F2015%2F02%2FFELICIDAD-CC-MARCELA-PAOLANTONIO.jpg&amp;q=90&amp;w=160&amp;h=106&amp;zc=1\" alt=\"10 pasos para amarse a s\u00ed mismo de Lousie Hay #Viernesdefelicidad\" \/><\/a>(www.eloriente.net,M\u00e9xico, 13 de febrero del 2015, por: Liliana Z\u00e1rate).- A 24 horas del d\u00eda del amor y la amistad, muchas personas se preguntan \u00bfPor qu\u00e9 estoy solo? \u00bfAlg\u00fan d\u00eda podr\u00e9 encontrar el amor?, \u00a0y como \u00e9stas, un sin fin de preguntas, pero \u00bfhas pensado que el amor verdadero es por uno mismo?. El amor no [\u2026]<\/p>\n<p class=\"postmeta\"><span class=\"meta_date\">febrero 13, 2015<\/span><\/p>\n<\/div>\n\n\t\t\t  <div \n\t\t\t  \tclass = \"fb-comments\" \n\t\t\t  \tdata-href = \"http:\/\/www.eloriente.net\/home\/2015\/04\/13\/abre-inscripciones-gratuitas-reto-21-dias-de-meditacion-con-deepak-chopra-e-ismael-cala\/\"\n\t\t\t  \tdata-numposts = \"10\"\n\t\t\t\tdata-colorscheme = \"dark\"\n\t\t\t\tdata-order-by = \"social\"\n\t\t\t\tdata-mobile=true>\n\t\t\t  <\/div>\n\t\t  <style>\n\t\t\t.fb_iframe_widget_fluid_desktop iframe {\n\t\t\t    width: 100% !important;\n\t\t\t}\n\t\t  <\/style>\n\t\t  ","protected":false},"excerpt":{"rendered":"<p>&nbsp; &nbsp; eloriente.net\/PRNewswire 13 de abril de 2015 MIAMI, 13 de abril de 2015 \/PRNewswire-HISPANIC PR WIRE\/ &#8212; Desde el 11 de mayo, el nuevo Reto de Meditaci\u00f3n de 21 D\u00edas del Centro Chopra con Deepak Chopra e Ismael Cala hace de la meditaci\u00f3n un aprendizaje f\u00e1cil, divertido e inspirador para gente con agendas y [&hellip;]<\/p>\n","protected":false},"author":1,"featured_media":36194,"comment_status":"open","ping_status":"open","sticky":false,"template":"","format":"standard","meta":{"_jetpack_memberships_contains_paid_content":false,"footnotes":""},"categories":[2015,32,16,10,24,30,19],"tags":[2386,3521,3520,602],"class_list":["post-36193","post","type-post","status-publish","format-standard","has-post-thumbnail","hentry","category-viernesdefelicidad","category-entradas","category-salud-y-estilo-de-vida","category-lo-mas-reciente","category-mexico-y-el-mundo","category-salud","category-turismo-y-negocios","tag-viernesdefelicidad-2","tag-deepak-chopra","tag-ismael-cala","tag-meditacion"],"jetpack_featured_media_url":"http:\/\/www.eloriente.net\/home\/wp-content\/uploads\/2015\/04\/@ismaelcala.png","jetpack_sharing_enabled":true,"_links":{"self":[{"href":"http:\/\/www.eloriente.net\/home\/wp-json\/wp\/v2\/posts\/36193"}],"collection":[{"href":"http:\/\/www.eloriente.net\/home\/wp-json\/wp\/v2\/posts"}],"about":[{"href":"http:\/\/www.eloriente.net\/home\/wp-json\/wp\/v2\/types\/post"}],"author":[{"embeddable":true,"href":"http:\/\/www.eloriente.net\/home\/wp-json\/wp\/v2\/users\/1"}],"replies":[{"embeddable":true,"href":"http:\/\/www.eloriente.net\/home\/wp-json\/wp\/v2\/comments?post=36193"}],"version-history":[{"count":1,"href":"http:\/\/www.eloriente.net\/home\/wp-json\/wp\/v2\/posts\/36193\/revisions"}],"predecessor-version":[{"id":36195,"href":"http:\/\/www.eloriente.net\/home\/wp-json\/wp\/v2\/posts\/36193\/revisions\/36195"}],"wp:featuredmedia":[{"embeddable":true,"href":"http:\/\/www.eloriente.net\/home\/wp-json\/wp\/v2\/media\/36194"}],"wp:attachment":[{"href":"http:\/\/www.eloriente.net\/home\/wp-json\/wp\/v2\/media?parent=36193"}],"wp:term":[{"taxonomy":"category","embeddable":true,"href":"http:\/\/www.eloriente.net\/home\/wp-json\/wp\/v2\/categories?post=36193"},{"taxonomy":"post_tag","embeddable":true,"href":"http:\/\/www.eloriente.net\/home\/wp-json\/wp\/v2\/tags?post=36193"}],"curies":[{"name":"wp","href":"https:\/\/api.w.org\/{rel}","templated":true}]}}