{"id":36208,"date":"2015-04-13T16:43:59","date_gmt":"2015-04-13T22:43:59","guid":{"rendered":"http:\/\/www.eloriente.net\/home\/?p=36208"},"modified":"2015-04-13T16:43:59","modified_gmt":"2015-04-13T22:43:59","slug":"escucha-palabra-natural-programa-radiofonico-con-temas-ambientales-y-de-actualidad","status":"publish","type":"post","link":"http:\/\/www.eloriente.net\/home\/2015\/04\/13\/escucha-palabra-natural-programa-radiofonico-con-temas-ambientales-y-de-actualidad\/","title":{"rendered":"Escucha \u00abPalabra Natural\u00bb: programa radiof\u00f3nico con temas ambientales y de actualidad."},"content":{"rendered":"<p><script src=\"\/\/pagead2.googlesyndication.com\/pagead\/js\/adsbygoogle.js\" async=\"\"><\/script><!-- BANNER ELORIENTE INCRUSTADO NOTAS --> <ins class=\"adsbygoogle\" style=\"display: inline-block; width: 300px; height: 250px;\" data-ad-client=\"ca-pub-1136171134853753\" data-ad-slot=\"7974633627\"><\/ins><script>\/\/ <![CDATA[\n(adsbygoogle = window.adsbygoogle || []).push({});\n\/\/ ]]><\/script><br \/>\n(www.eloriente.net, M\u00e9xico, a 13\u00a0de Abril de 2015, Por: NADIR QUIROZ).-Hablar de temas ambientales cada d\u00eda es mas com\u00fan debido a las diversas manifestaciones de las que somos testigos: Cambio clim\u00e1tico, deforestaci\u00f3n, escasez de agua, alimentos transg\u00e9nicos, megaproyectos, energ\u00edas alternativas, bio-construcci\u00f3n, extinci\u00f3n de fauna y un largo etc\u00e9tera que nos lleva a reflexionar sobre la falta de informaci\u00f3n que se tiene sobre temas relacionados al medio ambiente y que est\u00e1n presentes en nuestra vida cotidiana. \u00abPalabra natural\u00bb aparece como una opci\u00f3n de\u00a0todas aquellas personas interesadas o curiosas por\u00a0ahondar en temas de actualidad relacionados con la naturaleza y el medio ambiente, con un tratamiento tem\u00e1tico sencillo as\u00ed como con la participaci\u00f3n de expertos en diversos temas; el Instituto de la Naturaleza y la Sociedad de Oaxaca produce un programa radiof\u00f3nico equilibrado y atractivo.<\/p>\n<p>En la entrega de esta semana el programa de radio toca el tema del agua y nos invita a reflexionar sobre su ausencia, tema que cobra relevancia en la actualidad,\u00a0dadas las condiciones de\u00a0escasez que el\u00a0vital liquido tiene en Oaxaca.<\/p>\n<p>\u00abPalabra Natural\u00bb es un programa de radio \u00e1gil de 15 minutos de duraci\u00f3n; aunque que brinda informaci\u00f3n sobre el ambiente natural y urbano de Oaxaca y el pa\u00eds, sus contenidos tocan transversalmente temas de inter\u00e9s global para difundir propuestas alternativas de soluci\u00f3n y\u00a0generar conciencia a favor de u<span id=\"descripcion_audio\">na relaci\u00f3n m\u00e1s equilibrada con la naturaleza. Mediante la conducci\u00f3n de Margarita Pessoa, semanalmente el programa\u00a0nos regalan entrevistas con diferentes personajes locales, factor que le otorga arraigo y ese aire \u00aboaxaque\u00f1o\u00bb.<\/span><\/p>\n<p>Recomendamos escuchar el programa que se transmite por Cortv Radio (Oaxaca, M\u00e9xico) los d\u00edas lunes a las 12:00, jueves a las 20:00 y domingos a las 6:00 por FM 92.9. Los d\u00edas mi\u00e9rcoles el programa se puede sintonizar\u00a0a las 15:45 y los domingos a las 8:00 por FM 96.9. \u00a0Tambi\u00e9n puede reproducirse, compartirse, descargarse y transmitirse gratuitamente en su formato electr\u00f3nico.<\/p>\n<p>A continuaci\u00f3n les proporcionamos los \u00faltimos 5 programas, el resto lo pueden consultar en: <a href=\"http:\/\/www.ivoox.com\/podcast-palabra-natural_sq_f1142107_1.html\u00a0\" target=\"_blank\">http:\/\/www.ivoox.com\/podcast-palabra-natural_sq_f1142107_1.html\u00a0<\/a><\/p>\n<p><a href=\"http:\/\/iframeid='audio_4346295'frameborder='0'allowfullscreen=''scrolling='no'height='200'style='border:1pxsolid#EEE;box-sizing:border-box;width:100%;'src=http:\/\/www.ivoox.com\/player_ej_4346295_4_1.html?c1=ff6600\/iframe\"><iframe loading=\"lazy\" id=\"audio_4346295\" style=\"border: 1px solid #EEE; box-sizing: border-box; width: 100%;\" src=\"http:\/\/www.ivoox.com\/player_ej_4346295_4_1.html?c1=ff6600\" width=\"300\" height=\"200\" frameborder=\"0\" scrolling=\"no\" allowfullscreen=\"allowfullscreen\"><\/iframe><\/a><\/p>\n<p><a href=\"http:\/\/iframeid='audio_4313805'frameborder='0'allowfullscreen=''scrolling='no'height='200'style='border:1pxsolid#EEE;box-sizing:border-box;width:100%;'src=http:\/\/www.ivoox.com\/player_ej_4313805_4_1.html?c1=ff6600\/iframe\"><iframe loading=\"lazy\" id=\"audio_4313805\" style=\"border: 1px solid #EEE; box-sizing: border-box; width: 100%;\" src=\"http:\/\/www.ivoox.com\/player_ej_4313805_4_1.html?c1=ff6600\" width=\"300\" height=\"200\" frameborder=\"0\" scrolling=\"no\" allowfullscreen=\"allowfullscreen\"><\/iframe><\/a><\/p>\n<p>&nbsp;<\/p>\n<p><a href=\"http:\/\/iframeid='audio_4284581'frameborder='0'allowfullscreen=''scrolling='no'height='200'style='border:1pxsolid#EEE;box-sizing:border-box;width:100%;'src=http:\/\/www.ivoox.com\/player_ej_4284581_4_1.html?c1=ff6600\/iframe\"><iframe loading=\"lazy\" id=\"audio_4284581\" style=\"border: 1px solid #EEE; box-sizing: border-box; width: 100%;\" src=\"http:\/\/www.ivoox.com\/player_ej_4284581_4_1.html?c1=ff6600\" width=\"300\" height=\"200\" frameborder=\"0\" scrolling=\"no\" allowfullscreen=\"allowfullscreen\"><\/iframe><\/a><\/p>\n<p><a href=\"http:\/\/iframeid='audio_4246495'frameborder='0'allowfullscreen=''scrolling='no'height='200'style='border:1pxsolid#EEE;box-sizing:border-box;width:100%;'src=http:\/\/www.ivoox.com\/player_ej_4246495_4_1.html?c1=ff6600\/iframe\"><iframe loading=\"lazy\" id=\"audio_4246495\" style=\"border: 1px solid #EEE; box-sizing: border-box; width: 100%;\" src=\"http:\/\/www.ivoox.com\/player_ej_4246495_4_1.html?c1=ff6600\" width=\"300\" height=\"200\" frameborder=\"0\" scrolling=\"no\" allowfullscreen=\"allowfullscreen\"><\/iframe><\/a><\/p>\n<p><a href=\"http:\/\/iframeid='audio_4189325'frameborder='0'allowfullscreen=''scrolling='no'height='200'style='border:1pxsolid#EEE;box-sizing:border-box;width:100%;'src=http:\/\/www.ivoox.com\/player_ej_4189325_4_1.html?c1=ff6600\/iframe\"><iframe loading=\"lazy\" id=\"audio_4189325\" style=\"border: 1px solid #EEE; box-sizing: border-box; width: 100%;\" src=\"http:\/\/www.ivoox.com\/player_ej_4189325_4_1.html?c1=ff6600\" width=\"300\" height=\"200\" frameborder=\"0\" scrolling=\"no\" allowfullscreen=\"allowfullscreen\"><\/iframe><\/a><\/p>\n<p><a href=\"http:\/\/www.eloriente.net\/home\/wp-content\/uploads\/2013\/11\/Agua-Atribuci\u00f3n-Algunos-derechos-reservados-por-Flavia-Mariani.jpg\"><img loading=\"lazy\" decoding=\"async\" class=\"alignnone  wp-image-17377\" src=\"http:\/\/www.eloriente.net\/home\/wp-content\/uploads\/2013\/11\/Agua-Atribuci\u00f3n-Algunos-derechos-reservados-por-Flavia-Mariani.jpg\" alt=\"Agua Atribuci\u00f3n Algunos derechos reservados por Flavia Mariani\" width=\"561\" height=\"374\" srcset=\"http:\/\/www.eloriente.net\/home\/wp-content\/uploads\/2013\/11\/Agua-Atribuci\u00f3n-Algunos-derechos-reservados-por-Flavia-Mariani.jpg 1024w, http:\/\/www.eloriente.net\/home\/wp-content\/uploads\/2013\/11\/Agua-Atribuci\u00f3n-Algunos-derechos-reservados-por-Flavia-Mariani-300x200.jpg 300w\" sizes=\"(max-width: 561px) 100vw, 561px\" \/><\/a><\/p>\n<p>OTRAS ENTRADAS:<\/p>\n<div id=\"post-36182\" class=\"post-36182 post type-post status-publish format-standard has-post-thumbnail hentry category-colaboradores category-entradas category-estados category-juan-jose-consejo category-lo-mas-reciente category-medio-ambiente category-mexico-y-el-mundo category-principal tag-campo-de-mexico tag-inso tag-transgenicos entry loop-default border_bottom_30\">\n<h2 class=\"entry_title\"><a title=\"Enlace Permanente a \u00bfTransg\u00e9nicos?, por Juan Jos\u00e9 Consejo\" href=\"http:\/\/www.eloriente.net\/home\/2015\/04\/13\/transgenicos-por-juan-jose-consejo\/\" rel=\"bookmark\">\u00bfTransg\u00e9nicos?, por Juan Jos\u00e9 Consejo<\/a><\/h2>\n<p><a href=\"http:\/\/www.eloriente.net\/home\/2015\/04\/13\/transgenicos-por-juan-jose-consejo\/\" rel=\"bookmark\"><img decoding=\"async\" class=\"alignleft\" title=\"\u00bfTransg\u00e9nicos?, por Juan Jos\u00e9 Consejo\" src=\"http:\/\/www.eloriente.net\/home\/wp-content\/themes\/city-desk\/timthumb.php?src=http%3A%2F%2Fwww.eloriente.net%2Fhome%2Fwp-content%2Fuploads%2F2014%2F08%2FCampo-Brad-Higham.jpg&amp;q=90&amp;w=160&amp;h=106&amp;zc=1\" alt=\"\u00bfTransg\u00e9nicos?, por Juan Jos\u00e9 Consejo\" \/><\/a>\u00a0 \u00a0 Atesorar lo que queda de la Tierra y cuidar de su renovaci\u00f3n es nuestra \u00fanica esperanza leg\u00edtima de sobrevvencia Wendel Berry (www.eloriente.net, M\u00e9xico, 13 de abril de 2015. Por: Juan Jos\u00e9 Consejo*).- Dos noticias nacionales recientes ponen de nuevo en reflectores el tema de los transg\u00e9nicos. La primera es que la Semarnat y [\u2026]<\/p>\n<p class=\"postmeta\"><span class=\"meta_date\">abril 13, 2015<\/span><span class=\"meta_comment\"><a title=\"Comentarios en \u00bfTransg\u00e9nicos?, por Juan Jos\u00e9 Consejo\" href=\"http:\/\/www.eloriente.net\/home\/2015\/04\/13\/transgenicos-por-juan-jose-consejo\/#respond\">Sin Comentarios<\/a><\/span><span class=\"meta_permalink\"><a title=\"Enlace Permanente a \u00bfTransg\u00e9nicos?, por Juan Jos\u00e9 Consejo\" href=\"http:\/\/www.eloriente.net\/home\/2015\/04\/13\/transgenicos-por-juan-jose-consejo\/\" rel=\"bookmark\">Leer Mas<\/a><\/span><span class=\"meta_edit\"><a class=\"post-edit-link\" href=\"http:\/\/www.eloriente.net\/home\/wp-admin\/post.php?post=36182&amp;action=edit\">#<\/a><\/span><\/p>\n<\/div>\n<div id=\"post-36135\" class=\"post-36135 post type-post status-publish format-standard has-post-thumbnail hentry category-comunicados-y-boletines category-entradas category-estados category-guerrero-estados category-lo-mas-reciente category-medio-ambiente category-mexico-y-el-mundo category-oaxaca-estados category-puebla category-salud tag-ciclones tag-conagua tag-estado-del-tiempo tag-huracanes-2015 entry loop-default border_bottom_30\">\n<h2 class=\"entry_title\"><\/h2>\n<h2 class=\"entry_title\"><a title=\"Enlace Permanente a Se formar\u00e1n 19 ciclones tropicales en el Oc\u00e9ano Pac\u00edfico; se declara fen\u00f3meno El Ni\u00f1o en 2015\" href=\"http:\/\/www.eloriente.net\/home\/2015\/04\/11\/se-formaran-19-ciclones-tropicales-en-el-oceano-pacifico-se-declara-fenomeno-el-nino-en-2015\/\" rel=\"bookmark\">Se formar\u00e1n 19 ciclones tropicales en el Oc\u00e9ano Pac\u00edfico; se declara fen\u00f3meno El Ni\u00f1o en 2015<\/a><\/h2>\n<p><a href=\"http:\/\/www.eloriente.net\/home\/2015\/04\/11\/se-formaran-19-ciclones-tropicales-en-el-oceano-pacifico-se-declara-fenomeno-el-nino-en-2015\/\" rel=\"bookmark\"><img decoding=\"async\" class=\"alignleft\" title=\"Se formar\u00e1n 19 ciclones tropicales en el Oc\u00e9ano Pac\u00edfico; se declara fen\u00f3meno El Ni\u00f1o en 2015\" src=\"http:\/\/www.eloriente.net\/home\/wp-content\/themes\/city-desk\/timthumb.php?src=http%3A%2F%2Fwww.eloriente.net%2Fhome%2Fwp-content%2Fuploads%2F2015%2F04%2FFelipe-Reyna-Romero-proteccion-civil-goboax.jpg&amp;q=90&amp;w=160&amp;h=106&amp;zc=1\" alt=\"Se formar\u00e1n 19 ciclones tropicales en el Oc\u00e9ano Pac\u00edfico; se declara fen\u00f3meno El Ni\u00f1o en 2015\" \/><\/a>\u00a0 eloriente.net\/Gobierno de Oaxaca 11 de abril de 2015 \u00b7\u00a0\u00a0\u00a0\u00a0\u00a0\u00a0\u00a0\u00a0 La actividad cicl\u00f3nica en el Oc\u00e9ano Pac\u00edfico se ubicar\u00e1 por arriba del promedio hist\u00f3rico. La Coordinaci\u00f3n Estatal de Protecci\u00f3n Civil de Oaxaca (CEPCO), dio a conocer que de acuerdo con informaci\u00f3n de la Comisi\u00f3n Nacional del Agua (CONAGUA), en su primera proyecci\u00f3n a largo plazo [\u2026]<\/p>\n<\/div>\n<p>&nbsp;<\/p>\n\n\t\t\t  <div \n\t\t\t  \tclass = \"fb-comments\" \n\t\t\t  \tdata-href = \"http:\/\/www.eloriente.net\/home\/2015\/04\/13\/escucha-palabra-natural-programa-radiofonico-con-temas-ambientales-y-de-actualidad\/\"\n\t\t\t  \tdata-numposts = \"10\"\n\t\t\t\tdata-colorscheme = \"dark\"\n\t\t\t\tdata-order-by = \"social\"\n\t\t\t\tdata-mobile=true>\n\t\t\t  <\/div>\n\t\t  <style>\n\t\t\t.fb_iframe_widget_fluid_desktop iframe {\n\t\t\t    width: 100% !important;\n\t\t\t}\n\t\t  <\/style>\n\t\t  ","protected":false},"excerpt":{"rendered":"<p>(www.eloriente.net, M\u00e9xico, a 13\u00a0de Abril de 2015, Por: NADIR QUIROZ).-Hablar de temas ambientales cada d\u00eda es mas com\u00fan debido a las diversas manifestaciones de las que somos testigos: Cambio clim\u00e1tico, deforestaci\u00f3n, escasez de agua, alimentos transg\u00e9nicos, megaproyectos, energ\u00edas alternativas, bio-construcci\u00f3n, extinci\u00f3n de fauna y un largo etc\u00e9tera que nos lleva a reflexionar sobre la falta [&hellip;]<\/p>\n","protected":false},"author":57,"featured_media":17377,"comment_status":"open","ping_status":"open","sticky":false,"template":"","format":"standard","meta":{"_jetpack_memberships_contains_paid_content":false,"footnotes":""},"categories":[32,63,20,464],"tags":[647,3524,3523,3384],"class_list":["post-36208","post","type-post","status-publish","format-standard","has-post-thumbnail","hentry","category-entradas","category-estados","category-medio-ambiente","category-oaxaca-estados","tag-agua","tag-cortv-radio","tag-palabra-natural","tag-radio-oaxaca"],"jetpack_featured_media_url":"http:\/\/www.eloriente.net\/home\/wp-content\/uploads\/2013\/11\/Agua-Atribuci\u00f3n-Algunos-derechos-reservados-por-Flavia-Mariani.jpg","jetpack_sharing_enabled":true,"_links":{"self":[{"href":"http:\/\/www.eloriente.net\/home\/wp-json\/wp\/v2\/posts\/36208"}],"collection":[{"href":"http:\/\/www.eloriente.net\/home\/wp-json\/wp\/v2\/posts"}],"about":[{"href":"http:\/\/www.eloriente.net\/home\/wp-json\/wp\/v2\/types\/post"}],"author":[{"embeddable":true,"href":"http:\/\/www.eloriente.net\/home\/wp-json\/wp\/v2\/users\/57"}],"replies":[{"embeddable":true,"href":"http:\/\/www.eloriente.net\/home\/wp-json\/wp\/v2\/comments?post=36208"}],"version-history":[{"count":4,"href":"http:\/\/www.eloriente.net\/home\/wp-json\/wp\/v2\/posts\/36208\/revisions"}],"predecessor-version":[{"id":36216,"href":"http:\/\/www.eloriente.net\/home\/wp-json\/wp\/v2\/posts\/36208\/revisions\/36216"}],"wp:featuredmedia":[{"embeddable":true,"href":"http:\/\/www.eloriente.net\/home\/wp-json\/wp\/v2\/media\/17377"}],"wp:attachment":[{"href":"http:\/\/www.eloriente.net\/home\/wp-json\/wp\/v2\/media?parent=36208"}],"wp:term":[{"taxonomy":"category","embeddable":true,"href":"http:\/\/www.eloriente.net\/home\/wp-json\/wp\/v2\/categories?post=36208"},{"taxonomy":"post_tag","embeddable":true,"href":"http:\/\/www.eloriente.net\/home\/wp-json\/wp\/v2\/tags?post=36208"}],"curies":[{"name":"wp","href":"https:\/\/api.w.org\/{rel}","templated":true}]}}