{"id":36209,"date":"2015-04-13T15:34:33","date_gmt":"2015-04-13T21:34:33","guid":{"rendered":"http:\/\/www.eloriente.net\/home\/?p=36209"},"modified":"2015-04-25T09:59:23","modified_gmt":"2015-04-25T15:59:23","slug":"encuesta-a-favor-o-en-contra-de-un-gobernador-y-un-presidente-municipal-de-2-anos","status":"publish","type":"post","link":"http:\/\/www.eloriente.net\/home\/2015\/04\/13\/encuesta-a-favor-o-en-contra-de-un-gobernador-y-un-presidente-municipal-de-2-anos\/","title":{"rendered":"Encuesta: \u00bfA favor o en contra de un Gobernador y un Presidente Municipal de 2 a\u00f1os?"},"content":{"rendered":"<p><script src=\"\/\/pagead2.googlesyndication.com\/pagead\/js\/adsbygoogle.js\" async=\"\"><\/script><!-- BANNER ELORIENTE INCRUSTADO NOTAS --> <ins class=\"adsbygoogle\" style=\"display: inline-block; width: 300px; height: 250px;\" data-ad-client=\"ca-pub-1136171134853753\" data-ad-slot=\"7974633627\"><\/ins><script>\/\/ <![CDATA[\n(adsbygoogle = window.adsbygoogle || []).push({});\n\/\/ ]]><\/script><br \/>\n(www.eloriente.net, M\u00e9xico, 13 de abril de 2015).- En el Congreso de los Diputados en Oaxaca, se han presentado diversas iniciativas con el af\u00e1n de homologar la legislaci\u00f3n local con federal, de tal manera que las todas las elecciones se efect\u00faen en la misma fecha.<\/p>\n<p>Ello ha tra\u00eddo como consecuencia que se ha abierto un debate sobre la duraci\u00f3n de los mandatos de la o del pr\u00f3ximo gobernador, y de los presidentes municipales y diputados locales.<\/p>\n<p>El mandato actual del gobernador dura 6 a\u00f1os y se reducir\u00eda a 2 o 5 a\u00f1os, seg\u00fan las versiones m\u00e1s avanzadas; y en el caso de los presidentes municipales y diputados de 3 a\u00f1os a solo 2 a\u00f1os, por \u00fanica ocasi\u00f3n.<\/p>\n<p>Habida cuenta de ello, es fundamental consultar a la ciudadan\u00eda si le han preguntado su opini\u00f3n sobre el caso y cual ser\u00eda su posici\u00f3n al respecto.<\/p>\n<p>Gracias de antemano por tus respuestas y por compartir esta Encuesta que s\u00f3lo estar\u00e1 abierta hasta el pr\u00f3ximo jueves. Los resultados se dar\u00e1n a conocer precisamente al cierre:<br \/>\n<iframe loading=\"lazy\" src=\"https:\/\/poll-en.herokuapp.com\/encuesta\/embed\/hlfceb\" width=\"100%\" height=\"150\" frameborder=\"0\" scrolling=\"no\"><\/iframe><script src=\"https:\/\/code-rubik-cdn.s3.amazonaws.com\/iframeresizer\/2.7.1\/host.js\"><\/script><script type=\"text\/javascript\">\/\/ <![CDATA[\niFrameResize({ heightCalculationMethod: 'grow', enablePublicMethods: true });\n\/\/ ]]><\/script><br \/>\n<a href=\"http:\/\/www.eloriente.net\/home\/wp-content\/uploads\/2015\/04\/El-acertijo-cc-armando-aguayo-rivera.jpg\"><img loading=\"lazy\" decoding=\"async\" class=\"alignnone size-medium wp-image-36210\" src=\"http:\/\/www.eloriente.net\/home\/wp-content\/uploads\/2015\/04\/El-acertijo-cc-armando-aguayo-rivera-300x215.jpg\" alt=\"El acertijo cc armando aguayo rivera\" width=\"300\" height=\"215\" srcset=\"http:\/\/www.eloriente.net\/home\/wp-content\/uploads\/2015\/04\/El-acertijo-cc-armando-aguayo-rivera-300x215.jpg 300w, http:\/\/www.eloriente.net\/home\/wp-content\/uploads\/2015\/04\/El-acertijo-cc-armando-aguayo-rivera-1024x734.jpg 1024w, http:\/\/www.eloriente.net\/home\/wp-content\/uploads\/2015\/04\/El-acertijo-cc-armando-aguayo-rivera.jpg 2048w\" sizes=\"(max-width: 300px) 100vw, 300px\" \/><\/a><\/p>\n<p>&nbsp;<\/p>\n<p>Imagen: El Acertijo Licencia cc<\/p>\n<div class=\"attribution-info\"><a class=\"owner-name truncate\" title=\"Ir a la galer\u00eda de Armando Aguayo Rivera\" href=\"https:\/\/www.flickr.com\/photos\/armandoh2o\/\" data-rapid_p=\"27\" data-track=\"attributionNameClick\">Armando Aguayo Rivera<\/a><\/p>\n<div id=\"yui_3_16_0_1_1428960669345_692\" class=\"view follow-view clear-float photo-attribution\"><\/div>\n<\/div>\n<p><strong>OTRAS ENTRADAS:<\/strong><\/p>\n<div id=\"post-34880\" class=\"post-34880 post type-post status-publish format-standard has-post-thumbnail hentry category-lunesdepolitica category-agenda category-capital category-destacadas category-editorial category-entradas category-estados category-municipios category-oaxaca-estados category-politica-y-gobierno category-principal tag-centro-de-convenciones tag-chimalapas tag-congreso-de-oaxaca tag-cotv tag-desempleo tag-elecciones-oaxaca tag-policia tag-reforma-educativa tag-television-estatal tag-trabajo-infantil tag-transparencia tag-zona-economica-del-sur entry loop-default border_bottom_30\">\n<h2 class=\"entry_title\"><a title=\"Enlace Permanente a Una Agenda para Oaxaca 2015: 10 temas\" href=\"http:\/\/www.eloriente.net\/home\/2015\/01\/08\/una-agenda-para-oaxaca-2015-10-temas\/\" rel=\"bookmark\">Una Agenda para Oaxaca 2015: 10 temas<\/a><\/h2>\n<p><a href=\"http:\/\/www.eloriente.net\/home\/2015\/01\/08\/una-agenda-para-oaxaca-2015-10-temas\/\" rel=\"bookmark\"><img decoding=\"async\" class=\"alignleft\" title=\"Una Agenda para Oaxaca 2015: 10 temas\" src=\"http:\/\/www.eloriente.net\/home\/wp-content\/themes\/city-desk\/timthumb.php?src=http%3A%2F%2Fwww.eloriente.net%2Fhome%2Fwp-content%2Fuploads%2F2015%2F01%2FHierve-el-Agua-cc-Karen-Cant%C3%BA-CC-e1420682803912.jpg&amp;q=90&amp;w=160&amp;h=106&amp;zc=1\" alt=\"Una Agenda para Oaxaca 2015: 10 temas\" \/><\/a>8 de enero de 2015 Editorial @El_Oriente Quienes tienen la generosidad de leernos, recordar\u00e1n que en ELORIENTE.NET hemos reiterado nuestra vocaci\u00f3n como un medio (no-noticioso) interesado en colaborar a que las personas encontremos m\u00e1s y mejores condiciones y motivos para experimentar la vida. Para nosotros importa la felicidad, el bienestar, la dicha, la experiencia est\u00e9tica, [\u2026]<\/p>\n<p class=\"postmeta\"><span class=\"meta_date\">enero 8, 2015<\/span><\/p>\n<\/div>\n<div id=\"post-34919\" class=\"post-34919 post type-post status-publish format-standard has-post-thumbnail hentry category-destacadas category-elecciones category-entradas category-especiales category-estados category-politica-y-gobierno category-principal tag-diputados tag-elecciones-2 tag-ine tag-instituto-electoral tag-partidos-politicos entry loop-default border_bottom_30\">\n<h2 class=\"entry_title\"><a title=\"Enlace Permanente a Consulta aqu\u00ed Calendario de Elecciones 2015\" href=\"http:\/\/www.eloriente.net\/home\/2015\/01\/07\/consulta-aqui-calendario-de-elecciones-2015\/\" rel=\"bookmark\">Consulta aqu\u00ed Calendario de Elecciones 2015<\/a><\/h2>\n<p><a href=\"http:\/\/www.eloriente.net\/home\/2015\/01\/07\/consulta-aqui-calendario-de-elecciones-2015\/\" rel=\"bookmark\"><img decoding=\"async\" class=\"alignleft\" title=\"Consulta aqu\u00ed Calendario de Elecciones 2015\" src=\"http:\/\/www.eloriente.net\/home\/wp-content\/themes\/city-desk\/timthumb.php?src=http%3A%2F%2Fwww.eloriente.net%2Fhome%2Fwp-content%2Fuploads%2F2014%2F06%2FCaptura-de-pantalla-2015-01-07-a-las-18.00.08.png&amp;q=90&amp;w=160&amp;h=106&amp;zc=1\" alt=\"Consulta aqu\u00ed Calendario de Elecciones 2015\" \/><\/a>Actualizaci\u00f3n con informaci\u00f3n del Insituto Nacional Electoral 7 de enero de 2015 A continuaci\u00f3n, te presentamos el Calendario actualizado que el INE ha puesto a disposici\u00f3n de los ciudadanos: ESTE CALENDARIO YA ES CON DATOS AL 6 DE ENERO DE 2015* \u00a0 PUBLICACI\u00d3N ANTERIOR: \u00a0 eloriente.net 9\/junio\/2014 Durante el primer domingo del pr\u00f3ximo mes de [\u2026]<\/p>\n<p class=\"postmeta\"><span class=\"meta_date\">enero 7, 2015<\/span><\/p>\n<\/div>\n\n\t\t\t  <div \n\t\t\t  \tclass = \"fb-comments\" \n\t\t\t  \tdata-href = \"http:\/\/www.eloriente.net\/home\/2015\/04\/13\/encuesta-a-favor-o-en-contra-de-un-gobernador-y-un-presidente-municipal-de-2-anos\/\"\n\t\t\t  \tdata-numposts = \"10\"\n\t\t\t\tdata-colorscheme = \"dark\"\n\t\t\t\tdata-order-by = \"social\"\n\t\t\t\tdata-mobile=true>\n\t\t\t  <\/div>\n\t\t  <style>\n\t\t\t.fb_iframe_widget_fluid_desktop iframe {\n\t\t\t    width: 100% !important;\n\t\t\t}\n\t\t  <\/style>\n\t\t  ","protected":false},"excerpt":{"rendered":"<p>(www.eloriente.net, M\u00e9xico, 13 de abril de 2015).- En el Congreso de los Diputados en Oaxaca, se han presentado diversas iniciativas con el af\u00e1n de homologar la legislaci\u00f3n local con federal, de tal manera que las todas las elecciones se efect\u00faen en la misma fecha. Ello ha tra\u00eddo como consecuencia que se ha abierto un debate [&hellip;]<\/p>\n","protected":false},"author":1,"featured_media":36210,"comment_status":"open","ping_status":"open","sticky":false,"template":"","format":"standard","meta":{"_jetpack_memberships_contains_paid_content":false,"footnotes":""},"categories":[2434,29,32,63,10,23,464,21],"tags":[4082,1677,3522],"class_list":["post-36209","post","type-post","status-publish","format-standard","has-post-thumbnail","hentry","category-lunesdepolitica","category-capital","category-entradas","category-estados","category-lo-mas-reciente","category-municipios","category-oaxaca-estados","category-politica-y-gobierno","tag-lunesdepolitica","tag-congreso-de-oaxaca","tag-reforma-politica"],"jetpack_featured_media_url":"http:\/\/www.eloriente.net\/home\/wp-content\/uploads\/2015\/04\/El-acertijo-cc-armando-aguayo-rivera.jpg","jetpack_sharing_enabled":true,"_links":{"self":[{"href":"http:\/\/www.eloriente.net\/home\/wp-json\/wp\/v2\/posts\/36209"}],"collection":[{"href":"http:\/\/www.eloriente.net\/home\/wp-json\/wp\/v2\/posts"}],"about":[{"href":"http:\/\/www.eloriente.net\/home\/wp-json\/wp\/v2\/types\/post"}],"author":[{"embeddable":true,"href":"http:\/\/www.eloriente.net\/home\/wp-json\/wp\/v2\/users\/1"}],"replies":[{"embeddable":true,"href":"http:\/\/www.eloriente.net\/home\/wp-json\/wp\/v2\/comments?post=36209"}],"version-history":[{"count":3,"href":"http:\/\/www.eloriente.net\/home\/wp-json\/wp\/v2\/posts\/36209\/revisions"}],"predecessor-version":[{"id":36486,"href":"http:\/\/www.eloriente.net\/home\/wp-json\/wp\/v2\/posts\/36209\/revisions\/36486"}],"wp:featuredmedia":[{"embeddable":true,"href":"http:\/\/www.eloriente.net\/home\/wp-json\/wp\/v2\/media\/36210"}],"wp:attachment":[{"href":"http:\/\/www.eloriente.net\/home\/wp-json\/wp\/v2\/media?parent=36209"}],"wp:term":[{"taxonomy":"category","embeddable":true,"href":"http:\/\/www.eloriente.net\/home\/wp-json\/wp\/v2\/categories?post=36209"},{"taxonomy":"post_tag","embeddable":true,"href":"http:\/\/www.eloriente.net\/home\/wp-json\/wp\/v2\/tags?post=36209"}],"curies":[{"name":"wp","href":"https:\/\/api.w.org\/{rel}","templated":true}]}}