{"id":36474,"date":"2015-04-24T17:40:49","date_gmt":"2015-04-24T23:40:49","guid":{"rendered":"http:\/\/www.eloriente.net\/home\/?p=36474"},"modified":"2015-04-24T17:45:20","modified_gmt":"2015-04-24T23:45:20","slug":"el-valiente-discurso-de-jorge-ramos-en-celebracion-de-time-venezuela-y-mexico","status":"publish","type":"post","link":"http:\/\/www.eloriente.net\/home\/2015\/04\/24\/el-valiente-discurso-de-jorge-ramos-en-celebracion-de-time-venezuela-y-mexico\/","title":{"rendered":"El valiente discurso de Jorge Ramos en celebraci\u00f3n de Time; Venezuela y M\u00e9xico"},"content":{"rendered":"<p><script src=\"\/\/pagead2.googlesyndication.com\/pagead\/js\/adsbygoogle.js\" async=\"\"><\/script><!-- BANNER ELORIENTE INCRUSTADO NOTAS --> <ins class=\"adsbygoogle\" style=\"display: inline-block; width: 300px; height: 250px;\" data-ad-client=\"ca-pub-1136171134853753\" data-ad-slot=\"7974633627\"><\/ins><script>\/\/ <![CDATA[\n(adsbygoogle = window.adsbygoogle || []).push({});\n\/\/ ]]><\/script><br \/>\n&nbsp;<\/p>\n<p>&nbsp;<\/p>\n<p>&nbsp;<\/p>\n<p>(www.eloriente.net, M\u00e9xico, 24 de abril de 2015).- Tal como lo comparte la Revista Time en su versi\u00f3n digital, en 6 minutos, es prestigiado periodista Jorge Ramos, repasa 4 delicados temas de la agenda latino-estadounidense que son centrales para entender el pasado, el presente y el futuro de la regi\u00f3n y sus habitantes.<\/p>\n<p>Lo anterior, durante una gala en honor de los 100 personajes m\u00e1s influyentes del mundo de <a href=\"http:\/\/time.com\/3831549\/time-100-jorge-ramos-address\/?xid=tcoshare\" target=\"_blank\">la lista de Time.<\/a><\/p>\n<p>Lo comparte: \u00abEs muy dif\u00edcil ser inmigrante porque hay que dejarlo todo\u00bb, dijo Ramos. \u00abTu casa, tu familia, tus amigos, tu cultura, tu lengua, y a veces hasta tu alma\u00bb.<\/p>\n<p>Remarc\u00f3 la lucha de los denominados &#8216;dreamers&#8217; en los Estados Unidos y la par\u00e1lisis que el Congreso norteamericano ha mostrado ante la situaci\u00f3n de los estudiantes indocumentados.<\/p>\n<p>Asimismo, lanz\u00f3 severas acusaciones al gobierno de M\u00e9xico, principalmente por el Caso de la periodista Carmen Aristegui. Asimismo, habl\u00f3 de la situaci\u00f3n pol\u00edtica de Venezuela, con el emblem\u00e1tico caso de Leopoldo L\u00f3pez, l\u00edder opositor preso desde hace poco m\u00e1s de un a\u00f1o.<\/p>\n<p>&nbsp;<br \/>\n<object id=\"flashObj\" width=\"700\" height=\"394\" classid=\"clsid:D27CDB6E-AE6D-11cf-96B8-444553540000\" codebase=\"http:\/\/download.macromedia.com\/pub\/shockwave\/cabs\/flash\/swflash.cab#version=9,0,47,0\"><param name=\"movie\" value=\"http:\/\/c.brightcove.com\/services\/viewer\/federated_f9?isVid=1&amp;isUI=1\" \/><param name=\"bgcolor\" value=\"#FFFFFF\" \/><param name=\"flashVars\" value=\"videoId=4189299111001&amp;linkBaseURL=http%3A%2F%2Fti.me%2F1Gj8auP&amp;playerID=1917933886001&amp;playerKey=AQ~~,AAAAABGEUMg~,hNlIXLTZFZn-NQOazMchMDWH0SI1hX7f&amp;domain=embed&amp;dynamicStreaming=true\" \/><param name=\"base\" value=\"http:\/\/admin.brightcove.com\" \/><param name=\"seamlesstabbing\" value=\"false\" \/><param name=\"allowFullScreen\" value=\"true\" \/><param name=\"swLiveConnect\" value=\"true\" \/><param name=\"allowScriptAccess\" value=\"always\" \/><\/object><br \/>\n<a href=\"http:\/\/www.eloriente.net\/home\/wp-content\/uploads\/2015\/04\/JORGE-RAMOS-captura-gala-Time.png\"><img loading=\"lazy\" decoding=\"async\" class=\"alignnone size-medium wp-image-36475\" src=\"http:\/\/www.eloriente.net\/home\/wp-content\/uploads\/2015\/04\/JORGE-RAMOS-captura-gala-Time-300x188.png\" alt=\"JORGE RAMOS captura gala Time\" width=\"300\" height=\"188\" srcset=\"http:\/\/www.eloriente.net\/home\/wp-content\/uploads\/2015\/04\/JORGE-RAMOS-captura-gala-Time-300x188.png 300w, http:\/\/www.eloriente.net\/home\/wp-content\/uploads\/2015\/04\/JORGE-RAMOS-captura-gala-Time.png 860w\" sizes=\"(max-width: 300px) 100vw, 300px\" \/><\/a><\/p>\n<p>&nbsp;<\/p>\n<p><strong>OTRAS ENTRADAS:<\/strong><\/p>\n<div id=\"post-36454\" class=\"post-36454 post type-post status-publish format-standard has-post-thumbnail hentry category-derechos-humanos category-entradas category-estados category-lo-mas-reciente category-mexico-y-el-mundo category-oaxaca-estados category-politica-y-gobierno category-principal tag-congreso-de-oaxaca tag-leopoldo-lopez tag-venezuela entry loop-default border_bottom_30\">\n<h2 class=\"entry_title\"><a title=\"Enlace Permanente a Visitan diplom\u00e1ticos de Venezuela, Cuba y Bolivia Congreso de Oaxaca; se esperan posturas cr\u00edticas\" href=\"http:\/\/www.eloriente.net\/home\/2015\/04\/24\/visitan-diplomaticos-de-venezuela-cuba-y-bolivia-congreso-de-oaxaca-se-esperan-posturas-criticas\/\" rel=\"bookmark\">Visitan diplom\u00e1ticos de Venezuela, Cuba y Bolivia Congreso de Oaxaca; se esperan posturas cr\u00edticas<\/a><\/h2>\n<p><a href=\"http:\/\/www.eloriente.net\/home\/2015\/04\/24\/visitan-diplomaticos-de-venezuela-cuba-y-bolivia-congreso-de-oaxaca-se-esperan-posturas-criticas\/\" rel=\"bookmark\"><img decoding=\"async\" class=\"alignleft\" title=\"Visitan diplom\u00e1ticos de Venezuela, Cuba y Bolivia Congreso de Oaxaca; se esperan posturas cr\u00edticas\" src=\"http:\/\/www.eloriente.net\/home\/wp-content\/themes\/city-desk\/timthumb.php?src=http%3A%2F%2Fwww.eloriente.net%2Fhome%2Fwp-content%2Fuploads%2F2014%2F04%2FBandera-Venezuela-Por-ruurmo.jpg&amp;q=90&amp;w=160&amp;h=106&amp;zc=1\" alt=\"Visitan diplom\u00e1ticos de Venezuela, Cuba y Bolivia Congreso de Oaxaca; se esperan posturas cr\u00edticas\" \/><\/a>\u00a0 Actualizaci\u00f3n: 18:14pm. 24 de abril de 2015 El Congreso del Estado de Oaxaca hizo circular la siguiente informaci\u00f3n sobre el encuentro referido: San Raymundo Jalpan, Oax.- 24 febrero 2015.-\u00a0A trav\u00e9s del trabajo conjunto, de la suma de esfuerzos y \u00f3pticas, desde el Congreso oaxaque\u00f1o\u00a0se fortalecer\u00e1n los v\u00ednculos\u00a0con los pueblos hermanos de Venezuela y Cuba [\u2026]<\/p>\n<p class=\"postmeta\"><span class=\"meta_date\">abril 24, 2015<\/span><\/p>\n<\/div>\n<div id=\"post-23804\" class=\"post-23804 post type-post status-publish format-standard has-post-thumbnail hentry category-entradas category-lo-mas-reciente category-mexico-y-el-mundo category-politica-y-gobierno category-principal entry loop-default border_bottom_30\">\n<h2 class=\"entry_title\"><a title=\"Enlace Permanente a Video: Cabeza Caliente y otras canciones en honor de estudiantes ca\u00eddos en Venezuela\" href=\"http:\/\/www.eloriente.net\/home\/2014\/04\/06\/video-cabeza-caliente-y-otras-canciones-en-honor-de-estudiantes-caidos-en-venezuela\/\" rel=\"bookmark\">Video: Cabeza Caliente y otras canciones en honor de estudiantes ca\u00eddos en Venezuela<\/a><\/h2>\n<p><a href=\"http:\/\/www.eloriente.net\/home\/2014\/04\/06\/video-cabeza-caliente-y-otras-canciones-en-honor-de-estudiantes-caidos-en-venezuela\/\" rel=\"bookmark\"><img decoding=\"async\" class=\"alignleft\" title=\"Video: Cabeza Caliente y otras canciones en honor de estudiantes ca\u00eddos en Venezuela\" src=\"http:\/\/www.eloriente.net\/home\/wp-content\/themes\/city-desk\/timthumb.php?src=http%3A%2F%2Fwww.eloriente.net%2Fhome%2Fwp-content%2Fuploads%2F2014%2F04%2FBandera-Venezuela-Por-ruurmo.jpg&amp;q=90&amp;w=160&amp;h=106&amp;zc=1\" alt=\"Video: Cabeza Caliente y otras canciones en honor de estudiantes ca\u00eddos en Venezuela\" \/><\/a>eloriente.net 6 de abril de 2014 \u00a0 El consultor, comunicador y publicista J.J. Rend\u00f3n ha compartido en redes sociales una serie de videos y audios, algunos testimoniales y otros musicales, en relaci\u00f3n a la actual situaci\u00f3n de crisis en Venezuela. Por un lado, como un llamado de atenci\u00f3n a la comunidad internacional, sobre todo latinoamericana, [\u2026]<\/p>\n<p class=\"postmeta\"><span class=\"meta_date\">abril 6, 2014<\/span><\/p>\n<\/div>\n<div id=\"post-21192\" class=\"post-21192 post type-post status-publish format-standard has-post-thumbnail hentry category-canal-4-especiales category-derechos-humanos category-entradas category-lo-mas-reciente category-mexico-y-el-mundo entry loop-default border_bottom_30\">\n<h2 class=\"entry_title\"><a title=\"Enlace Permanente a Video: \u201cSi est\u00e1n viendo este video es porque ya estoy detenido\u201d: Leopoldo L\u00f3pez en Venezuela\" href=\"http:\/\/www.eloriente.net\/home\/2014\/02\/19\/video-si-estan-viendo-este-video-es-porque-ya-estoy-detenido-leopoldo-lopez-en-venezuela\/\" rel=\"bookmark\">Video: \u201cSi est\u00e1n viendo este video es porque ya estoy detenido\u201d: Leopoldo L\u00f3pez en Venezuela<\/a><\/h2>\n<p><a href=\"http:\/\/www.eloriente.net\/home\/2014\/02\/19\/video-si-estan-viendo-este-video-es-porque-ya-estoy-detenido-leopoldo-lopez-en-venezuela\/\" rel=\"bookmark\"><img decoding=\"async\" class=\"alignleft\" title=\"Video: \u201cSi est\u00e1n viendo este video es porque ya estoy detenido\u201d: Leopoldo L\u00f3pez en Venezuela\" src=\"http:\/\/www.eloriente.net\/home\/wp-content\/themes\/city-desk\/timthumb.php?src=http%3A%2F%2Fwww.eloriente.net%2Fhome%2Fwp-content%2Fuploads%2F2014%2F02%2FVideo-Gregorio-L%C3%B3pez.jpg&amp;q=90&amp;w=160&amp;h=106&amp;zc=1\" alt=\"Video: \u201cSi est\u00e1n viendo este video es porque ya estoy detenido\u201d: Leopoldo L\u00f3pez en Venezuela\" \/><\/a>eloriente.net 19 de febrero de 2014 Ayer, el l\u00edder opositor Leopoldo L\u00f3pez se entreg\u00f3 a las autoridades venezolanas, luego de asistir a una manifestaci\u00f3n masiva en Caracas, donde dirigi\u00f3 un mensaje para comunicarles su decisi\u00f3n de presentarse ante la autoridad, que le acusa de homicidio y terrorismo. En la jornada destaca, sin embargo, un mensaje [\u2026]<\/p>\n<p class=\"postmeta\"><span class=\"meta_date\">febrero 19, 2014<\/span><\/p>\n<\/div>\n<p>&nbsp;<\/p>\n\n\t\t\t  <div \n\t\t\t  \tclass = \"fb-comments\" \n\t\t\t  \tdata-href = \"http:\/\/www.eloriente.net\/home\/2015\/04\/24\/el-valiente-discurso-de-jorge-ramos-en-celebracion-de-time-venezuela-y-mexico\/\"\n\t\t\t  \tdata-numposts = \"10\"\n\t\t\t\tdata-colorscheme = \"dark\"\n\t\t\t\tdata-order-by = \"social\"\n\t\t\t\tdata-mobile=true>\n\t\t\t  <\/div>\n\t\t  <style>\n\t\t\t.fb_iframe_widget_fluid_desktop iframe {\n\t\t\t    width: 100% !important;\n\t\t\t}\n\t\t  <\/style>\n\t\t  ","protected":false},"excerpt":{"rendered":"<p>&nbsp; &nbsp; &nbsp; (www.eloriente.net, M\u00e9xico, 24 de abril de 2015).- Tal como lo comparte la Revista Time en su versi\u00f3n digital, en 6 minutos, es prestigiado periodista Jorge Ramos, repasa 4 delicados temas de la agenda latino-estadounidense que son centrales para entender el pasado, el presente y el futuro de la regi\u00f3n y sus habitantes. [&hellip;]<\/p>\n","protected":false},"author":1,"featured_media":36475,"comment_status":"open","ping_status":"open","sticky":false,"template":"","format":"standard","meta":{"_jetpack_memberships_contains_paid_content":false,"footnotes":""},"categories":[6,22,32,10,24],"tags":[3558,3556,3559,479],"class_list":["post-36474","post","type-post","status-publish","format-standard","has-post-thumbnail","hentry","category-canal-4-especiales","category-derechos-humanos","category-entradas","category-lo-mas-reciente","category-mexico-y-el-mundo","tag-jorge-ramos","tag-leopoldo-lopez","tag-time","tag-venezuela"],"jetpack_featured_media_url":"http:\/\/www.eloriente.net\/home\/wp-content\/uploads\/2015\/04\/JORGE-RAMOS-captura-gala-Time.png","jetpack_sharing_enabled":true,"_links":{"self":[{"href":"http:\/\/www.eloriente.net\/home\/wp-json\/wp\/v2\/posts\/36474"}],"collection":[{"href":"http:\/\/www.eloriente.net\/home\/wp-json\/wp\/v2\/posts"}],"about":[{"href":"http:\/\/www.eloriente.net\/home\/wp-json\/wp\/v2\/types\/post"}],"author":[{"embeddable":true,"href":"http:\/\/www.eloriente.net\/home\/wp-json\/wp\/v2\/users\/1"}],"replies":[{"embeddable":true,"href":"http:\/\/www.eloriente.net\/home\/wp-json\/wp\/v2\/comments?post=36474"}],"version-history":[{"count":2,"href":"http:\/\/www.eloriente.net\/home\/wp-json\/wp\/v2\/posts\/36474\/revisions"}],"predecessor-version":[{"id":36477,"href":"http:\/\/www.eloriente.net\/home\/wp-json\/wp\/v2\/posts\/36474\/revisions\/36477"}],"wp:featuredmedia":[{"embeddable":true,"href":"http:\/\/www.eloriente.net\/home\/wp-json\/wp\/v2\/media\/36475"}],"wp:attachment":[{"href":"http:\/\/www.eloriente.net\/home\/wp-json\/wp\/v2\/media?parent=36474"}],"wp:term":[{"taxonomy":"category","embeddable":true,"href":"http:\/\/www.eloriente.net\/home\/wp-json\/wp\/v2\/categories?post=36474"},{"taxonomy":"post_tag","embeddable":true,"href":"http:\/\/www.eloriente.net\/home\/wp-json\/wp\/v2\/tags?post=36474"}],"curies":[{"name":"wp","href":"https:\/\/api.w.org\/{rel}","templated":true}]}}