{"id":36784,"date":"2015-05-07T09:18:57","date_gmt":"2015-05-07T15:18:57","guid":{"rendered":"http:\/\/www.eloriente.net\/home\/?p=36784"},"modified":"2015-05-07T09:31:20","modified_gmt":"2015-05-07T15:31:20","slug":"abren-en-oaxaca-las-becas-conacyt-gobierno-estatal-2015","status":"publish","type":"post","link":"http:\/\/www.eloriente.net\/home\/2015\/05\/07\/abren-en-oaxaca-las-becas-conacyt-gobierno-estatal-2015\/","title":{"rendered":"Abren en Oaxaca las becas CONACYT-Gobierno estatal 2015"},"content":{"rendered":"<p><script src=\"\/\/pagead2.googlesyndication.com\/pagead\/js\/adsbygoogle.js\" async=\"\"><\/script><!-- BANNER ELORIENTE INCRUSTADO NOTAS --> <ins class=\"adsbygoogle\" style=\"display: inline-block; width: 300px; height: 250px;\" data-ad-client=\"ca-pub-1136171134853753\" data-ad-slot=\"7974633627\"><\/ins><script>\/\/ <![CDATA[\n(adsbygoogle = window.adsbygoogle || []).push({});\n\/\/ ]]><\/script><br \/>\n&nbsp;<\/p>\n<p>&nbsp;<\/p>\n<p>M\u00e9xico, DF. 6 de mayo de 2015 (Agencia Informativa Conacyt).- El gobierno del estado de Oaxaca, a trav\u00e9s del Consejo Oaxaque\u00f1o de Ciencia y Tecnolog\u00eda (Cocyt), convoca a profesionistas de la regi\u00f3n a inscribirse en la convocatoria Becas Conacyt-Gobierno del Estado de Oaxaca 2015.<\/p>\n<p>Podr\u00e1n participar los estudiantes que radiquen en dicha entidad federativa, egresados del nivel licenciatura, especializaci\u00f3n o maestr\u00eda de instituciones educativas preferentemente ubicadas en la regi\u00f3n, que deseen realizar estudios de doctorado o maestr\u00eda en el extranjero en programas de alta calidad y en \u00e1reas cient\u00edficas y tecnol\u00f3gicas relacionadas directamente con los sectores estrat\u00e9gicos de Oaxaca.<\/p>\n<p>El objetivo de la convocatoria es ofrecer apoyos con el fin de incrementar la capacidad cient\u00edfica, tecnol\u00f3gica y de innovaci\u00f3n de Oaxaca, y contribuir as\u00ed a su desarrollo.<\/p>\n<p>Cabe mencionar que las funciones del Cocyt incluyen promover y gestionar el otorgamiento de becas para estudios de educaci\u00f3n superior en \u00e1reas cient\u00edficas y tecnol\u00f3gicas en el pa\u00eds y en el extranjero, as\u00ed como coordinar y convenir con dependencias y organismos de la administraci\u00f3n p\u00fablica federal, estatal o municipal, instituciones u organismos nacionales y extranjeros, para el cumplimiento de sus objetivos.<\/p>\n<p>Los estudiantes podr\u00e1n elegir uno de los temas que se ubiquen dentro de alguna de siguientes \u00e1reas: salud p\u00fablica, cadena alimentaria, calidad de la educaci\u00f3n (solo doctorado), medio ambiente y recursos naturales, energ\u00edas renovables, innovaci\u00f3n y desarrollo tecnol\u00f3gico, turismo (solo doctorado), desarrollo regional y sustentable (solo doctorado), planeaci\u00f3n urbana y ambiental (solo doctorado), ciencias naturales y exactas aplicada el desarrollo de la educaci\u00f3n.<\/p>\n<p>La presentaci\u00f3n de la solicitud de beca para participar en el proceso de selecci\u00f3n consta de dos fases que son obligatorias cumplir para considerar el registro formal de la candidatura. Las solicitudes deber\u00e1n ajustarse a lo establecido en esta convocatoria, incluyendo los documentos que en ella se refieren y los formatos correspondientes.<\/p>\n<p>Los interesados deber\u00e1n crear o actualizar el Curr\u00edculum V\u00edtae \u00danico (CVU) disponible en el portal del Conacyt en el apartado Tr\u00e1mites y Servicios en L\u00ednea, adem\u00e1s de llenar correctamente el formato de solicitud dentro del mismo apartado.<\/p>\n<p>Para mayor informaci\u00f3n de las bases de inscripci\u00f3n, entra aqu\u00ed.<\/p>\n<p>Si tienes alguna duda, comun\u00edcate al Cocyt al tel\u00e9fono (951) 516-1651, o manda un correo electr\u00f3nico a <span id=\"cloak29972\"><a href=\"mailto:cocyt.aalbarran@gmail.com\">cocyt.aalbarran@gmail.com<\/a><\/span>. El horario de recepci\u00f3n de solicitudes es de lunes a viernes de 9:00 a 14:00 horas..<\/p>\n<p><a href=\"http:\/\/www.eloriente.net\/home\/wp-content\/uploads\/2012\/11\/Algunos-derechos-reservados-por-campusparty-internet-e1354473097509.jpg\"><img loading=\"lazy\" decoding=\"async\" class=\"alignnone size-medium wp-image-5670\" src=\"http:\/\/www.eloriente.net\/home\/wp-content\/uploads\/2012\/11\/Algunos-derechos-reservados-por-campusparty-internet-e1354473097509-300x200.jpg\" alt=\"Algunos derechos reservados por campusparty-internet\" width=\"300\" height=\"200\" srcset=\"http:\/\/www.eloriente.net\/home\/wp-content\/uploads\/2012\/11\/Algunos-derechos-reservados-por-campusparty-internet-e1354473097509-300x200.jpg 300w, http:\/\/www.eloriente.net\/home\/wp-content\/uploads\/2012\/11\/Algunos-derechos-reservados-por-campusparty-internet-e1354473097509.jpg 1024w\" sizes=\"(max-width: 300px) 100vw, 300px\" \/><\/a><\/p>\n<p>Algunos-derechos-reservados-por-campusparty-internet.jpg<\/p>\n<p><strong>OTRAS ENTRADAS:<\/strong><\/p>\n<div id=\"post-36602\" class=\"post-36602 post type-post status-publish format-standard has-post-thumbnail hentry category-convocatorias category-entradas category-especiales category-letras-educacion-y-cultura category-lo-mas-reciente category-mexico-y-el-mundo tag-canada tag-convocatoria tag-festival tag-poesia entry loop-default border_bottom_30\">\n<h2 class=\"entry_title\"><a title=\"Enlace Permanente a Festival Internacional de la po\u00e9sie de Trois-Rivi\u00e8res convoca a j\u00f3venes poetas de M\u00e9xico y Am\u00e9rica Latina\" href=\"http:\/\/www.eloriente.net\/home\/2015\/04\/29\/festival-internacional-de-la-poesie-de-trois-rivieres-convoca-a-a-jovenes-poetas-de-mexico-y-america-latina\/\" rel=\"bookmark\">Festival Internacional de la po\u00e9sie de Trois-Rivi\u00e8res convoca a j\u00f3venes poetas de M\u00e9xico y Am\u00e9rica Latina<\/a><\/h2>\n<p><a href=\"http:\/\/www.eloriente.net\/home\/2015\/04\/29\/festival-internacional-de-la-poesie-de-trois-rivieres-convoca-a-a-jovenes-poetas-de-mexico-y-america-latina\/\" rel=\"bookmark\"><img decoding=\"async\" class=\"alignleft\" title=\"Festival Internacional de la po\u00e9sie de Trois-Rivi\u00e8res convoca a j\u00f3venes poetas de M\u00e9xico y Am\u00e9rica Latina\" src=\"http:\/\/www.eloriente.net\/home\/wp-content\/themes\/city-desk\/timthumb.php?src=http%3A%2F%2Fwww.eloriente.net%2Fhome%2Fwp-content%2Fuploads%2F2015%2F04%2FTrois-Rivi%C3%A8res.png&amp;q=90&amp;w=160&amp;h=106&amp;zc=1\" alt=\"Festival Internacional de la po\u00e9sie de Trois-Rivi\u00e8res convoca a j\u00f3venes poetas de M\u00e9xico y Am\u00e9rica Latina\" \/><\/a>(eloriente.net, M\u00e9xico, 28 de abril de 2015. Redacci\u00f3n).- Si tienes entre 18 y 35 a\u00f1os de edad y has publicado al menos un libro de poes\u00eda, eres candidato a participar en la XXXI edici\u00f3n del Festival Internacional de la po\u00e9sie de Trois-Rivi\u00e8res que se realizara\u0301 del 2 al 11 de octubre de 2015 en la [\u2026]<\/p>\n<div class=\"toolbar-social\">\n<div class=\"social-widget\">\n<div id=\"sharing-widget\"><a class=\"button icon-share\">Compartir<\/a><span class=\"share-count\">7<\/span><\/div>\n<\/div>\n<\/div>\n<p class=\"postmeta\"><span class=\"meta_date\">abril 29, 2015<\/span><\/p>\n<\/div>\n<div id=\"post-36217\" class=\"post-36217 post type-post status-publish format-standard has-post-thumbnail hentry category-comunicados-y-boletines category-convocatorias category-destacadas category-entradas category-lo-mas-reciente category-mexico-y-el-mundo category-principal tag-francia tag-periodismo tag-radio-francia entry loop-default border_bottom_30\">\n<h2 class=\"entry_title\"><a title=\"Enlace Permanente a Env\u00eda proyecto radiof\u00f3nico a Radio Francia y gana pasant\u00eda en Par\u00eds\" href=\"http:\/\/www.eloriente.net\/home\/2015\/04\/14\/envia-proyecto-radiofonico-a-radio-francia-y-gana-pasantia-en-paris\/\" rel=\"bookmark\">Env\u00eda proyecto radiof\u00f3nico a Radio Francia y gana pasant\u00eda en Par\u00eds<\/a><\/h2>\n<p><a href=\"http:\/\/www.eloriente.net\/home\/2015\/04\/14\/envia-proyecto-radiofonico-a-radio-francia-y-gana-pasantia-en-paris\/\" rel=\"bookmark\"><img decoding=\"async\" class=\"alignleft\" title=\"Env\u00eda proyecto radiof\u00f3nico a Radio Francia y gana pasant\u00eda en Par\u00eds\" src=\"http:\/\/www.eloriente.net\/home\/wp-content\/themes\/city-desk\/timthumb.php?src=http%3A%2F%2Fwww.eloriente.net%2Fhome%2Fwp-content%2Fuploads%2F2015%2F01%2FHotel-de-ville-paris-licencia-cc-serge-melki.jpg&amp;q=90&amp;w=160&amp;h=106&amp;zc=1\" alt=\"Env\u00eda proyecto radiof\u00f3nico a Radio Francia y gana pasant\u00eda en Par\u00eds\" \/><\/a>\u00a0 \u00a0 eloriente.net\/RFI 14 de abril de 2015 RFI lanza la primera edici\u00f3n del Premio \u00ab\u00a0Reportaje de RFI en espa\u00f1ol\u00a0\u00bb para los estudiantes de menos de 30 a\u00f1os, que cursan estudios en Universidades que ense\u00f1an la carrera de periodismo en toda la Am\u00e9rica Latina. Este Premio tiene como objetivo estrechar los lazos que unen RFI [\u2026]<\/p>\n<div class=\"toolbar-social\">\n<div class=\"social-widget\">\n<div id=\"sharing-widget\"><a class=\"button icon-share\">Compartir<\/a><span class=\"share-count\">17<\/span><\/div>\n<\/div>\n<\/div>\n<p class=\"postmeta\"><span class=\"meta_date\">abril 14, 2015<\/span><\/p>\n<\/div>\n<p>&nbsp;<\/p>\n\n\t\t\t  <div \n\t\t\t  \tclass = \"fb-comments\" \n\t\t\t  \tdata-href = \"http:\/\/www.eloriente.net\/home\/2015\/05\/07\/abren-en-oaxaca-las-becas-conacyt-gobierno-estatal-2015\/\"\n\t\t\t  \tdata-numposts = \"10\"\n\t\t\t\tdata-colorscheme = \"dark\"\n\t\t\t\tdata-order-by = \"social\"\n\t\t\t\tdata-mobile=true>\n\t\t\t  <\/div>\n\t\t  <style>\n\t\t\t.fb_iframe_widget_fluid_desktop iframe {\n\t\t\t    width: 100% !important;\n\t\t\t}\n\t\t  <\/style>\n\t\t  ","protected":false},"excerpt":{"rendered":"<p>&nbsp; &nbsp; M\u00e9xico, DF. 6 de mayo de 2015 (Agencia Informativa Conacyt).- El gobierno del estado de Oaxaca, a trav\u00e9s del Consejo Oaxaque\u00f1o de Ciencia y Tecnolog\u00eda (Cocyt), convoca a profesionistas de la regi\u00f3n a inscribirse en la convocatoria Becas Conacyt-Gobierno del Estado de Oaxaca 2015. Podr\u00e1n participar los estudiantes que radiquen en dicha entidad [&hellip;]<\/p>\n","protected":false},"author":1,"featured_media":5670,"comment_status":"open","ping_status":"open","sticky":false,"template":"","format":"standard","meta":{"_jetpack_memberships_contains_paid_content":false,"footnotes":""},"categories":[1588,32,63,464],"tags":[1732,2548,224],"class_list":["post-36784","post","type-post","status-publish","format-standard","has-post-thumbnail","hentry","category-comunicados-y-boletines","category-entradas","category-estados","category-oaxaca-estados","tag-becas","tag-convocatorias-2","tag-universidades-2"],"jetpack_featured_media_url":"http:\/\/www.eloriente.net\/home\/wp-content\/uploads\/2012\/11\/Algunos-derechos-reservados-por-campusparty-internet-e1354473097509.jpg","jetpack_sharing_enabled":true,"_links":{"self":[{"href":"http:\/\/www.eloriente.net\/home\/wp-json\/wp\/v2\/posts\/36784"}],"collection":[{"href":"http:\/\/www.eloriente.net\/home\/wp-json\/wp\/v2\/posts"}],"about":[{"href":"http:\/\/www.eloriente.net\/home\/wp-json\/wp\/v2\/types\/post"}],"author":[{"embeddable":true,"href":"http:\/\/www.eloriente.net\/home\/wp-json\/wp\/v2\/users\/1"}],"replies":[{"embeddable":true,"href":"http:\/\/www.eloriente.net\/home\/wp-json\/wp\/v2\/comments?post=36784"}],"version-history":[{"count":1,"href":"http:\/\/www.eloriente.net\/home\/wp-json\/wp\/v2\/posts\/36784\/revisions"}],"predecessor-version":[{"id":36785,"href":"http:\/\/www.eloriente.net\/home\/wp-json\/wp\/v2\/posts\/36784\/revisions\/36785"}],"wp:featuredmedia":[{"embeddable":true,"href":"http:\/\/www.eloriente.net\/home\/wp-json\/wp\/v2\/media\/5670"}],"wp:attachment":[{"href":"http:\/\/www.eloriente.net\/home\/wp-json\/wp\/v2\/media?parent=36784"}],"wp:term":[{"taxonomy":"category","embeddable":true,"href":"http:\/\/www.eloriente.net\/home\/wp-json\/wp\/v2\/categories?post=36784"},{"taxonomy":"post_tag","embeddable":true,"href":"http:\/\/www.eloriente.net\/home\/wp-json\/wp\/v2\/tags?post=36784"}],"curies":[{"name":"wp","href":"https:\/\/api.w.org\/{rel}","templated":true}]}}