{"id":36821,"date":"2015-05-08T12:45:24","date_gmt":"2015-05-08T18:45:24","guid":{"rendered":"http:\/\/www.eloriente.net\/home\/?p=36821"},"modified":"2015-05-08T12:56:09","modified_gmt":"2015-05-08T18:56:09","slug":"a-quien-votara-el-voto-de-castigo-el-debate","status":"publish","type":"post","link":"http:\/\/www.eloriente.net\/home\/2015\/05\/08\/a-quien-votara-el-voto-de-castigo-el-debate\/","title":{"rendered":"\u00bfA qui\u00e9n votar\u00e1 el Voto de Castigo? Debate"},"content":{"rendered":"<p><script src=\"\/\/pagead2.googlesyndication.com\/pagead\/js\/adsbygoogle.js\" async=\"\"><\/script><!-- BANNER ELORIENTE INCRUSTADO NOTAS --> <ins class=\"adsbygoogle\" style=\"display: inline-block; width: 300px; height: 250px;\" data-ad-client=\"ca-pub-1136171134853753\" data-ad-slot=\"7974633627\"><\/ins><script>\/\/ <![CDATA[\n(adsbygoogle = window.adsbygoogle || []).push({});\n\/\/ ]]><\/script><br \/>\n<a href=\"www.eloriente.net\" target=\"_blank\">www.eloriente.net<\/a><\/p>\n<p>8 de mayo de 2015<\/p>\n<p style=\"text-align: right;\"><strong>Editorial<\/strong><\/p>\n<p>Una de las m\u00e1s extendidas teor\u00edas del comportamiento electoral indica que <strong>los individuos deciden su voto fundamentalmente a partir de los beneficios que les ha proporcionado el gobierno en turno<\/strong>, y de los probables beneficios que piensan recibir de los partidos y candidatos contrincantes.<\/p>\n<p>Por supuesto, a la palabra beneficios hay que adjuntarle la palabra perjuicios.<\/p>\n<p>Es decir, las acciones o inacciones del gobierno en turno son raz\u00f3n para continuar aval\u00e1ndolo con el voto a su partido o candidatos, o bien, para enviarle un mensaje de castigo a trav\u00e9s del voto en contra, prefiriendo otra opci\u00f3n antag\u00f3nica o de plano anulando el sufragio.<\/p>\n<p>En Oaxaca, la inc\u00f3gnita del voto de castigo o de premio a\u00fan est\u00e1 en el aire.<\/p>\n<p>De hecho, este enfoque ha estado alejado por completo de los discursos y las estrategias de los candidatos a las diputaciones federales. A no ser por ciertas cr\u00edticas a la gesti\u00f3n y cierto descontento, lo claro es que <strong>hasta el momento ning\u00fan o ninguna candidata ha logrado atraerlo indiscutiblemente a sus preferencias.<\/strong><\/p>\n<p>Razones puede haber varias. Obviamente la primera es que el gobierno estatal de Gabino Cu\u00e9 fue propuesto <strong>por 4 fuerzas coaligadas<\/strong> que por la misma causa dif\u00edcilmente podr\u00edan afrontar un discurso de confrontaci\u00f3n con su otrora abanderado: Partido Acci\u00f3n Nacional (PAN); Partido de la Revoluci\u00f3n Democr\u00e1tica (PRD); Partido del Trabajo (PT); y Convergencia hoy Movimiento Ciudadano (MC).<\/p>\n<p>Por cierto, fuerzas que fueron las grandes beneficiarias de este mismo voto de castigo en 2010.<\/p>\n<p><strong>Sin embargo, en 2015, si no se han confrontado tampoco han promovido los logros del gobierno.<\/strong><\/p>\n<p>Ello deja en la indefinici\u00f3n sus plataformas y discursos, pues hablan en el aire, prometiendo futuro sin los pies sobre la tierra del presente y a\u00fan de sus propios resultados recientes.<\/p>\n<p><strong>Lo anterior, a pesar de que posicionarse en ambos sentidos (a favor o en contra) podr\u00eda ser ventajoso en t\u00e9rminos de votos.<\/strong><\/p>\n<p><strong>El gobernador Cu\u00e9 mantiene una aprobaci\u00f3n de 49.5% de los ciudadanos.<\/strong> (<a href=\"http:\/\/www.eloriente.net\/home\/2014\/08\/19\/pri-prd-y-pan-en-empate-tecnico-en-oaxaca-segun-mitofsky\/\" target=\"_blank\">Ver aqu\u00ed los datos de Consulta Mitofsky recogidos en su momento por EL ORIENTE<\/a>). Pero divididos a la mitad, es evidente que el voto que apele al desacuerdo tambi\u00e9n tiene un peso espec\u00edfico, m\u00e1s a\u00fan <strong>tomando en consideraci\u00f3n el agravamiento de la dif\u00edcil situaci\u00f3n econ\u00f3mica en M\u00e9xico, que es por mucho el principal motivo de preocupaci\u00f3n de los votantes en Oaxaca<\/strong> (Crisis 33.1%, Desempleo 15.4%, Pobreza 12%, Inflaci\u00f3n 3.5%, entre otros de la misma dimensi\u00f3n que suman casi 85% de las inquietudes ciudadanas).<\/p>\n<p><strong>Por eso, la inc\u00f3gnita que hay que develar en los pr\u00f3ximos 29 d\u00edas restantes, es esta: \u00bfA qui\u00e9n votar\u00e1 el voto de castigo? \u00bfY a qui\u00e9n premiar\u00e1?<\/strong><\/p>\n<p>\u00bfQu\u00e9 candidato o candidata podr\u00e1 posicionarse como el receptor de una u otra tendencia?<\/p>\n<p><strong>El debate del pr\u00f3ximo lunes 8, en el caso de Oaxaca de Ju\u00e1rez, y el resto por venir, tendr\u00e1 estas preguntas en el aire.<\/strong><\/p>\n<p>Y otras m\u00e1s: \u00bfHabr\u00e1 alg\u00fan candidato entonces que defienda la administraci\u00f3n estatal? \u00bfAlguno de los candidatos de &#8216;extracci\u00f3n ciudadana&#8217; tendr\u00e1 el temple y el s\u00f3lido discurso que le permita posicionarse ante los partidos tradicionales?<\/p>\n<p><strong>De no responder estas cuestiones, los fantasmas del voto nulo o blanco, y a\u00fan de la abstenci\u00f3n, cernir\u00e1n definitivamente sus fauces<\/strong> sobre la jornada electoral no sin raz\u00f3n, pues como lo escribiera Meyer durante aquella campa\u00f1a anulacionista de 2009: \u00abla raz\u00f3n de fondo de la actual desilusi\u00f3n ciudadana (tiene entre sus fuentes) la incapacidad de los partidos de tomar en cuenta, de asumir como propios y transformar en pol\u00edticas efectivas los intereses de la mayor\u00eda\u00bb.<\/p>\n<p><em><strong>direcciongeneral@eloriente.net<\/strong><\/em><\/p>\n<p>&nbsp;<\/p>\n<p><a href=\"http:\/\/www.eloriente.net\/home\/wp-content\/uploads\/2015\/05\/Micro\u0301fono-cc-federation-monthly-meeting.jpg\"><img loading=\"lazy\" decoding=\"async\" class=\"alignnone size-medium wp-image-36822\" src=\"http:\/\/www.eloriente.net\/home\/wp-content\/uploads\/2015\/05\/Micro\u0301fono-cc-federation-monthly-meeting-190x300.jpg\" alt=\"Micro\u0301fono cc federation monthly meeting\" width=\"190\" height=\"300\" \/><\/a><\/p>\n<p>Licencia CC. Dar clik para cr\u00e9dito.<\/p>\n<p><strong>OTRAS ENTRADAS:<\/strong><\/p>\n<div id=\"post-36011\" class=\"post-36011 post type-post status-publish format-standard has-post-thumbnail hentry category-capital category-destacadas category-editorial category-elecciones category-entradas category-estados category-mexico-y-el-mundo category-politica-y-gobierno category-principal tag-amlo tag-elecciones-2015 tag-morena tag-nueva-alianza tag-oaxaca tag-pan tag-prd tag-pri entry loop-default border_bottom_30\">\n<h2 class=\"entry_title\"><a title=\"Enlace Permanente a Elecciones 2015: Claves de Arranque\" href=\"http:\/\/www.eloriente.net\/home\/2015\/04\/07\/elecciones-2015-claves-de-arranque\/\" rel=\"bookmark\">Elecciones 2015: Claves de Arranque<\/a><\/h2>\n<p><a href=\"http:\/\/www.eloriente.net\/home\/2015\/04\/07\/elecciones-2015-claves-de-arranque\/\" rel=\"bookmark\"><img decoding=\"async\" class=\"alignleft\" title=\"Elecciones 2015: Claves de Arranque\" src=\"http:\/\/www.eloriente.net\/home\/wp-content\/themes\/city-desk\/timthumb.php?src=http%3A%2F%2Fwww.eloriente.net%2Fhome%2Fwp-content%2Fuploads%2F2015%2F04%2FElecciones-2015-claves-de-arranque1.png&amp;q=90&amp;w=160&amp;h=106&amp;zc=1\" alt=\"Elecciones 2015: Claves de Arranque\" \/><\/a>eloriente.net 7 de abril de 2015 Editorial Ya con las listas de candidatos definitivas y con las plataformas electorales definidas, los ciudadanos nos estaremos enfrentando a un periodo intenso de campa\u00f1as rumbo a las elecciones del 7 de junio, en las que se renovar\u00e1 la C\u00e1mara de Diputados federal. 500 diputados renovados, 500 personas que [\u2026]<\/p>\n<div class=\"toolbar-social\">\n<div class=\"social-widget\">\n<div id=\"sharing-widget\"><a class=\"button icon-share\">Compartir<\/a> <span class=\"share-count\">29<\/span><\/div>\n<\/div>\n<\/div>\n<p class=\"postmeta\"><span class=\"meta_date\">abril 7, 2015<\/span><\/p>\n<\/div>\n<div id=\"post-35716\" class=\"post-35716 post type-post status-publish format-standard has-post-thumbnail hentry category-derechos-humanos category-editorial category-entradas category-estados category-oaxaca-estados category-politica-y-gobierno tag-encuesta tag-justicia tag-manifestaciones entry loop-default border_bottom_30\">\n<h2 class=\"entry_title\"><a title=\"Enlace Permanente a Oaxaca: Justicia por propia mano\" href=\"http:\/\/www.eloriente.net\/home\/2015\/03\/04\/oaxaca-justicia-por-propia-mano\/\" rel=\"bookmark\">Oaxaca: Justicia por propia mano<\/a><\/h2>\n<p><a href=\"http:\/\/www.eloriente.net\/home\/2015\/03\/04\/oaxaca-justicia-por-propia-mano\/\" rel=\"bookmark\"><img decoding=\"async\" class=\"alignleft\" title=\"Oaxaca: Justicia por propia mano\" src=\"http:\/\/www.eloriente.net\/home\/wp-content\/themes\/city-desk\/timthumb.php?src=http%3A%2F%2Fwww.eloriente.net%2Fhome%2Fwp-content%2Fuploads%2F2015%2F03%2FGra%CC%81fica-resultados-encuesta.png&amp;q=90&amp;w=160&amp;h=106&amp;zc=1\" alt=\"Oaxaca: Justicia por propia mano\" \/><\/a>\u00a0 \u00a0 (www.eloriente.net, M\u00e9xico, 4 de marzo de 2015).- Es com\u00fan en el ambiente de los programadores y editores de contenido a la hora de idear y armar nuevos productos y aplicaciones, el que se ponga sobre la mesa la necesidad de alg\u00fan mecanismo de alerta de bloqueos, marchas y plantones. Y es com\u00fan, porque [\u2026]<\/p>\n<div class=\"toolbar-social\">\n<div class=\"social-widget\">\n<div id=\"sharing-widget\"><a class=\"button icon-share\">Compartir<\/a> <span class=\"share-count\">23<\/span><\/div>\n<\/div>\n<\/div>\n<p class=\"postmeta\"><span class=\"meta_date\">marzo 4, 2015<\/span><\/p>\n<\/div>\n<p>&nbsp;<\/p>\n<p>&nbsp;<\/p>\n<p>&nbsp;<\/p>\n<p>&nbsp;<\/p>\n<p>&nbsp;<\/p>\n<p>&nbsp;<\/p>\n<p>&nbsp;<\/p>\n\n\t\t\t  <div \n\t\t\t  \tclass = \"fb-comments\" \n\t\t\t  \tdata-href = \"http:\/\/www.eloriente.net\/home\/2015\/05\/08\/a-quien-votara-el-voto-de-castigo-el-debate\/\"\n\t\t\t  \tdata-numposts = \"10\"\n\t\t\t\tdata-colorscheme = \"dark\"\n\t\t\t\tdata-order-by = \"social\"\n\t\t\t\tdata-mobile=true>\n\t\t\t  <\/div>\n\t\t  <style>\n\t\t\t.fb_iframe_widget_fluid_desktop iframe {\n\t\t\t    width: 100% !important;\n\t\t\t}\n\t\t  <\/style>\n\t\t  ","protected":false},"excerpt":{"rendered":"<p>www.eloriente.net 8 de mayo de 2015 Editorial Una de las m\u00e1s extendidas teor\u00edas del comportamiento electoral indica que los individuos deciden su voto fundamentalmente a partir de los beneficios que les ha proporcionado el gobierno en turno, y de los probables beneficios que piensan recibir de los partidos y candidatos contrincantes. Por supuesto, a la [&hellip;]<\/p>\n","protected":false},"author":1,"featured_media":36822,"comment_status":"open","ping_status":"open","sticky":false,"template":"","format":"standard","meta":{"_jetpack_memberships_contains_paid_content":false,"footnotes":""},"categories":[49,9,32,63,464,21],"tags":[3595,3225,1330],"class_list":["post-36821","post","type-post","status-publish","format-standard","has-post-thumbnail","hentry","category-destacadas","category-editorial","category-entradas","category-estados","category-oaxaca-estados","category-politica-y-gobierno","tag-debate-politico","tag-elecciones-2015","tag-elecciones-oaxaca"],"jetpack_featured_media_url":"http:\/\/www.eloriente.net\/home\/wp-content\/uploads\/2015\/05\/Micro\u0301fono-cc-federation-monthly-meeting-e1431111027260.jpg","jetpack_sharing_enabled":true,"_links":{"self":[{"href":"http:\/\/www.eloriente.net\/home\/wp-json\/wp\/v2\/posts\/36821"}],"collection":[{"href":"http:\/\/www.eloriente.net\/home\/wp-json\/wp\/v2\/posts"}],"about":[{"href":"http:\/\/www.eloriente.net\/home\/wp-json\/wp\/v2\/types\/post"}],"author":[{"embeddable":true,"href":"http:\/\/www.eloriente.net\/home\/wp-json\/wp\/v2\/users\/1"}],"replies":[{"embeddable":true,"href":"http:\/\/www.eloriente.net\/home\/wp-json\/wp\/v2\/comments?post=36821"}],"version-history":[{"count":4,"href":"http:\/\/www.eloriente.net\/home\/wp-json\/wp\/v2\/posts\/36821\/revisions"}],"predecessor-version":[{"id":36826,"href":"http:\/\/www.eloriente.net\/home\/wp-json\/wp\/v2\/posts\/36821\/revisions\/36826"}],"wp:featuredmedia":[{"embeddable":true,"href":"http:\/\/www.eloriente.net\/home\/wp-json\/wp\/v2\/media\/36822"}],"wp:attachment":[{"href":"http:\/\/www.eloriente.net\/home\/wp-json\/wp\/v2\/media?parent=36821"}],"wp:term":[{"taxonomy":"category","embeddable":true,"href":"http:\/\/www.eloriente.net\/home\/wp-json\/wp\/v2\/categories?post=36821"},{"taxonomy":"post_tag","embeddable":true,"href":"http:\/\/www.eloriente.net\/home\/wp-json\/wp\/v2\/tags?post=36821"}],"curies":[{"name":"wp","href":"https:\/\/api.w.org\/{rel}","templated":true}]}}