{"id":36838,"date":"2015-05-09T11:03:23","date_gmt":"2015-05-09T17:03:23","guid":{"rendered":"http:\/\/www.eloriente.net\/home\/?p=36838"},"modified":"2015-05-12T09:07:25","modified_gmt":"2015-05-12T15:07:25","slug":"depuracion-etnica-exposicion-fotografica-para-cuestionar-el-rostro-de-mexico","status":"publish","type":"post","link":"http:\/\/www.eloriente.net\/home\/2015\/05\/09\/depuracion-etnica-exposicion-fotografica-para-cuestionar-el-rostro-de-mexico\/","title":{"rendered":"Depuraci\u00f3n \u00c9tnica: Exposici\u00f3n fotogr\u00e1fica para cuestionar el \u00abrostro\u00bb de M\u00e9xico"},"content":{"rendered":"<p><script src=\"\/\/pagead2.googlesyndication.com\/pagead\/js\/adsbygoogle.js\" async=\"\"><\/script><!-- BANNER ELORIENTE INCRUSTADO NOTAS --> <ins class=\"adsbygoogle\" style=\"display: inline-block; width: 300px; height: 250px;\" data-ad-client=\"ca-pub-1136171134853753\" data-ad-slot=\"7974633627\"><\/ins><script>\/\/ <![CDATA[\n(adsbygoogle = window.adsbygoogle || []).push({});\n\/\/ ]]><\/script><\/p>\n<p>(<a href=\"http:\/\/www.eloriente.net\/home\/\">eloriente.net<\/a>, M\u00e9xico a 09 de mayo de 2015. Por: Nadir Quiroz).- <em>Depuraci\u00f3n \u00c9tnica<\/em> lleva por t\u00edtulo la exposici\u00f3n que presenta el artista visual Oscar Farf\u00e1n (Guatemala 1973) en el Museo de Arte Contempor\u00e1neo de Oaxaca, nombre\u00a0por dem\u00e1s sugerente para una muestra fotogr\u00e1fica que retrata los rostros del M\u00e9xico contempor\u00e1neo, donde bien podr\u00edan caber los rostros del mundo para romper el mito de una naci\u00f3n que se defini\u00f3 a s\u00ed misma como mestiza a partir de la colonia y que ha intentado mantener esa imagen para sustentar la idea de \u00abidentidad nacional\u00bb.<\/p>\n<p>La obra est\u00e1 compuesta por m\u00e1s de 1600 retratos de j\u00f3venes que fueron elegidos de manera aleatoria en diversos estados de la rep\u00fablica. El proyecto desarroll\u00f3\u00a0su primera fase entre 2012 y 2013.<\/p>\n<p>Acompa\u00f1ado de recursos como el video, audio, fotograf\u00edas antiguas y textos hist\u00f3ricos que acompa\u00f1an al registro visual tomado por el artista, D<em>epuraci\u00f3n \u00c9tnica\u00a0<\/em>resulta una experiencia inquietante para cumplir con su objetivo de cuestionar la idea que cada uno de nosotros tiene sobre el \u00abrostro\u00bb de M\u00e9xico, de\u00a0los rasgos fenot\u00edpicos que definen a los habitantes de nuestro pa\u00eds, haciendo una fuerte cr\u00edtica al proceso de homogeneizaci\u00f3n racial que se busc\u00f3 desde el siglo XVII en nuestro pa\u00eds para \u00abdesindianizar\u00bb al indio como refiere Guillermo Bonfil Batalla.<\/p>\n<p>La exposici\u00f3n recupera el texto de Pedro Alonso O\u00b4Crowley (Idea Compendiosa de la Nueva Espa\u00f1a 1774) para mostrar la forma en que los espa\u00f1oles defin\u00edan a los habitantes de M\u00e9xico, con el\u00a0fin de distinguir sus diferencias y catalogar la naturaleza de las personas nacidas de la combinaci\u00f3n de castas, proceso que hasta nuestros d\u00edas se percibe, usando a la imagen como veh\u00edculo de \u00e9stas ideas decimon\u00f3nicas que originan prejuicios raciales y de clase como menciona Eloisa Mora.<\/p>\n<p>El aporte de la exposici\u00f3n fotogr\u00e1fica no se queda en la exploraci\u00f3n visual etnogr\u00e1fica, ni en la intenci\u00f3n est\u00e9tica de los retratos, va mas all\u00e1 invit\u00e1ndonos a realizar un cuestionamiento profundo de nuestras\u00a0propias ra\u00edces, a preguntarnos sobre el lugar que cada uno de nosotros tendr\u00eda en el mosaico de im\u00e1genes mostradas, a identificar nuestras similitudes y diferencias con los \u00abotros\u00bb habitantes del pa\u00eds que han aportado su rostro para mostrar la diversidad del M\u00e9xico contempor\u00e1neo.<\/p>\n<p>Las fotograf\u00edas e ilustraciones antiguas sirven como una referencia obligada para identificar como ha evolucionado y lo mucho que se ha transformado el \u00abrostro\u00bb de nuestra naci\u00f3n, oblig\u00e1ndonos a cuestionar si todav\u00eda el t\u00e9rmino \u00abind\u00edgenas\u00bb, \u00abafrodescendientes\u00bb y \u00abmestizos\u00bb siguen bastando para identificar a los que habitamos este pa\u00eds.<\/p>\n<p>Con la exposici\u00f3n abierta al p\u00fablico, invitamos a conocer parte de la obra para repensar desde lo local el rostro del \u00aboaxaque\u00f1o\u00bb, y\u00a0quiz\u00e1, en un futuro no muy lejano; redefinir y\/o terminar con los estereotipos que se ciernen sobre nosotros, teniendo al arte como veh\u00edculo.<\/p>\n<p><a href=\"http:\/\/www.eloriente.net\/home\/wp-content\/uploads\/2015\/05\/Depuraci\u00f3n-Etnica.png\"><img loading=\"lazy\" decoding=\"async\" class=\"alignnone  wp-image-36840\" src=\"http:\/\/www.eloriente.net\/home\/wp-content\/uploads\/2015\/05\/Depuraci\u00f3n-Etnica-300x183.png\" alt=\"Depuraci\u00f3n Etnica\" width=\"390\" height=\"238\" srcset=\"http:\/\/www.eloriente.net\/home\/wp-content\/uploads\/2015\/05\/Depuraci\u00f3n-Etnica-300x183.png 300w, http:\/\/www.eloriente.net\/home\/wp-content\/uploads\/2015\/05\/Depuraci\u00f3n-Etnica-900x549.png 900w, http:\/\/www.eloriente.net\/home\/wp-content\/uploads\/2015\/05\/Depuraci\u00f3n-Etnica.png 920w\" sizes=\"(max-width: 390px) 100vw, 390px\" \/><\/a><\/p>\n<p>&nbsp;<\/p>\n<p><a href=\"http:\/\/www.eloriente.net\/home\/wp-content\/uploads\/2015\/05\/depuraci\u00f3n-\u00e9tnica-6-e1431198616698.jpg\"><img loading=\"lazy\" decoding=\"async\" class=\"alignnone wp-image-36852 \" src=\"http:\/\/www.eloriente.net\/home\/wp-content\/uploads\/2015\/05\/depuraci\u00f3n-\u00e9tnica-6-e1431198616698-300x188.jpg\" alt=\"\" width=\"383\" height=\"240\" srcset=\"http:\/\/www.eloriente.net\/home\/wp-content\/uploads\/2015\/05\/depuraci\u00f3n-\u00e9tnica-6-e1431198616698-300x188.jpg 300w, http:\/\/www.eloriente.net\/home\/wp-content\/uploads\/2015\/05\/depuraci\u00f3n-\u00e9tnica-6-e1431198616698-900x566.jpg 900w, http:\/\/www.eloriente.net\/home\/wp-content\/uploads\/2015\/05\/depuraci\u00f3n-\u00e9tnica-6-e1431198616698.jpg 960w\" sizes=\"(max-width: 383px) 100vw, 383px\" \/><\/a><\/p>\n<p>Imagenes: eloriente.net<\/p>\n<p>OTRAS ENTRADAS:<\/p>\n<div id=\"post-35507\" class=\"post-35507 post type-post status-publish format-standard has-post-thumbnail hentry category-comunicacion-educacion-y-cultura category-educacion-y-cultura category-entradas category-lo-mas-reciente category-mexico-y-el-mundo category-principal category-turismo-y-negocios tag-concurso tag-creatividad tag-fotografias tag-ganadores tag-world-press entry loop-default border_bottom_30\">\n<h2 class=\"entry_title\"><a title=\"Enlace Permanente a Incre\u00edbles fotograf\u00edas ganadoras del World Press Photo 2015\" href=\"http:\/\/www.eloriente.net\/home\/2015\/02\/15\/increibles-fotografias-ganadoras-del-world-press-photo-2015\/\" rel=\"bookmark\">Incre\u00edbles fotograf\u00edas ganadoras del World Press Photo 2015<\/a><\/h2>\n<p><a href=\"http:\/\/www.eloriente.net\/home\/2015\/02\/15\/increibles-fotografias-ganadoras-del-world-press-photo-2015\/\" rel=\"bookmark\"><img decoding=\"async\" class=\"alignleft\" title=\"Incre\u00edbles fotograf\u00edas ganadoras del World Press Photo 2015\" src=\"http:\/\/www.eloriente.net\/home\/wp-content\/themes\/city-desk\/timthumb.php?src=http%3A%2F%2Fwww.eloriente.net%2Fhome%2Fwp-content%2Fuploads%2F2015%2F02%2F4e27208bec41f4970451772e0e017098-large.jpg&amp;q=90&amp;w=160&amp;h=106&amp;zc=1\" alt=\"Incre\u00edbles fotograf\u00edas ganadoras del World Press Photo 2015\" \/><\/a>(www.eloriente.net, M\u00e9xico 15 de Febrero del 2015).- Los Premios World Press Photo\u00a0anunciaron a los 42 fot\u00f3grafos ganadores de este a\u00f1o, entre los que se encuentran Michele Palazzi, Glenna Gordon;\u00a0adem\u00e1s de Darcy Padilla. Estos premios se otorgaron despu\u00e9s de analizar casi 100,000 im\u00e1genes presentadas por 6,000 fot\u00f3grafos en todo el mundo. World Press Photo es una [\u2026]<\/p>\n<p class=\"postmeta\"><span class=\"meta_date\">febrero 15, 2015\u00a0<\/span><span class=\"meta_permalink\"><a title=\"Enlace Permanente a Incre\u00edbles fotograf\u00edas ganadoras del World Press Photo 2015\" href=\"http:\/\/www.eloriente.net\/home\/2015\/02\/15\/increibles-fotografias-ganadoras-del-world-press-photo-2015\/\" rel=\"bookmark\">Leer Mas<\/a><\/span><span class=\"meta_edit\"><a class=\"post-edit-link\" href=\"http:\/\/www.eloriente.net\/home\/wp-admin\/post.php?post=35507&amp;action=edit\">#<\/a><\/span><\/p>\n<\/div>\n<div id=\"post-35089\" class=\"post-35089 post type-post status-publish format-standard has-post-thumbnail hentry category-comunicados-y-boletines category-destacadas category-educacion-y-cultura category-entradas category-lo-mas-reciente category-mexico-y-el-mundo category-principal tag-arte tag-artistas tag-fotografia tag-oaxaca tag-paris entry loop-default border_bottom_30\">\n<h2 class=\"entry_title\"><a title=\"Enlace Permanente a La joven fotograf\u00eda europea en \u2018Circulation(s)\u2019\" href=\"http:\/\/www.eloriente.net\/home\/2015\/01\/27\/35089\/\" rel=\"bookmark\">La joven fotograf\u00eda europea en \u2018Circulation(s)\u2019<\/a><\/h2>\n<p><a href=\"http:\/\/www.eloriente.net\/home\/2015\/01\/27\/35089\/\" rel=\"bookmark\"><img decoding=\"async\" class=\"alignleft\" title=\"La joven fotograf\u00eda europea en \u2018Circulation(s)\u2019\" src=\"http:\/\/www.eloriente.net\/home\/wp-content\/themes\/city-desk\/timthumb.php?src=http%3A%2F%2Fwww.eloriente.net%2Fhome%2Fwp-content%2Fuploads%2F2015%2F01%2F%40festivalcirculations2.jpg&amp;q=90&amp;w=160&amp;h=106&amp;zc=1\" alt=\"La joven fotograf\u00eda europea en \u2018Circulation(s)\u2019\" \/><\/a>eloriente.net\/RFI 27 de enero de 2015 Por Mar\u00eda Carolina Pi\u00f1a EN AUDIO: \u00a0 cultura 2701 circulations FV 5\u201904\u201d (09:35) \u00a0 EN TEXTO: Se trata de la quinta edici\u00f3n de este festival que se ha convertido en una referencia en la materia y uno de los pocos en el mundo abierto exclusivamente a fot\u00f3grafos j\u00f3venes. Circulation(s) [\u2026]<\/p>\n<p class=\"postmeta\"><span class=\"meta_date\">enero 27, 2015\u00a0<\/span><span class=\"meta_permalink\"><a title=\"Enlace Permanente a La joven fotograf\u00eda europea en \u2018Circulation(s)\u2019\" href=\"http:\/\/www.eloriente.net\/home\/2015\/01\/27\/35089\/\" rel=\"bookmark\">Leer Mas<\/a><\/span><span class=\"meta_edit\"><a class=\"post-edit-link\" href=\"http:\/\/www.eloriente.net\/home\/wp-admin\/post.php?post=35089&amp;action=edit\">#<\/a><\/span><\/p>\n<\/div>\n\n\t\t\t  <div \n\t\t\t  \tclass = \"fb-comments\" \n\t\t\t  \tdata-href = \"http:\/\/www.eloriente.net\/home\/2015\/05\/09\/depuracion-etnica-exposicion-fotografica-para-cuestionar-el-rostro-de-mexico\/\"\n\t\t\t  \tdata-numposts = \"10\"\n\t\t\t\tdata-colorscheme = \"dark\"\n\t\t\t\tdata-order-by = \"social\"\n\t\t\t\tdata-mobile=true>\n\t\t\t  <\/div>\n\t\t  <style>\n\t\t\t.fb_iframe_widget_fluid_desktop iframe {\n\t\t\t    width: 100% !important;\n\t\t\t}\n\t\t  <\/style>\n\t\t  ","protected":false},"excerpt":{"rendered":"<p>(eloriente.net, M\u00e9xico a 09 de mayo de 2015. Por: Nadir Quiroz).- Depuraci\u00f3n \u00c9tnica lleva por t\u00edtulo la exposici\u00f3n que presenta el artista visual Oscar Farf\u00e1n (Guatemala 1973) en el Museo de Arte Contempor\u00e1neo de Oaxaca, nombre\u00a0por dem\u00e1s sugerente para una muestra fotogr\u00e1fica que retrata los rostros del M\u00e9xico contempor\u00e1neo, donde bien podr\u00edan caber los rostros [&hellip;]<\/p>\n","protected":false},"author":57,"featured_media":36841,"comment_status":"open","ping_status":"open","sticky":false,"template":"","format":"standard","meta":{"_jetpack_memberships_contains_paid_content":false,"footnotes":""},"categories":[29,49,32,13,63,464,31],"tags":[800,123,657,3506],"class_list":["post-36838","post","type-post","status-publish","format-standard","has-post-thumbnail","hentry","category-capital","category-destacadas","category-entradas","category-especiales","category-estados","category-oaxaca-estados","category-principal","tag-exposiciones","tag-fotografia","tag-identidad","tag-maco"],"jetpack_featured_media_url":"http:\/\/www.eloriente.net\/home\/wp-content\/uploads\/2015\/05\/Depuraci\u00f3n-\u00c9tnica-2.png","jetpack_sharing_enabled":true,"_links":{"self":[{"href":"http:\/\/www.eloriente.net\/home\/wp-json\/wp\/v2\/posts\/36838"}],"collection":[{"href":"http:\/\/www.eloriente.net\/home\/wp-json\/wp\/v2\/posts"}],"about":[{"href":"http:\/\/www.eloriente.net\/home\/wp-json\/wp\/v2\/types\/post"}],"author":[{"embeddable":true,"href":"http:\/\/www.eloriente.net\/home\/wp-json\/wp\/v2\/users\/57"}],"replies":[{"embeddable":true,"href":"http:\/\/www.eloriente.net\/home\/wp-json\/wp\/v2\/comments?post=36838"}],"version-history":[{"count":17,"href":"http:\/\/www.eloriente.net\/home\/wp-json\/wp\/v2\/posts\/36838\/revisions"}],"predecessor-version":[{"id":36928,"href":"http:\/\/www.eloriente.net\/home\/wp-json\/wp\/v2\/posts\/36838\/revisions\/36928"}],"wp:featuredmedia":[{"embeddable":true,"href":"http:\/\/www.eloriente.net\/home\/wp-json\/wp\/v2\/media\/36841"}],"wp:attachment":[{"href":"http:\/\/www.eloriente.net\/home\/wp-json\/wp\/v2\/media?parent=36838"}],"wp:term":[{"taxonomy":"category","embeddable":true,"href":"http:\/\/www.eloriente.net\/home\/wp-json\/wp\/v2\/categories?post=36838"},{"taxonomy":"post_tag","embeddable":true,"href":"http:\/\/www.eloriente.net\/home\/wp-json\/wp\/v2\/tags?post=36838"}],"curies":[{"name":"wp","href":"https:\/\/api.w.org\/{rel}","templated":true}]}}