{"id":36863,"date":"2015-05-10T10:04:18","date_gmt":"2015-05-10T16:04:18","guid":{"rendered":"http:\/\/www.eloriente.net\/home\/?p=36863"},"modified":"2015-05-10T10:04:18","modified_gmt":"2015-05-10T16:04:18","slug":"dia-de-las-madres-maternidad-libre-gozosa-y-con-derechos-por-ana-luisa-nerio","status":"publish","type":"post","link":"http:\/\/www.eloriente.net\/home\/2015\/05\/10\/dia-de-las-madres-maternidad-libre-gozosa-y-con-derechos-por-ana-luisa-nerio\/","title":{"rendered":"D\u00eda de las Madres: \u00bfMaternidad libre, gozosa y con derechos?, por Ana Luisa Nerio"},"content":{"rendered":"<p><script src=\"\/\/pagead2.googlesyndication.com\/pagead\/js\/adsbygoogle.js\" async=\"\"><\/script><!-- BANNER ELORIENTE INCRUSTADO NOTAS --> <ins class=\"adsbygoogle\" style=\"display: inline-block; width: 300px; height: 250px;\" data-ad-client=\"ca-pub-1136171134853753\" data-ad-slot=\"7974633627\"><\/ins><script>\/\/ <![CDATA[\n(adsbygoogle = window.adsbygoogle || []).push({});\n\/\/ ]]><\/script><br \/>\n&nbsp;<\/p>\n<p>&nbsp;<\/p>\n<p>eloriente.net\/<a href=\"http:\/\/enfoquedh.blogspot.mx\/\" target=\"_blank\">Enfoque DH<\/a><\/p>\n<p>10 de mayo de 2015<\/p>\n<p style=\"text-align: right;\">Por: Ana Luisa Nerio Monroy @analuisanerio<\/p>\n<p>9 de mayo de 2015<\/p>\n<p>En el 2013 Luc\u00eda de 26 a\u00f1os acudi\u00f3 a un hospital p\u00fablico de la Ciudad de M\u00e9xico con dolores de parto. Ante su llanto y quejas por el dolor, su m\u00e9dico (una mujer) la rega\u00f1\u00f3 y le dijo que \u00bfC\u00f3mo no se hab\u00eda quejado cuando abri\u00f3 las piernas nueve meses antes? Esto se llama violencia obst\u00e9trica. Desde marzo de 2010 Rosal\u00eda busca a su hijo Miguel, desaparecido en Ciudad Ju\u00e1rez. Es madre de un desaparecido. Yessica, una joven de 19 a\u00f1os, sali\u00f3 de su casa como cada ma\u00f1ana a las 6.30 am para dirigirse a su trabajo. Su cuerpo fue encontrado tres d\u00edas despu\u00e9s en un lote bald\u00edo de Ecatepec con signos graves de violencia; fue violada, torturara, estrangulada y finalmente su cuerpo desnudo fue hallado a la intemperie. Califica como feminicidio. Andrea tiene 15 a\u00f1os y 5 meses de embarazo. Es un embarazo adolescente.<\/p>\n<p>El 10 de mayo se celebra en M\u00e9xico el D\u00eda de las Madres. Estando de acuerdo en que la mayor\u00eda de las madres merecen ser agasajadas por darnos la vida y por todo lo valioso que nos aportan o nos han aportado, en esta ocasi\u00f3n deseo referirme algunas problem\u00e1ticas que dificultan o niegan el derecho a disfrutar de la maternidad, y del hecho de ser madre, con plenitud.<\/p>\n<p>1)\u00a0\u00a0\u00a0\u00a0\u00a0\u00a0\u00a0\u00a0\u00a0 Violencia Obst\u00e9trica<\/p>\n<p>El maltrato verbal o f\u00edsico, la negaci\u00f3n de tratamiento, indiferencia ante solicitudes o reclamos, rega\u00f1os, burlas, iron\u00edas, decisiones m\u00e9dicas sobre el parto que se toman sin el consentimiento de la mujer, incluyendo esterilizaciones forzadas, son formas o manifestaciones de la violencia obst\u00e9trica. \u201cEntendemos por violencia obst\u00e9trica toda conducta, acci\u00f3n u omisi\u00f3n, realizada por personal de la salud que de manera directa o indirecta, tanto en el \u00e1mbito p\u00fablico como en el privado, afecte el cuerpo y los procesos reproductivos de las mujeres, expresada en un trato deshumanizado, abuso de medicalizaci\u00f3n y patologizaci\u00f3n de los procesos naturales\u201d.<a href=\"https:\/\/www.blogger.com\/blogger.g?blogID=1809839927123018531#_ftn1\" name=\"_ftnref1\">[1]<\/a><\/p>\n<p>El Grupo de Informaci\u00f3n en Reproducci\u00f3n Elegida (GIRE), se\u00f1ala que, tomando como base que en M\u00e9xico se registran alrededor de 2 millones 500 mil nacimientos anuales, m\u00e1s de 6 mil 800 mexicanas al d\u00eda est\u00e1n expuestas a la violencia obst\u00e9trica. Una maternidad libre, gozosa y con derechos debe ser garantizada por el Estado mediante asistencia m\u00e9dica adecuada durante el parto, no recurrir de manera innecesaria a las operaciones ces\u00e1reas y respetar la decisi\u00f3n de cada mujer, de acuerdo a sus necesidades espec\u00edficas y preferencias culturales en torno a la forma de parir y el control natal, por ejemplo. El tema de las esterilizaciones forzadas o implantaci\u00f3n de m\u00e9todos anticonceptivos en mujeres ind\u00edgenas que no lo han consentido es un asunto m\u00e1s que alarmante en t\u00e9rminos del derecho a la no discriminaci\u00f3n.<\/p>\n<p>Se se\u00f1ala la importancia de la maternidad y se realizan grandes festejos y ceremonias para celebrar a las madres mexicanas pero lo realmente importante es que las instituciones de salud cuenten con la infraestructura y el material necesario para atender adecuadamente a las mujeres, as\u00ed como\u00a0 personal capacitado y sensibilizado. El Estado debe, mediante pol\u00edticas p\u00fablicas adecuadas, pertinentes e integrales, atender el desabasto de anticonceptivos, la sobresaturaci\u00f3n de los hospitales y el alto n\u00famero de ces\u00e1reas. <a href=\"https:\/\/www.blogger.com\/blogger.g?blogID=1809839927123018531#_ftn2\" name=\"_ftnref2\">[2]<\/a> Eso no est\u00e1 sucediendo actualmente por lo que la maternidad no es siempre o no lo es para muchas mujeres, un momento de gozo.<br \/>\nEl pasado 16 de abril de 2015 la Comisi\u00f3n de Igualdad de G\u00e9nero de la C\u00e1mara de Diputados, aprob\u00f3 el dictamen a la minuta que incorpora el concepto de violencia obst\u00e9trica en la Ley General de Acceso de las Mujeres a una Vida Libre de Violencia. Al respecto organizaciones como GIRE han se\u00f1alado que es un avance pero el concepto incluido requiere mejoras.<\/p>\n<p>2)\u00a0\u00a0 Madres llorando por sus hijas e hijos desaparecidos<\/p>\n<p>En febrero de 2013, el gobierno del Presidente Enrique Pe\u00f1a Nieto reconoci\u00f3 que m\u00e1s de 26 mil personas hab\u00edan sido reportadas como desaparecidas o extraviadas desde diciembre de 2006.<a href=\"https:\/\/www.blogger.com\/blogger.g?blogID=1809839927123018531#_ftn3\" name=\"_ftnref3\">[3]<\/a> En el 2014 desaparecieron cinco mil personas, incluyendo a los 43 j\u00f3venes estudiantes de la Normal Isidro Burgos de Ayotzinapa.<a href=\"https:\/\/www.blogger.com\/blogger.g?blogID=1809839927123018531#_ftn4\" name=\"_ftnref4\">[4]<\/a> Sin embargo, cuando M\u00e9xico fue examinado el pasado mes febrero ante el Comit\u00e9 Contra las Desapariciones Forzadas de la Organizaci\u00f3n de las Naciones Unidas, las autoridades mexicanas reconocieron que no se sabe a ciencia cierta el n\u00famero de personas desaparecidas. Se presume que en algunos casos, el victimario es el crimen organizado pero en otros hay indicios de que autoridades p\u00fablicas, incluyendo al ej\u00e9rcito, son las responsables de las desapariciones. En nuestro pa\u00eds el delito de desaparici\u00f3n forzada est\u00e1 tipificado en el \u00e1mbito federal y en algunos estados, pero no se ajusta a los est\u00e1ndares internacionales en esa materia.<\/p>\n<p>El tama\u00f1o de esta tragedia y denominada por algunos analistas como \u201cemergencia humanitaria\u201d cobra forma o deja de ser una cifra fr\u00eda cuando escuchamos, leemos o conocemos a la madre de alguna persona desaparecida. El dolor de no saber del paradero de un hijo o hija es terrible. \u00bfQu\u00e9 clase de d\u00eda de las madres puede tener una mujer cuyo hijo fue \u201cdetenido por un militar\u201d y a pesar de las investigaciones, preguntas, las denuncias, nadie sabe a d\u00f3nde lo llevaron y por qu\u00e9 se lo llevaron?<\/p>\n<p>Entre los miles de desaparecidos se encuentran los migrantes. Desde hace varios a\u00f1os una Caravana de Madres de migrantes centroamericanos viajan a M\u00e9xico para buscar a sus hijos e hijas y pedir a las autoridades mexicanas las ayuden a encontrarlos. La Caravana ha documentado 70 mil desapariciones de migrantes centroamericanos en los \u00faltimos 30 a\u00f1os.<a href=\"https:\/\/www.blogger.com\/blogger.g?blogID=1809839927123018531#_ftn5\" name=\"_ftnref5\">[5]<\/a><\/p>\n<p>Este domingo 10 mayo, madres de los desaparecidos de todo el pa\u00eds estar\u00e1n se concentrar\u00e1n en el Monumento a la Madre en la Ciudad de M\u00e9xico en la IV Marcha por la Dignidad Nacional: Madres buscando a sus hijas e hijos desaparecidos, para recordarnos que ellas y muchas madres m\u00e1s no pueden celebrar cuando su coraz\u00f3n est\u00e1 lleno de dolor, tristeza, nostalgia y rabia.<\/p>\n<p>3)\u00a0\u00a0 Madres que lloran a sus hijas asesinadas<\/p>\n<p>Informaci\u00f3n del Observatorio Ciudadano Nacional del Feminicidio indica que entre 2012 y 2013, 613 casos de los 3 mil 892 asesinatos de mujeres fueron investigados como feminicidios. La organizaci\u00f3n Cat\u00f3licas por el Derecho a Decidir (CDD) ha se\u00f1alado que el Estado de M\u00e9xico presenta la mayor tasa de defunciones femeninas con presunci\u00f3n de homicidio, con un registro de 320 presuntos feminicidios en solo dos a\u00f1os. Para CDD hay mil feminicidios ocurridos en los distintos municipios de la entidad en los \u00faltimos seis a\u00f1os y en 522 casos no se han iniciado las averiguaciones previas.<a href=\"https:\/\/www.blogger.com\/blogger.g?blogID=1809839927123018531#_ftn6\" name=\"_ftnref6\">[6]<\/a><\/p>\n<p>La cultura machista, la negativa de la mayor\u00eda de los gobiernos de los estados a reconocer que en sus entidades se asesina a mujeres por razones de g\u00e9nero, la discriminaci\u00f3n, la impunidad y falta de investigaci\u00f3n adecuada, impiden que el feminicidio sea sancionado y sobre todo prevenido. Las mujeres v\u00edctimas de feminicidio suelen ser j\u00f3venes en edad reproductiva. En un gran n\u00famero de los casos denunciados e investigados, son las madres de las v\u00edctimas quienes han tenido que luchar d\u00eda a d\u00eda por lograr que se haga justicia para sus hijas. Ejemplos hay muchos. El m\u00e1s reciente es el de la Se\u00f1ora Irinea Buend\u00eda. Mariana Lima Buend\u00eda, hija de Irinea fue asesinada por su pareja, un polic\u00eda ministerial quien hizo parecer la muerte de Mariana como un suicidio. Irinea nunca crey\u00f3 la versi\u00f3n del suicidio, sab\u00eda que su hija deseaba divorciarse de su marido pues ya no aguantaba sus celos, amenazas, golpes y maltratos. Fue Irinea quien desde el asesinato de Mariana en junio de 2010 toco las puertas de ministerios p\u00fablicos, jueces y organizaciones civiles para buscar justicia para su hija. El caso es el primero de feminicidio que llega a la Suprema Corte de Justicia de la Naci\u00f3n, la cual en un fallo hist\u00f3rico dictado el pasado mes de marzo, determin\u00f3 por unanimidad otorgar un amparo para reabrir el caso de Mariana.<\/p>\n<p>4)\u00a0\u00a0 Madres adolescentes<\/p>\n<p>M\u00e9xico encabeza la lista de los pa\u00edses de la Organizaci\u00f3n para la Cooperaci\u00f3n y el Desarrollo (OCDE) que presenta la tasa m\u00e1s alta de embarazos en mujeres adolescentes. Una de cada diez mujeres adolescentes de 15 a 19 a\u00f1os ha tenido un hijo (cifra de 2014).<a href=\"https:\/\/www.blogger.com\/blogger.g?blogID=1809839927123018531#_ftn7\" name=\"_ftnref7\">[7]<\/a> Un embarazo adolescente afecta el acceso y ejercicio de derechos humanos como la educaci\u00f3n, el derecho a no ser discriminado, al trabajo y derechos laborales y a la salud. La ni\u00f1a o adolescente debe replantearse su proyecto de vida como consecuencia de una maternidad temprana y muy probablemente no planeada.<\/p>\n<p>Entre las posibles causas de un embarazo en la adolescencia se encuentran la falta de educaci\u00f3n o baja escolaridad; informaci\u00f3n y educaci\u00f3n sexual escasa o poco pertinente; pobreza y violencia de g\u00e9nero; pr\u00e1cticas culturales que incentivan las uniones o matrimonios de adolescentes; el machismo que impide a las mujeres tomar decisiones informadas sobre su maternidad; inacceso a m\u00e9todos de anticoncepci\u00f3n. La maternidad a temprana edad genera como ya se dijo, diversos riesgos para la salud de la madre y de su hijo o hija y obligan a la ni\u00f1a o adolescente a enfrentar situaciones para las que muy probablemente no est\u00e9 preparada emocionalmente, haciendo de su maternidad una experiencia mucho m\u00e1s complicada, en ocasiones triste, frustrante y solitaria.<\/p>\n<p>Las madres de M\u00e9xico ser\u00e1n festejadas este domingo 10 de mayo pero falta mucho que hacer para lograr que en nuestro pa\u00eds la maternidad sea un derecho ejercido con libertad y lleno de gozo. Faltan pol\u00edticas p\u00fablicas en materia de salud, educaci\u00f3n, cultura, no discriminaci\u00f3n, acceso a la justicia, seguridad y un largo etc\u00e9tera, que permitan que las mujeres ejerzan su maternidad de manera plena, libre y feliz, y para que ser madre sea un motivo de gozo y no de tristeza, soledad, rabia e indignaci\u00f3n.<\/p>\n<p><a href=\"https:\/\/www.blogger.com\/blogger.g?blogID=1809839927123018531#_ftnref1\" name=\"_ftn1\">[1]<\/a> Graciela Medina, Violencia Obst\u00e9trica, en http:\/\/www.gracielamedina.com\/violencia-obst-trica\/<\/p>\n<p><a href=\"https:\/\/www.blogger.com\/blogger.g?blogID=1809839927123018531#_ftnref2\" name=\"_ftn2\">[2]<\/a> Grupo de Informaci\u00f3n en Reproducci\u00f3n Elegida (GIRE), Violencia Obst\u00e9trica, en<a href=\"https:\/\/www.gire.org.mx\/nuestros-temas\/violencia-obstetrica\">https:\/\/www.gire.org.mx\/nuestros-temas\/violencia-obstetrica<\/a> (fecha de consulta, 8 de mayo 2015)<\/p>\n<p><a href=\"https:\/\/www.blogger.com\/blogger.g?blogID=1809839927123018531#_ftnref3\" name=\"_ftn3\">[3]<\/a> Human Rights Watch, Informe 2014, M\u00e9xico, en <a href=\"http:\/\/www.hrw.org\/es\/world-report\/2014\/country-chapters\/121995\">http:\/\/www.hrw.org\/es\/world-report\/2014\/country-chapters\/121995<\/a> (Consulta del 5 de mayo 2015)<\/p>\n<p><a href=\"https:\/\/www.blogger.com\/blogger.g?blogID=1809839927123018531#_ftnref4\" name=\"_ftn4\">[4]<\/a> Arturo \u00c1ngel, \u201cEn 2014 hubo 5 mil desaparecidos en M\u00e9xico, seg\u00fan las cifras oficiales\u201d, 24 Horas, en <a href=\"http:\/\/www.24-horas.mx\/en-2014-hubo-5-mil-desaparecidos-en-mexico-segun-las-cifras-oficiales\/\">http:\/\/www.24-horas.mx\/en-2014-hubo-5-mil-desaparecidos-en-mexico-segun-las-cifras-oficiales\/<\/a>\u00a0 (consulta del 3 de mayo 2015),<\/p>\n<p><a href=\"https:\/\/www.blogger.com\/blogger.g?blogID=1809839927123018531#_ftnref5\" name=\"_ftn5\">[5]<\/a> Jes\u00fas de Le\u00f3n, \u201cCaravana de madres de migrantes desaparecidos recorre M\u00e9xico\u201d, en\u00a0http:\/\/www.lagranepoca.com\/archivo\/30343-caravana-madres-migrantes-desaparecidos-recorre-mexico.html<\/p>\n<p><a href=\"https:\/\/www.blogger.com\/blogger.g?blogID=1809839927123018531#_ftnref6\" name=\"_ftn6\">[6]<\/a>La Jornada, \u201cVivir con el enemigo, feminicidio en el estado de M\u00e9xico\u201d http:\/\/www.jornada.unam.mx\/2012\/11\/01\/ls-portada.html<\/p>\n<p><a href=\"https:\/\/www.blogger.com\/blogger.g?blogID=1809839927123018531#_ftnref7\" name=\"_ftn7\">[7]<\/a> INEGI, \u201cEstad\u00edsticas a prop\u00f3sito del D\u00eda Internacional de la juventud\u201d abril 2015 en http:\/\/www.inegi.org.mx\/inegi\/contenidos\/espanol\/prensa\/Contenidos\/estadisticas\/2014\/juventud0.pdf<\/p>\n<p>Publicado por <a href=\"http:\/\/www.blogger.com\/profile\/13312636018173448052\" data-gapiscan=\"true\" data-onload=\"true\" data-gapiattached=\"true\">Enfoque DH <\/a>en <a href=\"http:\/\/enfoquedh.blogspot.mx\/2015\/05\/dia-de-las-madres-maternidad-libre.html\">15:31<\/a><\/p>\n<p>&nbsp;<\/p>\n<p><a href=\"http:\/\/www.eloriente.net\/home\/wp-content\/uploads\/2015\/05\/HORIZONTE-CC-EURRITIMIA.jpg\"><img loading=\"lazy\" decoding=\"async\" class=\"alignnone size-full wp-image-36864\" src=\"http:\/\/www.eloriente.net\/home\/wp-content\/uploads\/2015\/05\/HORIZONTE-CC-EURRITIMIA.jpg\" alt=\"OLYMPUS DIGITAL CAMERA\" width=\"640\" height=\"480\" srcset=\"http:\/\/www.eloriente.net\/home\/wp-content\/uploads\/2015\/05\/HORIZONTE-CC-EURRITIMIA.jpg 640w, http:\/\/www.eloriente.net\/home\/wp-content\/uploads\/2015\/05\/HORIZONTE-CC-EURRITIMIA-300x225.jpg 300w\" sizes=\"(max-width: 640px) 100vw, 640px\" \/><\/a><\/p>\n<p>IMAGEN: LICENCIA CC <a href=\"https:\/\/www.flickr.com\/photos\/eurritimia\/335181785\/in\/photolist-vBTSi-LBGZw-abRyoj-4syzR2-6Qj6r1-4EoPHm-vuXdK-gqALqC-gqyt1m-gqz69k-gqyvgo-gqzc7V-gqAdkK-gqzQUu-gqzuor-gqxYfc-gqARm8-gqz2T4-gqz8k5-gqzkfr-gqyzqK-gqAu3A-gqBpkr-gqyWVD-gqyp4v-gqzjGo-gqyrLp-gqAsiV-gqydSS-gqASmL-gqARnS-gqyfXv-gqA2At-gqzQoB-gqxrzM-gqymmC-gqy7x6-gqAZ5L-gqAFLe-gqyjEo-gqxj4U-gqzef3-gqA1Jg-gqymFV-gqwXMw-cNrDz9-gqy1sQ-gqyoEC-gqzxBw-gqytcx\" target=\"_blank\">Eurritmia<\/a><\/p>\n<p><strong>OTRAS ENTRADAS:<\/strong><\/p>\n<div id=\"post-25426\" class=\"post-25426 post type-post status-publish format-standard has-post-thumbnail hentry category-entradas category-secciones-oriente category-lo-mas-reciente category-turismo-y-negocios tag-10-de-mayo tag-amo tag-celebracion tag-chocolates tag-flores tag-madres tag-mama entry loop-default border_bottom_30\">\n<h2 class=\"entry_title\"><a title=\"Enlace Permanente a Descender\u00e1n 12% festejos del D\u00eda de las Madres en M\u00e9xico: Consulta Mitofsky\" href=\"http:\/\/www.eloriente.net\/home\/2014\/05\/07\/descendera-12-festejos-del-dia-de-las-madres-en-mexico-consulta-mitofsky\/\" rel=\"bookmark\">Descender\u00e1n 12% festejos del D\u00eda de las Madres en M\u00e9xico: Consulta Mitofsky<\/a><\/h2>\n<p><a href=\"http:\/\/www.eloriente.net\/home\/2014\/05\/07\/descendera-12-festejos-del-dia-de-las-madres-en-mexico-consulta-mitofsky\/\" rel=\"bookmark\"><img decoding=\"async\" class=\"alignleft\" title=\"Descender\u00e1n 12% festejos del D\u00eda de las Madres en M\u00e9xico: Consulta Mitofsky\" src=\"http:\/\/www.eloriente.net\/home\/wp-content\/themes\/city-desk\/timthumb.php?src=http%3A%2F%2Fwww.eloriente.net%2Fhome%2Fwp-content%2Fuploads%2F2014%2F05%2FD%C3%ADa-de-las-madres.jpg&amp;q=90&amp;w=160&amp;h=106&amp;zc=1\" alt=\"Descender\u00e1n 12% festejos del D\u00eda de las Madres en M\u00e9xico: Consulta Mitofsky\" \/><\/a>eloriente.net 7 de mayo de 2014 Seg\u00fan la agencia especializada en investigaci\u00f3n Consulta Mitofsky, siete de cada 10 mexicanos celebrar\u00e1n el d\u00eda 10 de mayo, lo cual representa un descenso en 12% de acuerdo a cifras en los \u00faltimos siete a\u00f1os, pasando de 83% en 2007 a 78% en 2008 y 71% ahora en 2014. [\u2026]<\/p>\n<p class=\"postmeta\"><span class=\"meta_date\">mayo 7, 2014<\/span><\/p>\n<\/div>\n<div id=\"post-14309\" class=\"post-14309 post type-post status-publish format-standard has-post-thumbnail hentry category-entradas category-lo-mas-reciente category-mexico-y-el-mundo entry loop-default border_bottom_30\">\n<h2 class=\"entry_title\"><a title=\"Enlace Permanente a En AL y el Caribe, 25% de mujeres son madres antes de los 20 a\u00f1os: UNFPA\" href=\"http:\/\/www.eloriente.net\/home\/2013\/07\/09\/en-al-y-el-caribe-25-de-mujeres-son-madres-antes-de-los-20-anos-unfpa\/\" rel=\"bookmark\">En AL y el Caribe, 25% de mujeres son madres antes de los 20 a\u00f1os: UNFPA<\/a><\/h2>\n<p><a href=\"http:\/\/www.eloriente.net\/home\/2013\/07\/09\/en-al-y-el-caribe-25-de-mujeres-son-madres-antes-de-los-20-anos-unfpa\/\" rel=\"bookmark\"><img decoding=\"async\" class=\"alignleft\" title=\"En AL y el Caribe, 25% de mujeres son madres antes de los 20 a\u00f1os: UNFPA\" src=\"http:\/\/www.eloriente.net\/home\/wp-content\/themes\/city-desk\/timthumb.php?src=http%3A%2F%2Fwww.eloriente.net%2Fhome%2Fwp-content%2Fuploads%2F2013%2F07%2FAlgunos-derechos-reservados-por-Esparta-embarazo.jpg&amp;q=90&amp;w=160&amp;h=106&amp;zc=1\" alt=\"En AL y el Caribe, 25% de mujeres son madres antes de los 20 a\u00f1os: UNFPA\" \/><\/a>eloriente.net\/ CINU 9 de julio de 2013 En Am\u00e9rica Latina y el Caribe, el 25 por ciento de las mujeres se convierten en madres antes de cumplir los 20 a\u00f1os de edad. El pr\u00f3ximo mi\u00e9rcoles 10 de Julio de 2013 a las 11:00 am, en el auditorio del Museo Memoria y Tolerancia*, se llevar\u00e1 a [\u2026]<\/p>\n<p class=\"postmeta\"><span class=\"meta_date\">julio 9, 2013<\/span><\/p>\n<\/div>\n<div id=\"post-11702\" class=\"post-11702 post type-post status-publish format-standard has-post-thumbnail hentry category-entradas category-secciones-oriente category-lo-mas-reciente category-mexico-y-el-mundo category-principal entry loop-default border_bottom_30\">\n<h2 class=\"entry_title\"><a title=\"Enlace Permanente a Madres separadas, divorciadas y solteras presentan mayores tasas de desocupaci\u00f3n en Oaxaca: INEGI\" href=\"http:\/\/www.eloriente.net\/home\/2013\/05\/09\/madres-separadas-divorciadas-y-solteras-presentan-mayores-tasas-de-desocupacion-en-oaxaca-inegi\/\" rel=\"bookmark\">Madres separadas, divorciadas y solteras presentan mayores tasas de desocupaci\u00f3n en Oaxaca: INEGI<\/a><\/h2>\n<p><a href=\"http:\/\/www.eloriente.net\/home\/2013\/05\/09\/madres-separadas-divorciadas-y-solteras-presentan-mayores-tasas-de-desocupacion-en-oaxaca-inegi\/\" rel=\"bookmark\"><img decoding=\"async\" class=\"alignleft\" title=\"Madres separadas, divorciadas y solteras presentan mayores tasas de desocupaci\u00f3n en Oaxaca: INEGI\" src=\"http:\/\/www.eloriente.net\/home\/wp-content\/themes\/city-desk\/timthumb.php?src=http%3A%2F%2Fwww.eloriente.net%2Fhome%2Fwp-content%2Fuploads%2F2013%2F05%2FAlgunos-derechos-reservados-por-GabrielaP93-mam%C3%A1-e-hijo.jpg&amp;q=90&amp;w=160&amp;h=106&amp;zc=1\" alt=\"Madres separadas, divorciadas y solteras presentan mayores tasas de desocupaci\u00f3n en Oaxaca: INEGI\" \/><\/a>eloriente.net\/ INEGI 9 de mayo de 2013 eloriente.net (Oaxaca, Oax.) 9 de mayo de 2013.- En el estado de Oaxaca, las madres separadas, divorciadas y las que se encuentran solteras son las que presentan las mayores tasas de desocupaci\u00f3n laboral, inform\u00f3 el Instituto Nacional de Estad\u00edstica y Geograf\u00eda (INEGI) a prop\u00f3sito del D\u00eda de la [\u2026]<\/p>\n<p class=\"postmeta\"><span class=\"meta_date\">mayo 9, 2013<\/span><\/p>\n<\/div>\n\n\t\t\t  <div \n\t\t\t  \tclass = \"fb-comments\" \n\t\t\t  \tdata-href = \"http:\/\/www.eloriente.net\/home\/2015\/05\/10\/dia-de-las-madres-maternidad-libre-gozosa-y-con-derechos-por-ana-luisa-nerio\/\"\n\t\t\t  \tdata-numposts = \"10\"\n\t\t\t\tdata-colorscheme = \"dark\"\n\t\t\t\tdata-order-by = \"social\"\n\t\t\t\tdata-mobile=true>\n\t\t\t  <\/div>\n\t\t  <style>\n\t\t\t.fb_iframe_widget_fluid_desktop iframe {\n\t\t\t    width: 100% !important;\n\t\t\t}\n\t\t  <\/style>\n\t\t  ","protected":false},"excerpt":{"rendered":"<p>&nbsp; &nbsp; eloriente.net\/Enfoque DH 10 de mayo de 2015 Por: Ana Luisa Nerio Monroy @analuisanerio 9 de mayo de 2015 En el 2013 Luc\u00eda de 26 a\u00f1os acudi\u00f3 a un hospital p\u00fablico de la Ciudad de M\u00e9xico con dolores de parto. Ante su llanto y quejas por el dolor, su m\u00e9dico (una mujer) la rega\u00f1\u00f3 [&hellip;]<\/p>\n","protected":false},"author":57,"featured_media":36864,"comment_status":"open","ping_status":"open","sticky":false,"template":"","format":"standard","meta":{"_jetpack_memberships_contains_paid_content":false,"footnotes":""},"categories":[3285,624,22,32,10,24,31],"tags":[217,3597,189],"class_list":["post-36863","post","type-post","status-publish","format-standard","has-post-thumbnail","hentry","category-ana-luisa-nerio","category-articulistas","category-derechos-humanos","category-entradas","category-lo-mas-reciente","category-mexico-y-el-mundo","category-principal","tag-derechos-humanos-2","tag-dia-de-las-madres","tag-mujeres"],"jetpack_featured_media_url":"http:\/\/www.eloriente.net\/home\/wp-content\/uploads\/2015\/05\/HORIZONTE-CC-EURRITIMIA.jpg","jetpack_sharing_enabled":true,"_links":{"self":[{"href":"http:\/\/www.eloriente.net\/home\/wp-json\/wp\/v2\/posts\/36863"}],"collection":[{"href":"http:\/\/www.eloriente.net\/home\/wp-json\/wp\/v2\/posts"}],"about":[{"href":"http:\/\/www.eloriente.net\/home\/wp-json\/wp\/v2\/types\/post"}],"author":[{"embeddable":true,"href":"http:\/\/www.eloriente.net\/home\/wp-json\/wp\/v2\/users\/57"}],"replies":[{"embeddable":true,"href":"http:\/\/www.eloriente.net\/home\/wp-json\/wp\/v2\/comments?post=36863"}],"version-history":[{"count":1,"href":"http:\/\/www.eloriente.net\/home\/wp-json\/wp\/v2\/posts\/36863\/revisions"}],"predecessor-version":[{"id":36865,"href":"http:\/\/www.eloriente.net\/home\/wp-json\/wp\/v2\/posts\/36863\/revisions\/36865"}],"wp:featuredmedia":[{"embeddable":true,"href":"http:\/\/www.eloriente.net\/home\/wp-json\/wp\/v2\/media\/36864"}],"wp:attachment":[{"href":"http:\/\/www.eloriente.net\/home\/wp-json\/wp\/v2\/media?parent=36863"}],"wp:term":[{"taxonomy":"category","embeddable":true,"href":"http:\/\/www.eloriente.net\/home\/wp-json\/wp\/v2\/categories?post=36863"},{"taxonomy":"post_tag","embeddable":true,"href":"http:\/\/www.eloriente.net\/home\/wp-json\/wp\/v2\/tags?post=36863"}],"curies":[{"name":"wp","href":"https:\/\/api.w.org\/{rel}","templated":true}]}}