{"id":36989,"date":"2015-05-14T08:55:41","date_gmt":"2015-05-14T14:55:41","guid":{"rendered":"http:\/\/www.eloriente.net\/home\/?p=36989"},"modified":"2015-05-14T09:10:17","modified_gmt":"2015-05-14T15:10:17","slug":"oaxaca-un-continente-que-representa-oaxaca-en-el-turismo-nacional","status":"publish","type":"post","link":"http:\/\/www.eloriente.net\/home\/2015\/05\/14\/oaxaca-un-continente-que-representa-oaxaca-en-el-turismo-nacional\/","title":{"rendered":"Oaxaca, un continente: \u00bfQu\u00e9 representa Oaxaca en el turismo nacional?"},"content":{"rendered":"<p><script src=\"\/\/pagead2.googlesyndication.com\/pagead\/js\/adsbygoogle.js\" async=\"\" type=\"mce-no\/type\"><\/script><!-- BANNER ELORIENTE INCRUSTADO NOTAS --> <ins class=\"adsbygoogle\" style=\"display: inline-block; width: 300px; height: 250px;\" data-ad-client=\"ca-pub-1136171134853753\" data-ad-slot=\"7974633627\"><\/ins><script type=\"mce-no\/type\">\/\/ <![CDATA[\n(adsbygoogle = window.adsbygoogle || []).push({});\n\/\/ ]]><\/script><\/p>\n<p>(www.eloriente.net, M\u00e9xico, 14 de mayo de 2015. Por: \u00c1ngel Osorio* @senderosoax).- En el pa\u00eds, la aportaci\u00f3n del sector tur\u00edstico al Producto Interno Bruto es de alrededor de 8.5 %, porcentaje que lo ubica en el cuarto lugar en importancia despu\u00e9s de los ingresos del petr\u00f3leo, las remesas y la actividad manufacturera.<\/p>\n<p>Para Oaxaca, seg\u00fan declar\u00f3 el mandatario estatal en marzo pasado, la actividad tur\u00edstica representa el 16.2 por ciento del Producto Interno Bruto Estatal, cifra que es, a todas luces, de alt\u00edsima importancia para nuestra econom\u00eda.<\/p>\n<p>Pero, \u00bfqu\u00e9 representa Oaxaca en el turismo nacional? Seg\u00fan datos del Sistema Integral de Informaci\u00f3n de Mercados Tur\u00edsticos (SIIMT)\u00a0del Consejo de Promoci\u00f3n Tur\u00edstica de M\u00e9xico, nuestro estado representa el 3.9 % del total de los cuartos de hotel que hay en el pa\u00eds, posee el 4.4 % del total de restaurantes y el 7.4 % de otros establecimientos de alimentos y bebidas como bares, centros nocturnos, discotecas (datos del 2013).<\/p>\n<p>Esta infraestructura, sin embargo, contrasta con los resultados en la atracci\u00f3n de turismo, en ese aspecto, tan solo logramos atraer el 3.16 % * de los turistas en el 2013, lo que nos ubica en lugar n\u00famero 12 en el ranking ** de entidades federativas debajo de estados como Puebla y Chiapas que ocupan el lugar n\u00famero 8 y 9 respectivamente.<\/p>\n<p>Haciendo un desglose, Oaxaca atrajo en 2013 el 3.59 % de los turistas nacionales (lugar 11 en el ranking **) y el 1,19 % de los turistas extranjeros (lugar n\u00famero 15 en el ranking **). Respecto a los vuelos, la entidad genera el 1.6 % de los vuelos nacionales y el 0.52 % de los vuelos internacionales (sumando Oaxaca, Huatulco y Puerto Escondido, v\u00e9ase tabla II).<\/p>\n<p>Oaxaca, sin duda, es una presencia ic\u00f3nica en el imaginario tur\u00edstico nacional y un destino destacado en la preferencia de los turistas extranjeros. El turismo, sin duda, sigue representando una gran oportunidad para el desarrollo de nuestra entidad.<\/p>\n<p>\u00bfSe imaginan qu\u00e9 pasar\u00eda si creci\u00e9ramos, digamos, un punto porcentual, en llegadas de turistas nacionales y extranjeros? Ser\u00eda un gran impacto.<\/p>\n<p>&nbsp;<\/p>\n<p>*Tabla I Elaboraci\u00f3n propia con datos del Compendio Estad\u00edstico 2013 de SECTUR<\/p>\n<p>** Reportes ejecutados en el <strong>Sistema Integral de Informaci\u00f3n de Mercados Tur\u00edsticos (SIIMT)<\/strong><strong>\u00a0<\/strong><strong>del Consejo de Promoci\u00f3n Tur\u00edstica de M\u00e9xico.<\/strong><\/p>\n<p>&nbsp;<\/p>\n<p><strong>Tabla I<\/strong><\/p>\n<table style=\"height: 234px;\" width=\"494\">\n<tbody>\n<tr>\n<td style=\"text-align: center;\" width=\"140\"><strong>ACTIVIDAD HOTELERA<\/strong><\/td>\n<td style=\"text-align: center;\" width=\"98\"><strong>2013<\/strong><\/td>\n<td style=\"text-align: center;\" width=\"75\"><\/td>\n<td style=\"text-align: center;\" width=\"76\"><\/td>\n<\/tr>\n<tr>\n<td width=\"140\"><\/td>\n<td style=\"text-align: center;\" width=\"98\"><strong>\u00a0Nacional<\/strong><\/td>\n<td style=\"text-align: center;\" width=\"75\"><strong>\u00a0Oaxaca<\/strong><\/td>\n<td style=\"text-align: center;\" width=\"76\"><strong>\u00a0Porcentaje<\/strong><\/td>\n<\/tr>\n<tr>\n<td width=\"140\">\u00a0\u00a0\u00a0\u00a0 Llegada de Turistas<\/td>\n<td style=\"text-align: center;\" width=\"98\">95,630,121<\/td>\n<td style=\"text-align: center;\" width=\"75\">3,022,774<\/td>\n<td style=\"text-align: center;\" width=\"76\">3.16<\/td>\n<\/tr>\n<tr>\n<td width=\"140\">\u00a0\u00a0\u00a0\u00a0\u00a0\u00a0\u00a0\u00a0 Nacionales<\/td>\n<td style=\"text-align: center;\" width=\"98\">78,526,992<\/td>\n<td style=\"text-align: center;\" width=\"75\">2,820,073<\/td>\n<td style=\"text-align: center;\" width=\"76\">3.59<\/td>\n<\/tr>\n<tr>\n<td style=\"text-align: left;\" width=\"140\">\u00a0\u00a0\u00a0\u00a0\u00a0\u00a0\u00a0\u00a0 Extranjeros<\/td>\n<td style=\"text-align: center;\" width=\"98\">17,103,129<\/td>\n<td style=\"text-align: center;\" width=\"75\">202,701<\/td>\n<td style=\"text-align: center;\" width=\"76\">1.19<\/td>\n<\/tr>\n<\/tbody>\n<\/table>\n<p>&nbsp;<\/p>\n<p>Elaboraci\u00f3n propia con datos del Compendio Estad\u00edstico 2013 de SECTUR<\/p>\n<p>&nbsp;<\/p>\n<p><strong>Tabla II<\/strong><\/p>\n<p><strong>LLEGADA DE VUELOS A LOS AEROPUERTOS DEL PA\u00cdS 2013<\/strong><\/p>\n<table style=\"height: 184px;\" width=\"560\">\n<tbody>\n<tr>\n<td colspan=\"4\" width=\"239\"><\/td>\n<td width=\"64\"><\/td>\n<td width=\"47\"><\/td>\n<td width=\"70\"><\/td>\n<\/tr>\n<tr>\n<td width=\"57\"><\/td>\n<td style=\"text-align: center;\" width=\"75\"><strong>Nacional<\/strong><\/td>\n<td style=\"text-align: center;\" width=\"59\"><strong>Huatulco<\/strong><\/td>\n<td style=\"text-align: center;\" width=\"48\"><strong>Oaxaca<\/strong><\/td>\n<td style=\"text-align: center;\" width=\"64\"><strong>Puerto Escondido<\/strong><\/td>\n<td style=\"text-align: center;\" width=\"47\"><strong>Estado<\/strong><\/td>\n<td style=\"text-align: center;\" width=\"70\"><strong>Porcentaje<\/strong><\/td>\n<\/tr>\n<tr>\n<td style=\"text-align: center;\" width=\"57\"><strong>TOTAL<\/strong><\/td>\n<td style=\"text-align: center;\" width=\"75\">517,855<\/td>\n<td style=\"text-align: center;\" width=\"59\">2,545<\/td>\n<td style=\"text-align: center;\" width=\"48\">3,336<\/td>\n<td style=\"text-align: center;\" width=\"64\">881<\/td>\n<td style=\"text-align: center;\" width=\"47\">6,762<\/td>\n<td style=\"text-align: center;\" width=\"70\">1.31<\/td>\n<\/tr>\n<tr>\n<td style=\"text-align: center;\" width=\"57\"><strong>\u00a0\u00a0 Total Nacionales<\/strong><\/td>\n<td style=\"text-align: center;\" width=\"75\">377,589<\/td>\n<td style=\"text-align: center;\" width=\"59\">2,133<\/td>\n<td style=\"text-align: center;\" width=\"48\">3,019<\/td>\n<td style=\"text-align: center;\" width=\"64\">881<\/td>\n<td style=\"text-align: center;\" width=\"47\">6,033<\/td>\n<td style=\"text-align: center;\" width=\"70\">1.60<\/td>\n<\/tr>\n<tr>\n<td style=\"text-align: center;\" width=\"57\"><strong>\u00a0\u00a0 Total Internacionales<\/strong><\/td>\n<td style=\"text-align: center;\" width=\"75\">140,266<\/td>\n<td style=\"text-align: center;\" width=\"59\">412<\/td>\n<td style=\"text-align: center;\" width=\"48\">317<\/td>\n<td style=\"text-align: center;\" width=\"64\">0<\/td>\n<td style=\"text-align: center;\" width=\"47\">729<\/td>\n<td style=\"text-align: center;\" width=\"70\">0.52<\/td>\n<\/tr>\n<\/tbody>\n<\/table>\n<p>&nbsp;<\/p>\n<p>Elaboraci\u00f3n propia con datos del Compendio Estad\u00edstico 2013 de SECTUR<\/p>\n<p>&nbsp;<\/p>\n<p><a href=\"http:\/\/www.eloriente.net\/home\/wp-content\/uploads\/2015\/05\/tinyfroglet.-Light-on-Monte-Alb\u00e1n.jpg\"><img loading=\"lazy\" decoding=\"async\" class=\"alignnone  wp-image-36991\" src=\"http:\/\/www.eloriente.net\/home\/wp-content\/uploads\/2015\/05\/tinyfroglet.-Light-on-Monte-Alb\u00e1n-1024x527.jpg\" alt=\"tinyfroglet. Light on Monte Alb\u00e1n\" width=\"494\" height=\"254\" srcset=\"http:\/\/www.eloriente.net\/home\/wp-content\/uploads\/2015\/05\/tinyfroglet.-Light-on-Monte-Alb\u00e1n-1024x527.jpg 1024w, http:\/\/www.eloriente.net\/home\/wp-content\/uploads\/2015\/05\/tinyfroglet.-Light-on-Monte-Alb\u00e1n-300x154.jpg 300w, http:\/\/www.eloriente.net\/home\/wp-content\/uploads\/2015\/05\/tinyfroglet.-Light-on-Monte-Alb\u00e1n-900x463.jpg 900w, http:\/\/www.eloriente.net\/home\/wp-content\/uploads\/2015\/05\/tinyfroglet.-Light-on-Monte-Alb\u00e1n.jpg 2048w\" sizes=\"(max-width: 494px) 100vw, 494px\" \/><\/a><\/p>\n<p>Imagen: Bajo licencia CC <a href=\"https:\/\/www.flickr.com\/photos\/tinyfroglet\/\" target=\"_blank\">Tinyfloglet<\/a>-Light on Monte Alb\u00e1n<\/p>\n<p>OTRAS ENTRADAS:<\/p>\n<h2 class=\"entry_title\"><a title=\"Enlace Permanente a Oaxaca, un continente: Carreteras, ox\u00edgeno federal al turismo estatal\" href=\"http:\/\/www.eloriente.net\/home\/2015\/05\/07\/oaxaca-un-continente-carreteras-oxigeno-federal-al-turismo-estatal\/\" rel=\"bookmark\">Oaxaca, un continente: Carreteras, ox\u00edgeno federal al turismo estatal<\/a><\/h2>\n<p><a href=\"http:\/\/www.eloriente.net\/home\/2015\/05\/07\/oaxaca-un-continente-carreteras-oxigeno-federal-al-turismo-estatal\/\" rel=\"bookmark\"><img decoding=\"async\" class=\"alignleft\" title=\"Oaxaca, un continente: Carreteras, ox\u00edgeno federal al turismo estatal\" src=\"http:\/\/www.eloriente.net\/home\/wp-content\/themes\/city-desk\/timthumb.php?src=http%3A%2F%2Fwww.eloriente.net%2Fhome%2Fwp-content%2Fuploads%2F2014%2F05%2FCarretera-Por-Christian-Frausto-Bernal.jpg&amp;q=90&amp;w=160&amp;h=106&amp;zc=1\" alt=\"Oaxaca, un continente: Carreteras, ox\u00edgeno federal al turismo estatal\" \/><\/a><\/p>\n<p>(www.eloriente.net, M\u00e9xico, 7 de mayo de 2015. Por: \u00c1ngel Osorio* @senderosoax).- Anunciada su construcci\u00f3n durante sexenios y postergada durante la misma cantidad de a\u00f1os, proyectos carreteros como la v\u00eda a Puerto Escondido y al Istmo parecen estar por concretarse. La conclusi\u00f3n de las v\u00edas Oaxaca\u2013Puerto Escondido, Oaxaca\u2013Istmo, Puerto Escondido\u2013Pochutla y Acayucan\u2013La Ventosa [\u2026]<\/p>\n<p class=\"postmeta\"><span class=\"meta_date\">mayo 7, 2015\u00a0<\/span><span class=\"meta_permalink\"><a title=\"Enlace Permanente a Oaxaca, un continente: Carreteras, ox\u00edgeno federal al turismo estatal\" href=\"http:\/\/www.eloriente.net\/home\/2015\/05\/07\/oaxaca-un-continente-carreteras-oxigeno-federal-al-turismo-estatal\/\" rel=\"bookmark\">Leer Mas<\/a><\/span><span class=\"meta_edit\"><a class=\"post-edit-link\" href=\"http:\/\/www.eloriente.net\/home\/wp-admin\/post.php?post=36782&amp;action=edit\">#<\/a><\/span><\/p>\n<h2 class=\"entry_title\"><a title=\"Enlace Permanente a Oaxaca, un continente: Centro de Convenciones, \u00bfNegocio para qui\u00e9n?\" href=\"http:\/\/www.eloriente.net\/home\/2015\/04\/30\/oaxaca-un-continente-centro-de-convenciones-negocio-para-quien\/\" rel=\"bookmark\">Oaxaca, un continente: Centro de Convenciones, \u00bfNegocio para qui\u00e9n?<\/a><\/h2>\n<p class=\"postmeta\"><a href=\"http:\/\/www.eloriente.net\/home\/2015\/04\/30\/oaxaca-un-continente-centro-de-convenciones-negocio-para-quien\/\" rel=\"bookmark\"><img decoding=\"async\" class=\"alignleft\" title=\"Oaxaca, un continente: Centro de Convenciones, \u00bfNegocio para qui\u00e9n?\" src=\"http:\/\/www.eloriente.net\/home\/wp-content\/themes\/city-desk\/timthumb.php?src=http%3A%2F%2Fwww.eloriente.net%2Fhome%2Fwp-content%2Fuploads%2F2014%2F10%2FZ%C3%B3calo-Oaxaca-Ron-Mader.jpg&amp;q=90&amp;w=160&amp;h=106&amp;zc=1\" alt=\"Oaxaca, un continente: Centro de Convenciones, \u00bfNegocio para qui\u00e9n?\" \/><\/a><\/p>\n<p>\u00a0 \u00a0 eloriente.net\/@senderosoax 30 de abril de 2015 POR: \u00c1ngel Osorio\/@senderosoax Envuelto en la pol\u00e9mica desde su nacimiento, el proyecto de Centro Cultural y de Convenciones de la Ciudad de Oaxaca tiene ahora un destino incierto, sobre todo despu\u00e9s del anuncio de la suspension de la obra por un juez federal que El Oriente reci\u00e9n [\u2026]<\/p>\n<p class=\"postmeta\"><span class=\"meta_date\">abril 30, 2015\u00a0<\/span><span class=\"meta_permalink\"><a title=\"Enlace Permanente a Oaxaca, un continente: Centro de Convenciones, \u00bfNegocio para qui\u00e9n?\" href=\"http:\/\/www.eloriente.net\/home\/2015\/04\/30\/oaxaca-un-continente-centro-de-convenciones-negocio-para-quien\/\" rel=\"bookmark\">Leer Mas<\/a><\/span><span class=\"meta_edit\"><a class=\"post-edit-link\" href=\"http:\/\/www.eloriente.net\/home\/wp-admin\/post.php?post=36620&amp;action=edit\">#<\/a><\/span><\/p>\n\n\t\t\t  <div \n\t\t\t  \tclass = \"fb-comments\" \n\t\t\t  \tdata-href = \"http:\/\/www.eloriente.net\/home\/2015\/05\/14\/oaxaca-un-continente-que-representa-oaxaca-en-el-turismo-nacional\/\"\n\t\t\t  \tdata-numposts = \"10\"\n\t\t\t\tdata-colorscheme = \"dark\"\n\t\t\t\tdata-order-by = \"social\"\n\t\t\t\tdata-mobile=true>\n\t\t\t  <\/div>\n\t\t  <style>\n\t\t\t.fb_iframe_widget_fluid_desktop iframe {\n\t\t\t    width: 100% !important;\n\t\t\t}\n\t\t  <\/style>\n\t\t  ","protected":false},"excerpt":{"rendered":"<p>(www.eloriente.net, M\u00e9xico, 14 de mayo de 2015. Por: \u00c1ngel Osorio* @senderosoax).- En el pa\u00eds, la aportaci\u00f3n del sector tur\u00edstico al Producto Interno Bruto es de alrededor de 8.5 %, porcentaje que lo ubica en el cuarto lugar en importancia despu\u00e9s de los ingresos del petr\u00f3leo, las remesas y la actividad manufacturera. Para Oaxaca, seg\u00fan declar\u00f3 [&hellip;]<\/p>\n","protected":false},"author":40,"featured_media":36991,"comment_status":"open","ping_status":"open","sticky":false,"template":"","format":"standard","meta":{"_jetpack_memberships_contains_paid_content":false,"footnotes":""},"categories":[3387,11,63,35,10,464,19],"tags":[3388,620,73],"class_list":["post-36989","post","type-post","status-publish","format-standard","has-post-thumbnail","hentry","category-angel-osorio-morales","category-colaboradores","category-estados","category-secciones-oriente","category-lo-mas-reciente","category-oaxaca-estados","category-turismo-y-negocios","tag-juevesdeturismo","tag-cifras","tag-oaxaca"],"jetpack_featured_media_url":"http:\/\/www.eloriente.net\/home\/wp-content\/uploads\/2015\/05\/tinyfroglet.-Light-on-Monte-Alb\u00e1n.jpg","jetpack_sharing_enabled":true,"_links":{"self":[{"href":"http:\/\/www.eloriente.net\/home\/wp-json\/wp\/v2\/posts\/36989"}],"collection":[{"href":"http:\/\/www.eloriente.net\/home\/wp-json\/wp\/v2\/posts"}],"about":[{"href":"http:\/\/www.eloriente.net\/home\/wp-json\/wp\/v2\/types\/post"}],"author":[{"embeddable":true,"href":"http:\/\/www.eloriente.net\/home\/wp-json\/wp\/v2\/users\/40"}],"replies":[{"embeddable":true,"href":"http:\/\/www.eloriente.net\/home\/wp-json\/wp\/v2\/comments?post=36989"}],"version-history":[{"count":6,"href":"http:\/\/www.eloriente.net\/home\/wp-json\/wp\/v2\/posts\/36989\/revisions"}],"predecessor-version":[{"id":36997,"href":"http:\/\/www.eloriente.net\/home\/wp-json\/wp\/v2\/posts\/36989\/revisions\/36997"}],"wp:featuredmedia":[{"embeddable":true,"href":"http:\/\/www.eloriente.net\/home\/wp-json\/wp\/v2\/media\/36991"}],"wp:attachment":[{"href":"http:\/\/www.eloriente.net\/home\/wp-json\/wp\/v2\/media?parent=36989"}],"wp:term":[{"taxonomy":"category","embeddable":true,"href":"http:\/\/www.eloriente.net\/home\/wp-json\/wp\/v2\/categories?post=36989"},{"taxonomy":"post_tag","embeddable":true,"href":"http:\/\/www.eloriente.net\/home\/wp-json\/wp\/v2\/tags?post=36989"}],"curies":[{"name":"wp","href":"https:\/\/api.w.org\/{rel}","templated":true}]}}