{"id":37007,"date":"2015-05-14T12:31:52","date_gmt":"2015-05-14T18:31:52","guid":{"rendered":"http:\/\/www.eloriente.net\/home\/?p=37007"},"modified":"2015-05-14T12:31:52","modified_gmt":"2015-05-14T18:31:52","slug":"mexico-paso-del-lugar-44-al-30-en-indice-de-competitividad-de-viajes-y-turismo-ruiz-juevesdeturismo","status":"publish","type":"post","link":"http:\/\/www.eloriente.net\/home\/2015\/05\/14\/mexico-paso-del-lugar-44-al-30-en-indice-de-competitividad-de-viajes-y-turismo-ruiz-juevesdeturismo\/","title":{"rendered":"M\u00e9xico pas\u00f3 del lugar 44 al 30 en \u00cdndice de Competitividad de Viajes y Turismo: Ruiz #JuevesdeTurismo"},"content":{"rendered":"<p><script src=\"\/\/pagead2.googlesyndication.com\/pagead\/js\/adsbygoogle.js\" async=\"\"><\/script><!-- BANNER ELORIENTE INCRUSTADO NOTAS --> <ins class=\"adsbygoogle\" style=\"display: inline-block; width: 300px; height: 250px;\" data-ad-client=\"ca-pub-1136171134853753\" data-ad-slot=\"7974633627\"><\/ins><script>\/\/ <![CDATA[\n(adsbygoogle = window.adsbygoogle || []).push({});\n\/\/ ]]><\/script><br \/>\n&nbsp;<\/p>\n<p>&nbsp;<\/p>\n<p>eloriente.net\/<a href=\"http:\/\/www.sectur.gob.mx\/\" target=\"_blank\">Sectur<\/a><\/p>\n<p>14 de mayo de 2015<\/p>\n<p>\u2022 Esta posici\u00f3n es la mejor que ha tenido el pa\u00eds desde que sali\u00f3 el ranking en 2007<\/p>\n<p>M\u00e9xico pas\u00f3 del lugar 44 al 30 en el \u00cdndice de Competitividad de Viajes y Turismo, el a\u00f1o pasado con respecto a 2013, de acuerdo con el Reporte que se dio a conocer la semana pasada en el marco del D\u00e9cimo Foro Econ\u00f3mico Mundial para Am\u00e9rica Latina (WEFLA), que se realiz\u00f3 en la Rivera Maya.<\/p>\n<p>Esta posici\u00f3n, expuso la Secretaria de Turismo, Claudia Ruiz Massieu, ante l\u00edderes de la regi\u00f3n, es la mejor que ha tenido el pa\u00eds desde que sali\u00f3 el ranking en 2007.<\/p>\n<p>En el marco de la conferencia de prensa sobre el Reporte de Competitividad de Viajes y Turismo, Ruiz Massieu record\u00f3 que en los resultados de 2007, M\u00e9xico se ubicaba en el lugar 49.<\/p>\n<p>Dos a\u00f1os m\u00e1s tarde, pas\u00f3 a la posici\u00f3n 52, una ca\u00edda de tres lugares, para retomar el sitio 43 en 2011 y mantenerse sin cambios en 2013. Hoy, precis\u00f3 la funcionaria, estamos en la posici\u00f3n 30 del ranking.<\/p>\n<p>Cabe se\u00f1alar que en la edici\u00f3n anterior, los dos mayores ascensos fueron el de Jap\u00f3n que pas\u00f3 de la posici\u00f3n 22 a la 14, y el de Panam\u00e1 que se movi\u00f3 del lugar 56 al 37, gracias a un fuerte impulso en infraestructura.<\/p>\n<p>El ascenso actual de M\u00e9xico, mencion\u00f3 la Secretaria de Turismo, es mayor al de cualquier pa\u00eds registrado en el reporte pasado.<\/p>\n<p>Explic\u00f3 que la mejora en la medici\u00f3n de la competitividad, es resultado de algunos incrementos en indicadores individuales que impulsaron el ascenso de M\u00e9xico.<\/p>\n<p>Cabe se\u00f1alar que el Foro Econ\u00f3mico Mundial realiz\u00f3 mejoras para medir la competitividad de los pa\u00edses, lo que implic\u00f3 una nueva estructura del reporte y esto benefici\u00f3 a M\u00e9xico.<\/p>\n<p>En el caso del pa\u00eds, expuso la titular de la SECTUR, se benefici\u00f3 en la medici\u00f3n de la competitividad, pues logr\u00f3 capturar aspectos de su oferta que antes no lo hac\u00eda como la demanda digital de turismo natural (lugar 18), el n\u00famero de expresiones culturales intangibles y orales (sitio16) y la demanda digital por turismo cultural y de entretenimiento (posici\u00f3n 15).<\/p>\n<p><a href=\"http:\/\/www.eloriente.net\/home\/wp-content\/uploads\/2015\/01\/SELVA-MAYA-cc-David-Leonardo-Me\u0301ndez.jpg\"><img loading=\"lazy\" decoding=\"async\" class=\"alignnone size-medium wp-image-35124\" src=\"http:\/\/www.eloriente.net\/home\/wp-content\/uploads\/2015\/01\/SELVA-MAYA-cc-David-Leonardo-Me\u0301ndez-300x200.jpg\" alt=\"SELVA MAYA cc David Leonardo Me\u0301ndez\" width=\"300\" height=\"200\" srcset=\"http:\/\/www.eloriente.net\/home\/wp-content\/uploads\/2015\/01\/SELVA-MAYA-cc-David-Leonardo-Me\u0301ndez-300x200.jpg 300w, http:\/\/www.eloriente.net\/home\/wp-content\/uploads\/2015\/01\/SELVA-MAYA-cc-David-Leonardo-Me\u0301ndez.jpg 1024w\" sizes=\"(max-width: 300px) 100vw, 300px\" \/><\/a><\/p>\n<p>IMAGEN: SELVA-MAYA-cc-David-Leonardo-Me\u0301ndez.jpg<\/p>\n<p><strong>OTRAS ENTRADAS:<\/strong><\/p>\n<div id=\"post-35614\" class=\"post-35614 post type-post status-publish format-standard has-post-thumbnail hentry category-angel-osorio-morales category-colaboradores category-entradas category-lo-mas-reciente category-municipios category-turismo-y-negocios tag-juevesdeturismo tag-oaxaca tag-turismo entry loop-default border_bottom_30\">\n<h2 class=\"entry_title\"><a title=\"Enlace Permanente a Turismo: A manera de presentaci\u00f3n\" href=\"http:\/\/www.eloriente.net\/home\/2015\/02\/19\/turismo-a-manera-de-presentacion\/\" rel=\"bookmark\">Turismo: A manera de presentaci\u00f3n<\/a><\/h2>\n<p><a href=\"http:\/\/www.eloriente.net\/home\/2015\/02\/19\/turismo-a-manera-de-presentacion\/\" rel=\"bookmark\"><img decoding=\"async\" class=\"alignleft\" title=\"Turismo: A manera de presentaci\u00f3n\" src=\"http:\/\/www.eloriente.net\/home\/wp-content\/themes\/city-desk\/timthumb.php?src=http%3A%2F%2Fwww.eloriente.net%2Fhome%2Fwp-content%2Fuploads%2F2015%2F02%2FPORTADA-SENDEROS-TURISMO.png&amp;q=90&amp;w=160&amp;h=106&amp;zc=1\" alt=\"Turismo: A manera de presentaci\u00f3n\" \/><\/a>\u00a0 Oaxaca: Un Continente Por: \u00c1ngel Osorio* A Manera de presentaci\u00f3n (www.eloriente.net, M\u00e9xico, 19 de febrero de 2015, Por: \u00c1ngel Osorio).-Pocos lugares en el mundo pueden presumir que cuentan con una riqueza natural y cultural tan grande como Oaxaca. Es lugar com\u00fan hablar de las ra\u00edces ancestrales y la supuesta abundancia de recursos, como lugar [\u2026]<\/p>\n<p class=\"postmeta\"><span class=\"meta_date\">febrero 19, 2015<\/span><\/p>\n<\/div>\n<div id=\"post-35122\" class=\"post-35122 post type-post status-publish format-standard has-post-thumbnail hentry category-comunicados-y-boletines category-entradas category-estados category-lo-mas-reciente category-merida category-mexico-y-el-mundo category-principal category-turismo-y-negocios tag-pueblos-magicos tag-sectur tag-turismo tag-unesco entry loop-default border_bottom_30\">\n<h2 class=\"entry_title\"><a title=\"Enlace Permanente a Incentivos para Pueblos M\u00e1gicos y C\u00f3digo para Selva Maya, acuerdan UNESCO y Turismo\" href=\"http:\/\/www.eloriente.net\/home\/2015\/01\/30\/incentivos-para-pueblos-magicos-y-codigo-para-selva-maya-acuerdan-unesco-y-turismo\/\" rel=\"bookmark\">Incentivos para Pueblos M\u00e1gicos y C\u00f3digo para Selva Maya, acuerdan UNESCO y Turismo<\/a><\/h2>\n<p><a href=\"http:\/\/www.eloriente.net\/home\/2015\/01\/30\/incentivos-para-pueblos-magicos-y-codigo-para-selva-maya-acuerdan-unesco-y-turismo\/\" rel=\"bookmark\"><img decoding=\"async\" class=\"alignleft\" title=\"Incentivos para Pueblos M\u00e1gicos y C\u00f3digo para Selva Maya, acuerdan UNESCO y Turismo\" src=\"http:\/\/www.eloriente.net\/home\/wp-content\/themes\/city-desk\/timthumb.php?src=http%3A%2F%2Fwww.eloriente.net%2Fhome%2Fwp-content%2Fuploads%2F2015%2F01%2FSELVA-MAYA-cc-David-Leonardo-Me%CC%81ndez.jpg&amp;q=90&amp;w=160&amp;h=106&amp;zc=1\" alt=\"Incentivos para Pueblos M\u00e1gicos y C\u00f3digo para Selva Maya, acuerdan UNESCO y Turismo\" \/><\/a>eloriente.net\/UNESCOmx 30 de enero de 2015 El Acuerdo comprende la elaboraci\u00f3n de un C\u00f3digo \u00c9tico de Turismo para la Selva Maya y un Plan de Salvaguarda e Incentivos para el Patrimonio de los Pueblos M\u00e1gicos La Secretar\u00eda de Turismo (SECTUR) y la Oficina en M\u00e9xico de la Organizaci\u00f3n de las Naciones Unidas para la Educaci\u00f3n, [\u2026]<\/p>\n<p class=\"postmeta\"><span class=\"meta_date\">enero 30, 2015<\/span><\/p>\n<\/div>\n<p>&nbsp;<\/p>\n\n\t\t\t  <div \n\t\t\t  \tclass = \"fb-comments\" \n\t\t\t  \tdata-href = \"http:\/\/www.eloriente.net\/home\/2015\/05\/14\/mexico-paso-del-lugar-44-al-30-en-indice-de-competitividad-de-viajes-y-turismo-ruiz-juevesdeturismo\/\"\n\t\t\t  \tdata-numposts = \"10\"\n\t\t\t\tdata-colorscheme = \"dark\"\n\t\t\t\tdata-order-by = \"social\"\n\t\t\t\tdata-mobile=true>\n\t\t\t  <\/div>\n\t\t  <style>\n\t\t\t.fb_iframe_widget_fluid_desktop iframe {\n\t\t\t    width: 100% !important;\n\t\t\t}\n\t\t  <\/style>\n\t\t  ","protected":false},"excerpt":{"rendered":"<p>&nbsp; &nbsp; eloriente.net\/Sectur 14 de mayo de 2015 \u2022 Esta posici\u00f3n es la mejor que ha tenido el pa\u00eds desde que sali\u00f3 el ranking en 2007 M\u00e9xico pas\u00f3 del lugar 44 al 30 en el \u00cdndice de Competitividad de Viajes y Turismo, el a\u00f1o pasado con respecto a 2013, de acuerdo con el Reporte que [&hellip;]<\/p>\n","protected":false},"author":1,"featured_media":35124,"comment_status":"open","ping_status":"open","sticky":false,"template":"","format":"standard","meta":{"_jetpack_memberships_contains_paid_content":false,"footnotes":""},"categories":[1588,32,63,10,24,19],"tags":[],"class_list":["post-37007","post","type-post","status-publish","format-standard","has-post-thumbnail","hentry","category-comunicados-y-boletines","category-entradas","category-estados","category-lo-mas-reciente","category-mexico-y-el-mundo","category-turismo-y-negocios"],"jetpack_featured_media_url":"http:\/\/www.eloriente.net\/home\/wp-content\/uploads\/2015\/01\/SELVA-MAYA-cc-David-Leonardo-Me\u0301ndez.jpg","jetpack_sharing_enabled":true,"_links":{"self":[{"href":"http:\/\/www.eloriente.net\/home\/wp-json\/wp\/v2\/posts\/37007"}],"collection":[{"href":"http:\/\/www.eloriente.net\/home\/wp-json\/wp\/v2\/posts"}],"about":[{"href":"http:\/\/www.eloriente.net\/home\/wp-json\/wp\/v2\/types\/post"}],"author":[{"embeddable":true,"href":"http:\/\/www.eloriente.net\/home\/wp-json\/wp\/v2\/users\/1"}],"replies":[{"embeddable":true,"href":"http:\/\/www.eloriente.net\/home\/wp-json\/wp\/v2\/comments?post=37007"}],"version-history":[{"count":1,"href":"http:\/\/www.eloriente.net\/home\/wp-json\/wp\/v2\/posts\/37007\/revisions"}],"predecessor-version":[{"id":37008,"href":"http:\/\/www.eloriente.net\/home\/wp-json\/wp\/v2\/posts\/37007\/revisions\/37008"}],"wp:featuredmedia":[{"embeddable":true,"href":"http:\/\/www.eloriente.net\/home\/wp-json\/wp\/v2\/media\/35124"}],"wp:attachment":[{"href":"http:\/\/www.eloriente.net\/home\/wp-json\/wp\/v2\/media?parent=37007"}],"wp:term":[{"taxonomy":"category","embeddable":true,"href":"http:\/\/www.eloriente.net\/home\/wp-json\/wp\/v2\/categories?post=37007"},{"taxonomy":"post_tag","embeddable":true,"href":"http:\/\/www.eloriente.net\/home\/wp-json\/wp\/v2\/tags?post=37007"}],"curies":[{"name":"wp","href":"https:\/\/api.w.org\/{rel}","templated":true}]}}