{"id":37126,"date":"2015-05-19T10:59:34","date_gmt":"2015-05-19T16:59:34","guid":{"rendered":"http:\/\/www.eloriente.net\/home\/?p=37126"},"modified":"2015-05-19T12:35:38","modified_gmt":"2015-05-19T18:35:38","slug":"joven-oaxaqueno-ingresara-al-tecnologico-de-monterrey-con-distincion-lideres-del-manana","status":"publish","type":"post","link":"http:\/\/www.eloriente.net\/home\/2015\/05\/19\/joven-oaxaqueno-ingresara-al-tecnologico-de-monterrey-con-distincion-lideres-del-manana\/","title":{"rendered":"Joven oaxaque\u00f1o ingresar\u00e1 al Tecnol\u00f3gico de Monterrey con distinci\u00f3n L\u00edderes del Ma\u00f1ana"},"content":{"rendered":"<p><script src=\"\/\/pagead2.googlesyndication.com\/pagead\/js\/adsbygoogle.js\" async=\"\"><\/script><!-- BANNER ELORIENTE INCRUSTADO NOTAS --> <ins class=\"adsbygoogle\" style=\"display: inline-block; width: 300px; height: 250px;\" data-ad-client=\"ca-pub-1136171134853753\" data-ad-slot=\"7974633627\"><\/ins><script>\/\/ <![CDATA[\n(adsbygoogle = window.adsbygoogle || []).push({});\n\/\/ ]]><\/script><\/p>\n<p><a href=\"http:\/\/www.eloriente.net\/home\/\" target=\"_blank\">eloriente.net<\/a>\/Tec de Monterrey<\/p>\n<p>19\u00a0de mayo de 2015<\/p>\n<p>L\u00edderes del Ma\u00f1ana es un programa del Tecnol\u00f3gico de Monterrey que tiene como objetivo potenciar la for\u00admaci\u00f3n y el desarrollo de j\u00f3venes mexicanos talentosos que, por su condici\u00f3n econ\u00f3mica o social, requieran de un apoyo del cien por ciento de beca para estudiar en el Tecnol\u00f3gico de Monterrey. El programa busca impulsar a las mentes brillantes de M\u00e9xico, estudiantes de excelencia con una capacidad intelectual sobresaliente, que tengan liderazgo y compromiso activo con la transformaci\u00f3n de sus comunidades.<\/p>\n<p>Es muy grato reconocer que en la generaci\u00f3n 2015 de L\u00edderes del Ma\u00f1ana, un alumno oaxaque\u00f1o fue acreedor a esta distinci\u00f3n: Edgar Bruno D\u00edaz Castro, con 17 a\u00f1os de edad. Edgar Bruno ahora se suma a la formaci\u00f3n de l\u00edderes emprendedores con sentido humano, competitivos internacionalmente y comprometidos con el desarrollo de M\u00e9xico y el mundo, con la beca del cien por ciento otorgada por el Tecnol\u00f3gico de Monterrey, fomentando as\u00ed el desarrollo de l\u00edderes que ser\u00e1n agentes de cambio en la transformaci\u00f3n de sus entornos, comunidades y del pa\u00eds.<\/p>\n<p>Los requisitos para ser candidato a esta distinci\u00f3n eran: Ser mexicano con un alto potencial de liderazgo, tener una condici\u00f3n econ\u00f3mica o social que requiera de un apoyo del 100% de beca para estudiar en el Tecnol\u00f3gico de Monterrey, adem\u00e1s de un promedio igual o mayor a 90 y un esp\u00edritu emprendedor con iniciativas e ideales por un M\u00e9xico mejor que se hayan cristalizado en alg\u00fan proyecto de desarrollo comunitario.<\/p>\n<p>Edgar Bruno sin duda representa estas caracter\u00edsticas. Entre sus m\u00e9ritos destacan ser Premio Nacional de la Juventud 2013 en la distinci\u00f3n \u201cAportaci\u00f3n a la Cultura Pol\u00edtica y Democr\u00e1tica\u201d, Premio Estatal de la Juventud 2012 en la distinci\u00f3n \u201cM\u00e9rito C\u00edvico\u201d; as\u00ed mismo es Sub-Campe\u00f3n Nacional 2009 del Premio del Milenio de la Federaci\u00f3n Mundial de las Asociaciones de las Naciones Unidas, Campe\u00f3n Estatal de Debate Pol\u00edtico 2013 y 2014 y Campe\u00f3n Estatal de Oratoria 2008. Adem\u00e1s ha participado en diferentes proyectos en favor de la comunidad oaxaque\u00f1a como regidor de cabildo juvenil en 2010 y 2011, y difusor municipal infantil en las actividades del DIF Oaxaca de 2010 al 2012.<\/p>\n<p>Hoy en d\u00eda, se requiere oportunidades para crear valor donde este es muy limitado. Como sociedad, potenciar el talento de estos j\u00f3venes es uno de nuestros m\u00e1s valiosos activos y es responsabilidad de todos el darles las oportunidades para convertirse en los l\u00edderes y agentes de cambio que M\u00e9xico necesita.<\/p>\n<p>Nada ni nadie va a transformar a M\u00e9xico m\u00e1s que el trabajo coordinado de todos los actores de la sociedad. L\u00edderes del Ma\u00f1ana es una muestra clara del compromiso del Tecnol\u00f3gico de Monterrey de ser una instituci\u00f3n abierta e incluyente que contribuya a la transformaci\u00f3n del pa\u00eds.<\/p>\n<p>El Tecnol\u00f3gico de Monterrey Sede Oaxaca, extiende su sincera felicitaci\u00f3n a Edgar Bruno D\u00edaz Castro y a su familia por el honor de recibir esta distinci\u00f3n a nivel nacional.<\/p>\n<p><a href=\"http:\/\/www.eloriente.net\/home\/wp-content\/uploads\/2015\/05\/gabino-2012.jpg\"><img loading=\"lazy\" decoding=\"async\" class=\"alignnone  wp-image-37128\" src=\"http:\/\/www.eloriente.net\/home\/wp-content\/uploads\/2015\/05\/gabino-2012.jpg\" alt=\"gabino 2012\" width=\"446\" height=\"298\" srcset=\"http:\/\/www.eloriente.net\/home\/wp-content\/uploads\/2015\/05\/gabino-2012.jpg 719w, http:\/\/www.eloriente.net\/home\/wp-content\/uploads\/2015\/05\/gabino-2012-300x200.jpg 300w\" sizes=\"(max-width: 446px) 100vw, 446px\" \/><\/a><\/p>\n<p>Imagen: Cortes\u00eda del Tec de Monterrey<\/p>\n<p>OTRAS ENTRADAS:<\/p>\n<div id=\"post-36751\" class=\"post-36751 post type-post status-publish format-standard has-post-thumbnail hentry category-colaboradores category-comunicados-y-boletines category-educacion-y-cultura category-tecnologico-de-monterrey category-universidades tag-biblioteca tag-calidad-educativa tag-tecnologico-de-monterrey-2 entry loop-default border_bottom_30\">\n<h2 class=\"entry_title\"><a title=\"Enlace Permanente a Con innovadora biblioteca el Tec de Monterrey mira hacia el futuro\" href=\"http:\/\/www.eloriente.net\/home\/2015\/05\/06\/con-innovadora-biblioteca-el-tec-de-monterrey-mira-hacia-el-futuro\/\" rel=\"bookmark\">Con innovadora biblioteca el Tec de Monterrey mira hacia el futuro<\/a><\/h2>\n<p><a href=\"http:\/\/www.eloriente.net\/home\/2015\/05\/06\/con-innovadora-biblioteca-el-tec-de-monterrey-mira-hacia-el-futuro\/\" rel=\"bookmark\"><img decoding=\"async\" class=\"alignleft\" title=\"Con innovadora biblioteca el Tec de Monterrey mira hacia el futuro\" src=\"http:\/\/www.eloriente.net\/home\/wp-content\/themes\/city-desk\/timthumb.php?src=http%3A%2F%2Fwww.eloriente.net%2Fhome%2Fwp-content%2Fuploads%2F2015%2F05%2FBiblioteca-Campus-Monterrey.jpeg&amp;q=90&amp;w=160&amp;h=106&amp;zc=1\" alt=\"Con innovadora biblioteca el Tec de Monterrey mira hacia el futuro\" \/><\/a>eloriente.net\/Tec de Monterrey 6 de mayo de 2015 Inicia la transformaci\u00f3n de la Biblioteca\u00a0del Tecnol\u00f3gico de Monterrey, Campus Monterrey En junio dar\u00e1 inicio la construcci\u00f3n de la nueva biblioteca que se plantea como un espacio abierto y que responda a las caracter\u00edsticas del Modelo Educativo Tec21 y los j\u00f3venes estudiantes del siglo XXI. Como parte [\u2026]<\/p>\n<p class=\"postmeta\"><span class=\"meta_date\">mayo 6, 2015\u00a0<\/span><span class=\"meta_permalink\"><a title=\"Enlace Permanente a Con innovadora biblioteca el Tec de Monterrey mira hacia el futuro\" href=\"http:\/\/www.eloriente.net\/home\/2015\/05\/06\/con-innovadora-biblioteca-el-tec-de-monterrey-mira-hacia-el-futuro\/\" rel=\"bookmark\">Leer Mas<\/a><\/span><span class=\"meta_edit\"><a class=\"post-edit-link\" href=\"http:\/\/www.eloriente.net\/home\/wp-admin\/post.php?post=36751&amp;action=edit\">#<\/a><\/span><\/p>\n<\/div>\n<div id=\"post-36704\" class=\"post-36704 post type-post status-publish format-standard has-post-thumbnail hentry category-comunicados-y-boletines category-elecciones category-entradas category-lo-mas-reciente category-mexico-y-el-mundo category-politica-y-gobierno tag-elecciones-2015 tag-oaxaca tag-oaxaca-elecciones tag-partidos-politicos entry loop-default border_bottom_30\">\n<h2 class=\"entry_title\"><a title=\"Enlace Permanente a Tec de Monterrey y Universidad de California abren: M\u00e9xico Participa #Elecciones2015\" href=\"http:\/\/www.eloriente.net\/home\/2015\/05\/03\/tec-de-monterrey-y-universidad-de-california-abren-mexico-participa-elecciones2015\/\" rel=\"bookmark\">Tec de Monterrey y Universidad de California abren: M\u00e9xico Participa #Elecciones2015<\/a><\/h2>\n<p><a href=\"http:\/\/www.eloriente.net\/home\/2015\/05\/03\/tec-de-monterrey-y-universidad-de-california-abren-mexico-participa-elecciones2015\/\" rel=\"bookmark\"><img decoding=\"async\" class=\"alignleft\" title=\"Tec de Monterrey y Universidad de California abren: M\u00e9xico Participa #Elecciones2015\" src=\"http:\/\/www.eloriente.net\/home\/wp-content\/themes\/city-desk\/timthumb.php?src=http%3A%2F%2Fwww.eloriente.net%2Fhome%2Fwp-content%2Fuploads%2F2015%2F05%2F34-d%C3%ADas-elecciones-2015.png&amp;q=90&amp;w=160&amp;h=106&amp;zc=1\" alt=\"Tec de Monterrey y Universidad de California abren: M\u00e9xico Participa #Elecciones2015\" \/><\/a>\u00a0 \u00a0 eloriente.net\/INE 3 de mayo de 2015 M\u00e9xico Participa es un proyecto desarrollado conjuntamente por el Instituto Tecnol\u00f3gico y de Estudios Superiores de Monterrey y la Universidad de California en Berkeley, el cual busca incrementar y fomentar el uso de mecanismos de participaci\u00f3n ciudadana para la construcci\u00f3n de valores y pr\u00e1cticas democr\u00e1ticas. Tiene como [\u2026]<\/p>\n<p class=\"postmeta\"><span class=\"meta_date\">mayo 3, 2015\u00a0<\/span><span class=\"meta_permalink\"><a title=\"Enlace Permanente a Tec de Monterrey y Universidad de California abren: M\u00e9xico Participa #Elecciones2015\" href=\"http:\/\/www.eloriente.net\/home\/2015\/05\/03\/tec-de-monterrey-y-universidad-de-california-abren-mexico-participa-elecciones2015\/\" rel=\"bookmark\">Leer Mas<\/a><\/span><span class=\"meta_edit\"><a class=\"post-edit-link\" href=\"http:\/\/www.eloriente.net\/home\/wp-admin\/post.php?post=36704&amp;action=edit\">#<\/a><\/span><\/p>\n<\/div>\n\n\t\t\t  <div \n\t\t\t  \tclass = \"fb-comments\" \n\t\t\t  \tdata-href = \"http:\/\/www.eloriente.net\/home\/2015\/05\/19\/joven-oaxaqueno-ingresara-al-tecnologico-de-monterrey-con-distincion-lideres-del-manana\/\"\n\t\t\t  \tdata-numposts = \"10\"\n\t\t\t\tdata-colorscheme = \"dark\"\n\t\t\t\tdata-order-by = \"social\"\n\t\t\t\tdata-mobile=true>\n\t\t\t  <\/div>\n\t\t  <style>\n\t\t\t.fb_iframe_widget_fluid_desktop iframe {\n\t\t\t    width: 100% !important;\n\t\t\t}\n\t\t  <\/style>\n\t\t  ","protected":false},"excerpt":{"rendered":"<p>eloriente.net\/Tec de Monterrey 19\u00a0de mayo de 2015 L\u00edderes del Ma\u00f1ana es un programa del Tecnol\u00f3gico de Monterrey que tiene como objetivo potenciar la for\u00admaci\u00f3n y el desarrollo de j\u00f3venes mexicanos talentosos que, por su condici\u00f3n econ\u00f3mica o social, requieran de un apoyo del cien por ciento de beca para estudiar en el Tecnol\u00f3gico de Monterrey. [&hellip;]<\/p>\n","protected":false},"author":28,"featured_media":37128,"comment_status":"open","ping_status":"open","sticky":false,"template":"","format":"standard","meta":{"_jetpack_memberships_contains_paid_content":false,"footnotes":""},"categories":[11,1588,49,18,10,530,84],"tags":[3629,2945,1584,839],"class_list":["post-37126","post","type-post","status-publish","format-standard","has-post-thumbnail","hentry","category-colaboradores","category-comunicados-y-boletines","category-destacadas","category-educacion-y-cultura","category-lo-mas-reciente","category-tecnologico-de-monterrey","category-universidades","tag-alumno-oaxaqueno","tag-beca","tag-lider","tag-tec-de-monterrey"],"jetpack_featured_media_url":"http:\/\/www.eloriente.net\/home\/wp-content\/uploads\/2015\/05\/gabino-2012.jpg","jetpack_sharing_enabled":true,"_links":{"self":[{"href":"http:\/\/www.eloriente.net\/home\/wp-json\/wp\/v2\/posts\/37126"}],"collection":[{"href":"http:\/\/www.eloriente.net\/home\/wp-json\/wp\/v2\/posts"}],"about":[{"href":"http:\/\/www.eloriente.net\/home\/wp-json\/wp\/v2\/types\/post"}],"author":[{"embeddable":true,"href":"http:\/\/www.eloriente.net\/home\/wp-json\/wp\/v2\/users\/28"}],"replies":[{"embeddable":true,"href":"http:\/\/www.eloriente.net\/home\/wp-json\/wp\/v2\/comments?post=37126"}],"version-history":[{"count":4,"href":"http:\/\/www.eloriente.net\/home\/wp-json\/wp\/v2\/posts\/37126\/revisions"}],"predecessor-version":[{"id":37131,"href":"http:\/\/www.eloriente.net\/home\/wp-json\/wp\/v2\/posts\/37126\/revisions\/37131"}],"wp:featuredmedia":[{"embeddable":true,"href":"http:\/\/www.eloriente.net\/home\/wp-json\/wp\/v2\/media\/37128"}],"wp:attachment":[{"href":"http:\/\/www.eloriente.net\/home\/wp-json\/wp\/v2\/media?parent=37126"}],"wp:term":[{"taxonomy":"category","embeddable":true,"href":"http:\/\/www.eloriente.net\/home\/wp-json\/wp\/v2\/categories?post=37126"},{"taxonomy":"post_tag","embeddable":true,"href":"http:\/\/www.eloriente.net\/home\/wp-json\/wp\/v2\/tags?post=37126"}],"curies":[{"name":"wp","href":"https:\/\/api.w.org\/{rel}","templated":true}]}}