{"id":37162,"date":"2015-05-20T13:03:22","date_gmt":"2015-05-20T19:03:22","guid":{"rendered":"http:\/\/www.eloriente.net\/home\/?p=37162"},"modified":"2015-05-20T13:03:45","modified_gmt":"2015-05-20T19:03:45","slug":"avanza-implementacion-del-sistema-acusatorio-en-oaxaca-plan-maestro-de-capacitacion-2015","status":"publish","type":"post","link":"http:\/\/www.eloriente.net\/home\/2015\/05\/20\/avanza-implementacion-del-sistema-acusatorio-en-oaxaca-plan-maestro-de-capacitacion-2015\/","title":{"rendered":"Avanza implementaci\u00f3n del Sistema Acusatorio en Oaxaca; Plan Maestro de Capacitaci\u00f3n 2015"},"content":{"rendered":"<p><script src=\"\/\/pagead2.googlesyndication.com\/pagead\/js\/adsbygoogle.js\" async=\"\"><\/script><!-- BANNER ELORIENTE INCRUSTADO NOTAS --> <ins class=\"adsbygoogle\" style=\"display: inline-block; width: 300px; height: 250px;\" data-ad-client=\"ca-pub-1136171134853753\" data-ad-slot=\"7974633627\"><\/ins><script>\/\/ <![CDATA[\n(adsbygoogle = window.adsbygoogle || []).push({});\n\/\/ ]]><\/script><\/p>\n<p>eloriente.net\/\u00a0TSJEO<\/p>\n<p>15 de mayo de 2015<\/p>\n<p><strong>En 2016 debe operar en todo el pa\u00eds este modelo que reemplaza al sistema inquisitorio por el sistema acusatorio y oral<\/strong><\/p>\n<p>Como parte de las funciones de la Secretar\u00eda Ejecutiva del Consejo de Coordinaci\u00f3n para la Implementaci\u00f3n del Sistema Acusatorio en Oaxaca, la construcci\u00f3n y ejecuci\u00f3n de un programa integral de capacitaci\u00f3n se convierte en un tema prioritario, ya que dentro de la consolidaci\u00f3n de la reforma constitucional, la formaci\u00f3n, pero sobre todo la profesionalizaci\u00f3n de los servidores p\u00fablicos involucrados es pieza fundamental.<\/p>\n<p>Por ello, desde el pasado 4 de mayo se puso en marcha el Plan Maestro de Capacitaci\u00f3n 2015, proyecto que incluye cursos referentes al sistema penal acusatorio, con enfoque al C\u00f3digo Nacional de Procedimientos Penales y dirigidos a jueces, mediadores, ministerios p\u00fablicos, agentes estatales de investigaci\u00f3n, conciliadores, facilitadores, peritos, defensores p\u00fablicos, polic\u00eda estatal, polic\u00eda auxiliar, polic\u00eda vial, personal penitenciario y abogados litigantes.<\/p>\n<p>Es fundamental que en Oaxaca los servidores p\u00fablicos relacionados con la seguridad, procuraci\u00f3n e impartici\u00f3n de justicia, est\u00e9n capacitados y actualizados en el sistema de justicia penal, ya que en 2016 debe operar en todo el pa\u00eds este modelo que reemplaza al sistema inquisitorio por el sistema acusatorio y oral, se\u00f1al\u00f3 Jahaziel Reyes Loaeza, secretario ejecutivo del Consejo de Coordinaci\u00f3n para la Implementaci\u00f3n en la entidad.<\/p>\n<p>Los cursos de capacitaci\u00f3n ser\u00e1n impartidos por personal certificado por la Secretar\u00eda T\u00e9cnica del Consejo de Coordinaci\u00f3n para la Implementaci\u00f3n del Sistema de Justicia Penal en M\u00e9xico (SETEC) y tienen como objetivo capacitar en este a\u00f1o a un total de mil 610 servidores p\u00fablicos de las diversas instituciones operadoras, as\u00ed como un n\u00famero indefinido de abogados litigantes que tendr\u00e1n acceso a este plan.<\/p>\n<p>Es importante mencionar que este 18 de mayo dieron inicio los cursos \u201cCapacitaci\u00f3n b\u00e1sica para Oficiales de Guardia y Custodia\u201d y \u201cCapacitaci\u00f3n b\u00e1sica para Polic\u00eda Preventivo\u201d, que tendr\u00e1n una duraci\u00f3n de 100 de horas y abordar\u00e1n temas como: El origen del Derecho Penitenciario, El Derecho Positivo de Ejecuci\u00f3n Penal, Legislaci\u00f3n en Materia Penitenciaria, Derechos humanos, \u00c9tica Profesional, Fundamentos de la Actuaci\u00f3n Policial, Las Instituciones Policiales en el procedimiento Penal Acusatorio, entre otros.<\/p>\n<p>Se contempla que estos cursos den cobertura a 25 y 35 participantes respectivamente, mismos que pertenecen a distintas \u00e1reas de la Secretar\u00eda de Seguridad P\u00fablica del Estado. En breve tambi\u00e9n dar\u00e1n inicio los cursos para personal de la Procuradur\u00eda General de Justicia del Estado, Procuradur\u00eda para la Defensa del ind\u00edgena y Grupos Vulnerables y Tribunal Superior de Justicia, as\u00ed como de abogados litigantes.<\/p>\n<p><a href=\"http:\/\/www.eloriente.net\/home\/wp-content\/uploads\/2014\/08\/Justicia-Chris-Potter.jpg\"><img loading=\"lazy\" decoding=\"async\" class=\"alignnone  wp-image-31537\" src=\"http:\/\/www.eloriente.net\/home\/wp-content\/uploads\/2014\/08\/Justicia-Chris-Potter.jpg\" alt=\"Justicia - Chris Potter\" width=\"339\" height=\"226\" srcset=\"http:\/\/www.eloriente.net\/home\/wp-content\/uploads\/2014\/08\/Justicia-Chris-Potter.jpg 640w, http:\/\/www.eloriente.net\/home\/wp-content\/uploads\/2014\/08\/Justicia-Chris-Potter-300x200.jpg 300w\" sizes=\"(max-width: 339px) 100vw, 339px\" \/><\/a><\/p>\n<p>Imagen: Bajo licencia CC Justicia-Chris-Potter<\/p>\n<p>OTRAS ENTRADAS:<\/p>\n<div id=\"post-37020\" class=\"post-37020 post type-post status-publish format-standard has-post-thumbnail hentry category-comunicados-y-boletines category-derechos-humanos category-entradas category-estados category-lo-mas-reciente category-oaxaca-estados tag-medidas-cautelares tag-oaxaca tag-tribunal-superior-de-justicia entry loop-default border_bottom_30\">\n<h2 class=\"entry_title\"><a title=\"Enlace Permanente a Medidas Cautelares: Otra herramienta del Sistema Penal Acusatorio\" href=\"http:\/\/www.eloriente.net\/home\/2015\/05\/15\/medidas-cautelares-otra-herramienta-del-sistema-penal-acusatorio\/\" rel=\"bookmark\">Medidas Cautelares: Otra herramienta del Sistema Penal Acusatorio<\/a><\/h2>\n<p><a href=\"http:\/\/www.eloriente.net\/home\/2015\/05\/15\/medidas-cautelares-otra-herramienta-del-sistema-penal-acusatorio\/\" rel=\"bookmark\"><img decoding=\"async\" class=\"alignleft\" title=\"Medidas Cautelares: Otra herramienta del Sistema Penal Acusatorio\" src=\"http:\/\/www.eloriente.net\/home\/wp-content\/themes\/city-desk\/timthumb.php?src=http%3A%2F%2Fwww.eloriente.net%2Fhome%2Fwp-content%2Fuploads%2F2015%2F05%2FMorgaine.Justicia-e1431701239836.png&amp;q=90&amp;w=160&amp;h=106&amp;zc=1\" alt=\"Medidas Cautelares: Otra herramienta del Sistema Penal Acusatorio\" \/><\/a>eloriente.net\/\u00a0TSJO 15 de mayo de 2015 Un tema importante en el sistema penal acusatorio, que en Oaxaca opera en las regiones de la Mixteca, el Istmo de Tehuantepec, Costa y Ca\u00f1ada, son las medidas cautelares, herramientas judiciales impuestas a la persona se\u00f1alada como probable responsable de la comisi\u00f3n de un delito, a trav\u00e9s de las [\u2026]<\/p>\n<p class=\"postmeta\"><span class=\"meta_date\">mayo 15, 2015\u00a0<\/span><span class=\"meta_permalink\"><a title=\"Enlace Permanente a Medidas Cautelares: Otra herramienta del Sistema Penal Acusatorio\" href=\"http:\/\/www.eloriente.net\/home\/2015\/05\/15\/medidas-cautelares-otra-herramienta-del-sistema-penal-acusatorio\/\" rel=\"bookmark\">Leer Mas<\/a><\/span><span class=\"meta_edit\"><a class=\"post-edit-link\" href=\"http:\/\/www.eloriente.net\/home\/wp-admin\/post.php?post=37020&amp;action=edit\">#<\/a><\/span><\/p>\n<\/div>\n<div id=\"post-36884\" class=\"post-36884 post type-post status-publish format-standard has-post-thumbnail hentry category-comunicados-y-boletines category-congreso-y-justicia category-destacadas category-entradas category-estados category-oaxaca-estados tag-expedientes tag-justicia-penal tag-reos tag-revision entry loop-default border_bottom_30\">\n<h2 class=\"entry_title\"><\/h2>\n<h2 class=\"entry_title\"><a title=\"Enlace Permanente a Audiencias penitenciarias atienden mas de 700 solicitudes de presos para revisar sentencias\" href=\"http:\/\/www.eloriente.net\/home\/2015\/05\/11\/audiencias-penitenciarias-atienden-mas-de-700-solicitudes-de-presos-para-revisar-sentencias\/\" rel=\"bookmark\">Audiencias penitenciarias atienden mas de 700 solicitudes de presos para revisar sentencias<\/a><\/h2>\n<p><a href=\"http:\/\/www.eloriente.net\/home\/2015\/05\/11\/audiencias-penitenciarias-atienden-mas-de-700-solicitudes-de-presos-para-revisar-sentencias\/\" rel=\"bookmark\"><img decoding=\"async\" class=\"alignleft\" title=\"Audiencias penitenciarias atienden mas de 700 solicitudes de presos para revisar sentencias\" src=\"http:\/\/www.eloriente.net\/home\/wp-content\/themes\/city-desk\/timthumb.php?src=http%3A%2F%2Fwww.eloriente.net%2Fhome%2Fwp-content%2Fuploads%2F2015%2F05%2FEl-Poder-Judicial-da-seguimiento-a-casos-de-internos-en-los-penales-de-la-entidad-NOTICIAS.jpg&amp;q=90&amp;w=160&amp;h=106&amp;zc=1\" alt=\"Audiencias penitenciarias atienden mas de 700 solicitudes de presos para revisar sentencias\" \/><\/a>eloriente.net\/\u00a0TSJO 11\u00a0de mayo de 2015 M\u00e1s de 700 hombres y mujeres que se encuentran privados de su libertad en cuatro centros de readaptaci\u00f3n social de Oaxaca, solicitaron al Poder Judicial del Estado la revisi\u00f3n de sus expedientes y sentencias, durante las audiencias penitenciarias realizadas en los primeros cuatro meses del a\u00f1o. En su labor de [\u2026]<\/p>\n<p class=\"postmeta\"><span class=\"meta_date\">mayo 11, 2015\u00a0<\/span><span class=\"meta_permalink\"><a title=\"Enlace Permanente a Audiencias penitenciarias atienden mas de 700 solicitudes de presos para revisar sentencias\" href=\"http:\/\/www.eloriente.net\/home\/2015\/05\/11\/audiencias-penitenciarias-atienden-mas-de-700-solicitudes-de-presos-para-revisar-sentencias\/\" rel=\"bookmark\">Leer Mas<\/a><\/span><span class=\"meta_edit\"><a class=\"post-edit-link\" href=\"http:\/\/www.eloriente.net\/home\/wp-admin\/post.php?post=36884&amp;action=edit\">#<\/a><\/span><\/p>\n<\/div>\n\n\t\t\t  <div \n\t\t\t  \tclass = \"fb-comments\" \n\t\t\t  \tdata-href = \"http:\/\/www.eloriente.net\/home\/2015\/05\/20\/avanza-implementacion-del-sistema-acusatorio-en-oaxaca-plan-maestro-de-capacitacion-2015\/\"\n\t\t\t  \tdata-numposts = \"10\"\n\t\t\t\tdata-colorscheme = \"dark\"\n\t\t\t\tdata-order-by = \"social\"\n\t\t\t\tdata-mobile=true>\n\t\t\t  <\/div>\n\t\t  <style>\n\t\t\t.fb_iframe_widget_fluid_desktop iframe {\n\t\t\t    width: 100% !important;\n\t\t\t}\n\t\t  <\/style>\n\t\t  ","protected":false},"excerpt":{"rendered":"<p>eloriente.net\/\u00a0TSJEO 15 de mayo de 2015 En 2016 debe operar en todo el pa\u00eds este modelo que reemplaza al sistema inquisitorio por el sistema acusatorio y oral Como parte de las funciones de la Secretar\u00eda Ejecutiva del Consejo de Coordinaci\u00f3n para la Implementaci\u00f3n del Sistema Acusatorio en Oaxaca, la construcci\u00f3n y ejecuci\u00f3n de un programa [&hellip;]<\/p>\n","protected":false},"author":57,"featured_media":31537,"comment_status":"open","ping_status":"open","sticky":false,"template":"","format":"standard","meta":{"_jetpack_memberships_contains_paid_content":false,"footnotes":""},"categories":[1588,91,63,10,464,21],"tags":[571,2712,3173],"class_list":["post-37162","post","type-post","status-publish","format-standard","has-post-thumbnail","hentry","category-comunicados-y-boletines","category-congreso-y-justicia","category-estados","category-lo-mas-reciente","category-oaxaca-estados","category-politica-y-gobierno","tag-capacitacion","tag-sistema-de-justicia-penal","tag-tsjeo"],"jetpack_featured_media_url":"http:\/\/www.eloriente.net\/home\/wp-content\/uploads\/2014\/08\/Justicia-Chris-Potter.jpg","jetpack_sharing_enabled":true,"_links":{"self":[{"href":"http:\/\/www.eloriente.net\/home\/wp-json\/wp\/v2\/posts\/37162"}],"collection":[{"href":"http:\/\/www.eloriente.net\/home\/wp-json\/wp\/v2\/posts"}],"about":[{"href":"http:\/\/www.eloriente.net\/home\/wp-json\/wp\/v2\/types\/post"}],"author":[{"embeddable":true,"href":"http:\/\/www.eloriente.net\/home\/wp-json\/wp\/v2\/users\/57"}],"replies":[{"embeddable":true,"href":"http:\/\/www.eloriente.net\/home\/wp-json\/wp\/v2\/comments?post=37162"}],"version-history":[{"count":3,"href":"http:\/\/www.eloriente.net\/home\/wp-json\/wp\/v2\/posts\/37162\/revisions"}],"predecessor-version":[{"id":37165,"href":"http:\/\/www.eloriente.net\/home\/wp-json\/wp\/v2\/posts\/37162\/revisions\/37165"}],"wp:featuredmedia":[{"embeddable":true,"href":"http:\/\/www.eloriente.net\/home\/wp-json\/wp\/v2\/media\/31537"}],"wp:attachment":[{"href":"http:\/\/www.eloriente.net\/home\/wp-json\/wp\/v2\/media?parent=37162"}],"wp:term":[{"taxonomy":"category","embeddable":true,"href":"http:\/\/www.eloriente.net\/home\/wp-json\/wp\/v2\/categories?post=37162"},{"taxonomy":"post_tag","embeddable":true,"href":"http:\/\/www.eloriente.net\/home\/wp-json\/wp\/v2\/tags?post=37162"}],"curies":[{"name":"wp","href":"https:\/\/api.w.org\/{rel}","templated":true}]}}