{"id":37166,"date":"2015-05-20T14:26:17","date_gmt":"2015-05-20T20:26:17","guid":{"rendered":"http:\/\/www.eloriente.net\/home\/?p=37166"},"modified":"2015-05-24T07:50:57","modified_gmt":"2015-05-24T13:50:57","slug":"talleres-y-cursos-en-hub-oaxaca-mayo-junio-de-2015","status":"publish","type":"post","link":"http:\/\/www.eloriente.net\/home\/2015\/05\/20\/talleres-y-cursos-en-hub-oaxaca-mayo-junio-de-2015\/","title":{"rendered":"Talleres y cursos en HUB Oaxaca; mayo-junio de 2015"},"content":{"rendered":"<p><script src=\"\/\/pagead2.googlesyndication.com\/pagead\/js\/adsbygoogle.js\" async=\"\"><\/script><!-- BANNER ELORIENTE INCRUSTADO NOTAS --> <ins class=\"adsbygoogle\" style=\"display: inline-block; width: 300px; height: 250px;\" data-ad-client=\"ca-pub-1136171134853753\" data-ad-slot=\"7974633627\"><\/ins><script>\/\/ <![CDATA[\n(adsbygoogle = window.adsbygoogle || []).push({});\n\/\/ ]]><\/script><\/p>\n<p>&nbsp;<\/p>\n<p>eloriente.net\/\u00a0HUB Oaxaca<\/p>\n<p>20\u00a0de mayo de 2015<\/p>\n<p>Como parte de las actividades que realiza el HUB Oaxaca para impulsar la cultura emprendedora y el trabajo social, se invita a todo al p\u00fablico en general a participar en los talleres y cursos que ofrecemos a trav\u00e9s de nuestra red de colaboradores. A continuaci\u00f3n te presentamos las actividades a realizar en fechas pr\u00f3ximas (Mayo-Junio).<\/p>\n<p><strong>El poder ilimitado de las ventas:<\/strong>\u00a0curso en el que se abordar\u00e1n diferentes t\u00e9cnicas para obtener mejores resultados para posicionar tu producto y lograr una venta efectiva, inicia el 29 de mayo en un horario de 18 a 19 horas, imparte Paco Papalote, Licenciado en Administraci\u00f3n de Empresas Tur\u00edsticas.<\/p>\n<p><a href=\"http:\/\/www.eloriente.net\/home\/wp-content\/uploads\/2015\/05\/El-poder-ilimitado-de-las-ventas.jpg\"><img loading=\"lazy\" decoding=\"async\" class=\"alignnone  wp-image-37167\" src=\"http:\/\/www.eloriente.net\/home\/wp-content\/uploads\/2015\/05\/El-poder-ilimitado-de-las-ventas.jpg\" alt=\"El poder ilimitado de las ventas\" width=\"324\" height=\"209\" srcset=\"http:\/\/www.eloriente.net\/home\/wp-content\/uploads\/2015\/05\/El-poder-ilimitado-de-las-ventas.jpg 1024w, http:\/\/www.eloriente.net\/home\/wp-content\/uploads\/2015\/05\/El-poder-ilimitado-de-las-ventas-300x193.jpg 300w, http:\/\/www.eloriente.net\/home\/wp-content\/uploads\/2015\/05\/El-poder-ilimitado-de-las-ventas-900x580.jpg 900w\" sizes=\"(max-width: 324px) 100vw, 324px\" \/><\/a><\/p>\n<p><strong>Utiliza Redes Sociales a Favor de Tu Negocio<\/strong>: Generaci\u00f3n de estrategias en redes sociales a un bajo costo y con un gran impacto (Facebook, Twiter, Instagram, etc.), 3 y 10 de junio, imparte Rodrigo Pacheco Peral, Polit\u00f3logo, Blogger, gerente Operativo del HUB Oaxaca y Consultor Digital.<\/p>\n<p><strong>Introducci\u00f3n al monitoreo y evaluaci\u00f3n de proyectos sociales<\/strong>: <strong>Teor\u00eda de cambio e indicadores. <\/strong>Este curso asentar\u00e1 las bases\u00a0para mejorar tus proyectos. 6 y 13 de junio, imparte Dra. Lucille Atkin, PhD especialista en monitoreo, evaluaci\u00f3n y planeaci\u00f3n de proyectos sociales, con m\u00e1s de 35 a\u00f1os de experiencia.<\/p>\n<p><strong>Como escribir propuestas perfectas para solicitar financiamiento: <\/strong>Aqu\u00ed podr\u00e1s aprender herramientas para escribir una propuesta exitosa, entendiendo la l\u00f3gica del donante, los elementos clavo y los indicadores del \u00e9xito. 20 y 27 de junio, imparte Dr. Michael E. Conroy, PhD.<\/p>\n<p><strong>Servicio especializado 12 horas HUB contigo: <\/strong>12 horas de acompa\u00f1amiento personalizado para tu emprendimiento, en 3 meses; diagn\u00f3ticamos, afinamos l\u00edneas estrat\u00e9gicas y monitoreamos avances. 6 sesiones. Inicia 10 de junio, imparte Samuel Morales, Consultor Senior. Mas de 15 a\u00f1os de experiencia en investigaci\u00f3n de mercados, desarrollo de negocios, administraci\u00f3n y mercadotecnia.<\/p>\n<p><a href=\"http:\/\/www.eloriente.net\/home\/wp-content\/uploads\/2015\/05\/ensamble-JUNIO-web.jpg\"><img loading=\"lazy\" decoding=\"async\" class=\"alignnone  wp-image-37168\" src=\"http:\/\/www.eloriente.net\/home\/wp-content\/uploads\/2015\/05\/ensamble-JUNIO-web-700x1024.jpg\" alt=\"ensamble JUNIO web\" width=\"286\" height=\"418\" srcset=\"http:\/\/www.eloriente.net\/home\/wp-content\/uploads\/2015\/05\/ensamble-JUNIO-web-700x1024.jpg 700w, http:\/\/www.eloriente.net\/home\/wp-content\/uploads\/2015\/05\/ensamble-JUNIO-web-205x300.jpg 205w, http:\/\/www.eloriente.net\/home\/wp-content\/uploads\/2015\/05\/ensamble-JUNIO-web-900x1315.jpg 900w, http:\/\/www.eloriente.net\/home\/wp-content\/uploads\/2015\/05\/ensamble-JUNIO-web.jpg 936w\" sizes=\"(max-width: 286px) 100vw, 286px\" \/><\/a><\/p>\n<p><strong>Letrering:<\/strong> Caligraf\u00eda, dibujo de letra y tipograf\u00eda, inicia 13 de junio, imparte Paco Calles.<\/p>\n<p><a href=\"http:\/\/www.eloriente.net\/home\/wp-content\/uploads\/2015\/05\/LETRERING-PARA-FB.jpg\"><img loading=\"lazy\" decoding=\"async\" class=\"alignnone  wp-image-37169\" src=\"http:\/\/www.eloriente.net\/home\/wp-content\/uploads\/2015\/05\/LETRERING-PARA-FB-1021x1024.jpg\" alt=\"LETRERING PARA FB\" width=\"283\" height=\"284\" srcset=\"http:\/\/www.eloriente.net\/home\/wp-content\/uploads\/2015\/05\/LETRERING-PARA-FB-1021x1024.jpg 1021w, http:\/\/www.eloriente.net\/home\/wp-content\/uploads\/2015\/05\/LETRERING-PARA-FB-150x150.jpg 150w, http:\/\/www.eloriente.net\/home\/wp-content\/uploads\/2015\/05\/LETRERING-PARA-FB-300x300.jpg 300w, http:\/\/www.eloriente.net\/home\/wp-content\/uploads\/2015\/05\/LETRERING-PARA-FB-50x50.jpg 50w, http:\/\/www.eloriente.net\/home\/wp-content\/uploads\/2015\/05\/LETRERING-PARA-FB-1024x1026.jpg 1024w, http:\/\/www.eloriente.net\/home\/wp-content\/uploads\/2015\/05\/LETRERING-PARA-FB-144x144.jpg 144w, http:\/\/www.eloriente.net\/home\/wp-content\/uploads\/2015\/05\/LETRERING-PARA-FB-900x902.jpg 900w, http:\/\/www.eloriente.net\/home\/wp-content\/uploads\/2015\/05\/LETRERING-PARA-FB.jpg 1679w\" sizes=\"(max-width: 283px) 100vw, 283px\" \/><\/a><\/p>\n<p>&nbsp;<\/p>\n<p>Nuestras oficinas se encuentran en la calle de Quintana Roo 211, Centro, Oaxaca. Horario: Lunes a Viernes de 9:00 a 19:00 hs. Para mayor informaci\u00f3n puedes contactarnos al 951 5161049 o escribirnos a ensamble.huboaxaca@gmail.com Nuestra p\u00e1gina:\u00a0<a href=\"http:\/\/www.huboaxaca.org\/\u00a0\" target=\"_blank\">http:\/\/www.huboaxaca.org\/\u00a0<\/a><\/p>\n<p><a href=\"http:\/\/www.eloriente.net\/home\/wp-content\/uploads\/2015\/05\/HUB-Oaxaca-2.jpg\"><img loading=\"lazy\" decoding=\"async\" class=\"alignnone  wp-image-37171\" src=\"http:\/\/www.eloriente.net\/home\/wp-content\/uploads\/2015\/05\/HUB-Oaxaca-2-1024x680.jpg\" alt=\"HUB Oaxaca 2\" width=\"393\" height=\"261\" srcset=\"http:\/\/www.eloriente.net\/home\/wp-content\/uploads\/2015\/05\/HUB-Oaxaca-2-1024x680.jpg 1024w, http:\/\/www.eloriente.net\/home\/wp-content\/uploads\/2015\/05\/HUB-Oaxaca-2-300x199.jpg 300w, http:\/\/www.eloriente.net\/home\/wp-content\/uploads\/2015\/05\/HUB-Oaxaca-2-900x597.jpg 900w, http:\/\/www.eloriente.net\/home\/wp-content\/uploads\/2015\/05\/HUB-Oaxaca-2.jpg 2048w\" sizes=\"(max-width: 393px) 100vw, 393px\" \/><\/a><\/p>\n<p>Imagen: HUB Oaxaca Facebook<\/p>\n<p>OTRAS ENTRADAS:<\/p>\n<div id=\"post-17751\" class=\"post-17751 post type-post status-publish format-standard has-post-thumbnail hentry category-agenda category-convocatorias category-educacion-y-cultura category-entradas category-lo-mas-reciente category-turismo-y-negocios entry loop-default border_bottom_30\">\n<h2 class=\"entry_title\"><a title=\"Enlace Permanente a Jornada de celebraciones por el cuarto aniversario del Hub Oaxaca\" href=\"http:\/\/www.eloriente.net\/home\/2013\/11\/28\/jornada-de-celebraciones-por-el-cuarto-aniversario-del-hub-oaxaca\/\" rel=\"bookmark\">Jornada de celebraciones por el cuarto aniversario del Hub Oaxaca<\/a><\/h2>\n<p><a href=\"http:\/\/www.eloriente.net\/home\/2013\/11\/28\/jornada-de-celebraciones-por-el-cuarto-aniversario-del-hub-oaxaca\/\" rel=\"bookmark\"><img decoding=\"async\" class=\"alignleft\" title=\"Jornada de celebraciones por el cuarto aniversario del Hub Oaxaca\" src=\"http:\/\/www.eloriente.net\/home\/wp-content\/themes\/city-desk\/timthumb.php?src=http%3A%2F%2Fwww.eloriente.net%2Fhome%2Fwp-content%2Fuploads%2F2013%2F11%2Fdia-hub2013-WEB.jpg&amp;q=90&amp;w=160&amp;h=106&amp;zc=1\" alt=\"Jornada de celebraciones por el cuarto aniversario del Hub Oaxaca\" \/><\/a>eloriente.net\/ HUB Oaxaca 27 de noviembre de 2013 Realiza primera edici\u00f3n de FuckUp Nights, innovador evento sobre emprendimiento. Exposici\u00f3n de proyectos y productos en el D\u00eda Hub, el s\u00e1bado 30 de noviembre. El Hub Oaxaca cumple cuatro a\u00f1os y lo celebra con actividades de impacto, que incluyen la primera edici\u00f3n de FuckUp Nights en Oaxaca, [\u2026]<\/p>\n<p class=\"postmeta\"><span class=\"meta_date\">noviembre 28, 2013<\/span><span class=\"meta_comment\">Comentarios desactivados<\/span><span class=\"meta_permalink\"><a title=\"Enlace Permanente a Jornada de celebraciones por el cuarto aniversario del Hub Oaxaca\" href=\"http:\/\/www.eloriente.net\/home\/2013\/11\/28\/jornada-de-celebraciones-por-el-cuarto-aniversario-del-hub-oaxaca\/\" rel=\"bookmark\">Leer Mas<\/a><\/span><span class=\"meta_edit\"><a class=\"post-edit-link\" href=\"http:\/\/www.eloriente.net\/home\/wp-admin\/post.php?post=17751&amp;action=edit\">#<\/a><\/span><\/p>\n<\/div>\n<div id=\"post-16211\" class=\"post-16211 post type-post status-publish format-standard has-post-thumbnail hentry category-entradas category-lo-mas-reciente category-todo-oaxaca-radio entry loop-default border_bottom_30\">\n<h2 class=\"entry_title\"><\/h2>\n<h2 class=\"entry_title\"><a title=\"Enlace Permanente a Escucha a S\u00f3crates Ju\u00e1rez, HUB Oaxaca, Lizzette Santiago y m\u00e1s en Todo Oaxaca Radio 3\/sep\/2013\" href=\"http:\/\/www.eloriente.net\/home\/2013\/09\/05\/escucha-a-socrates-juarez-hub-oaxaca-lizzette-santiago-y-mas-en-todo-oaxaca-radio-3sep2013\/\" rel=\"bookmark\">Escucha a S\u00f3crates Ju\u00e1rez, HUB Oaxaca, Lizzette Santiago y m\u00e1s en Todo Oaxaca Radio 3\/sep\/2013<\/a><\/h2>\n<p><a href=\"http:\/\/www.eloriente.net\/home\/2013\/09\/05\/escucha-a-socrates-juarez-hub-oaxaca-lizzette-santiago-y-mas-en-todo-oaxaca-radio-3sep2013\/\" rel=\"bookmark\"><img decoding=\"async\" class=\"alignleft\" title=\"Escucha a S\u00f3crates Ju\u00e1rez, HUB Oaxaca, Lizzette Santiago y m\u00e1s en Todo Oaxaca Radio 3\/sep\/2013\" src=\"http:\/\/www.eloriente.net\/home\/wp-content\/themes\/city-desk\/timthumb.php?src=http%3A%2F%2Fwww.eloriente.net%2Fhome%2Fwp-content%2Fuploads%2F2013%2F09%2Fgoyo-y-megan1.jpg&amp;q=90&amp;w=160&amp;h=106&amp;zc=1\" alt=\"Escucha a S\u00f3crates Ju\u00e1rez, HUB Oaxaca, Lizzette Santiago y m\u00e1s en Todo Oaxaca Radio 3\/sep\/2013\" \/><\/a>\u00a0 todooaxacaradio.com 4 de septiembre del 2013 Nuestra emisi\u00f3n del programa Todo Oaxaca Radio del 3 de septiembre estuvo muy concurrida, puesto que hablamos de 4 diferentes temas con distintos invitados, todos ellos l\u00edderes en los sectores que participan. El primer invitado de la tarde fue el Director de la Orquesta de C\u00e1mara de la [\u2026]<\/p>\n<p class=\"postmeta\"><span class=\"meta_date\">septiembre 5, 2013<\/span><span class=\"meta_comment\">Comentarios desactivados<\/span><span class=\"meta_permalink\"><a title=\"Enlace Permanente a Escucha a S\u00f3crates Ju\u00e1rez, HUB Oaxaca, Lizzette Santiago y m\u00e1s en Todo Oaxaca Radio 3\/sep\/2013\" href=\"http:\/\/www.eloriente.net\/home\/2013\/09\/05\/escucha-a-socrates-juarez-hub-oaxaca-lizzette-santiago-y-mas-en-todo-oaxaca-radio-3sep2013\/\" rel=\"bookmark\">Leer Mas<\/a><\/span><span class=\"meta_edit\"><a class=\"post-edit-link\" href=\"http:\/\/www.eloriente.net\/home\/wp-admin\/post.php?post=16211&amp;action=edit\">#<\/a><\/span><\/p>\n<\/div>\n\n\t\t\t  <div \n\t\t\t  \tclass = \"fb-comments\" \n\t\t\t  \tdata-href = \"http:\/\/www.eloriente.net\/home\/2015\/05\/20\/talleres-y-cursos-en-hub-oaxaca-mayo-junio-de-2015\/\"\n\t\t\t  \tdata-numposts = \"10\"\n\t\t\t\tdata-colorscheme = \"dark\"\n\t\t\t\tdata-order-by = \"social\"\n\t\t\t\tdata-mobile=true>\n\t\t\t  <\/div>\n\t\t  <style>\n\t\t\t.fb_iframe_widget_fluid_desktop iframe {\n\t\t\t    width: 100% !important;\n\t\t\t}\n\t\t  <\/style>\n\t\t  ","protected":false},"excerpt":{"rendered":"<p>&nbsp; eloriente.net\/\u00a0HUB Oaxaca 20\u00a0de mayo de 2015 Como parte de las actividades que realiza el HUB Oaxaca para impulsar la cultura emprendedora y el trabajo social, se invita a todo al p\u00fablico en general a participar en los talleres y cursos que ofrecemos a trav\u00e9s de nuestra red de colaboradores. A continuaci\u00f3n te presentamos las [&hellip;]<\/p>\n","protected":false},"author":22,"featured_media":37171,"comment_status":"open","ping_status":"open","sticky":false,"template":"","format":"standard","meta":{"_jetpack_memberships_contains_paid_content":false,"footnotes":""},"categories":[8,11,32,13,63,82,464],"tags":[511,348,1828,955],"class_list":["post-37166","post","type-post","status-publish","format-standard","has-post-thumbnail","hentry","category-agenda","category-colaboradores","category-entradas","category-especiales","category-estados","category-hub-oaxaca","category-oaxaca-estados","tag-cursos","tag-emprendedores","tag-hub-oaxaca-2","tag-talleres"],"jetpack_featured_media_url":"http:\/\/www.eloriente.net\/home\/wp-content\/uploads\/2015\/05\/HUB-Oaxaca-2.jpg","jetpack_sharing_enabled":true,"_links":{"self":[{"href":"http:\/\/www.eloriente.net\/home\/wp-json\/wp\/v2\/posts\/37166"}],"collection":[{"href":"http:\/\/www.eloriente.net\/home\/wp-json\/wp\/v2\/posts"}],"about":[{"href":"http:\/\/www.eloriente.net\/home\/wp-json\/wp\/v2\/types\/post"}],"author":[{"embeddable":true,"href":"http:\/\/www.eloriente.net\/home\/wp-json\/wp\/v2\/users\/22"}],"replies":[{"embeddable":true,"href":"http:\/\/www.eloriente.net\/home\/wp-json\/wp\/v2\/comments?post=37166"}],"version-history":[{"count":2,"href":"http:\/\/www.eloriente.net\/home\/wp-json\/wp\/v2\/posts\/37166\/revisions"}],"predecessor-version":[{"id":37178,"href":"http:\/\/www.eloriente.net\/home\/wp-json\/wp\/v2\/posts\/37166\/revisions\/37178"}],"wp:featuredmedia":[{"embeddable":true,"href":"http:\/\/www.eloriente.net\/home\/wp-json\/wp\/v2\/media\/37171"}],"wp:attachment":[{"href":"http:\/\/www.eloriente.net\/home\/wp-json\/wp\/v2\/media?parent=37166"}],"wp:term":[{"taxonomy":"category","embeddable":true,"href":"http:\/\/www.eloriente.net\/home\/wp-json\/wp\/v2\/categories?post=37166"},{"taxonomy":"post_tag","embeddable":true,"href":"http:\/\/www.eloriente.net\/home\/wp-json\/wp\/v2\/tags?post=37166"}],"curies":[{"name":"wp","href":"https:\/\/api.w.org\/{rel}","templated":true}]}}