{"id":37270,"date":"2015-05-27T07:16:07","date_gmt":"2015-05-27T13:16:07","guid":{"rendered":"http:\/\/www.eloriente.net\/home\/?p=37270"},"modified":"2015-06-03T15:20:17","modified_gmt":"2015-06-03T21:20:17","slug":"arte-religioso-y-poder-en-la-oaxaca-colonial-entrevista-con-historiador-javier-cuesta-hernandez","status":"publish","type":"post","link":"http:\/\/www.eloriente.net\/home\/2015\/05\/27\/arte-religioso-y-poder-en-la-oaxaca-colonial-entrevista-con-historiador-javier-cuesta-hernandez\/","title":{"rendered":"Arte religioso y poder en la Oaxaca Colonial: Entrevista con Historiador Javier Cuesta Hern\u00e1ndez"},"content":{"rendered":"<p><script src=\"\/\/pagead2.googlesyndication.com\/pagead\/js\/adsbygoogle.js\" async=\"\"><\/script><!-- BANNER ELORIENTE INCRUSTADO NOTAS --> <ins class=\"adsbygoogle\" style=\"display: inline-block; width: 300px; height: 250px;\" data-ad-client=\"ca-pub-1136171134853753\" data-ad-slot=\"7974633627\"><\/ins><script>\/\/ <![CDATA[\n(adsbygoogle = window.adsbygoogle || []).push({});\n\/\/ ]]><\/script><\/p>\n<p>(<a href=\"http:\/\/www.eloriente.net\/home\/\" target=\"_blank\">eloriente.net<\/a>, M\u00e9xico, 26 de mayo de 2015. Por: Nadir Quiroz).- En el marco del curso\u00a0<em>El Arte y la Construcci\u00f3n de la Patria: Oaxaca en la encrucijada<\/em>, impartido en el Centro Cultural San Pablo, \u00a0ELORIENTE.NET aprovech\u00f3 la c\u00e1tedra impartida por el Dr. Luis Javier Cuesta Hern\u00e1ndez, Director del Departamento de Arte en la Universidad Iberoamericana de la Ciudad de M\u00e9xico, para compartir puntos de vista e inquietudes.<\/p>\n<p>\u00abArte religioso y el poder en la Oaxaca Colonial\u00bb fueron los temas conversados con el\u00a0Doctor en Historia del Arte por la Universidad de Salamanca y becario CONACYT del programa Estancias Post-Doctorales. Para el investigador de <em>Arquitectura y poder: El tardog\u00f3tico castellano entre Europa y Am\u00e9rica<\/em>, las expresiones art\u00edsticas plasmadas en conventos, catedrales y edificios religiosos no solo tuvieron en su momento una funci\u00f3n est\u00e9tica, fueron mas all\u00e1 mediante una utilidad evang\u00e9lica y did\u00e1ctica, hasta tender\u00a0lazos estrechos con el poder, construyendo el espacio simb\u00f3lico-visual\u00a0entre los habitantes de la Nueva Espa\u00f1a y en particular, en Antequera.<\/p>\n<p>Durante el primer m\u00f3dulo impartido como parte del curso, Luis Javier Cuesta abord\u00f3 temas como <em>El espacio Imaginado, Los Art\u00edfices del Paisaje y la Arquitectura Oaxaque\u00f1a<\/em>, teniendo como marco de referencia los siglos XVI, XVII y XVIII, en d\u00f3nde las manifestaciones art\u00edstico- religiosas estuvieron imantadas por la influencia europea en un contexto d\u00f3nde prevalec\u00edan los recuerdos ind\u00edgenas: \u00abEl arte tiene muchas funciones, todas pueden ser diferentes, pero lo importante es entender que siempre tiene que haber una funci\u00f3n preponderante. Cuando hablamos de arte religioso&#8230; fundamentalmente lo que intenta es legitimar, justificar, fundamentar una serie de valores a trav\u00e9s de los cuales se pretende sensibilizar a una sociedad para que esos valores se conviertan en realidad o cumplimiento\u00bb.<\/p>\n<p>Para conocer un poco mas sobre una de las <em>funciones preponderantes<\/em> del arte religioso\u00a0en el contexto de\u00a0la Oaxaca Colonial, te invitamos a ver la siguiente entrevista.<\/p>\n<p><iframe loading=\"lazy\" src=\"https:\/\/www.youtube.com\/embed\/9rYbIQ_3yis\" width=\"560\" height=\"315\" frameborder=\"0\" allowfullscreen=\"allowfullscreen\"><\/iframe><\/p>\n<p><a href=\"http:\/\/www.eloriente.net\/home\/wp-content\/uploads\/2015\/05\/Portada.png\"><img loading=\"lazy\" decoding=\"async\" class=\"alignnone  wp-image-37280\" src=\"http:\/\/www.eloriente.net\/home\/wp-content\/uploads\/2015\/05\/Portada-1024x441.png\" alt=\"Portada\" width=\"564\" height=\"243\" srcset=\"http:\/\/www.eloriente.net\/home\/wp-content\/uploads\/2015\/05\/Portada-1024x441.png 1024w, http:\/\/www.eloriente.net\/home\/wp-content\/uploads\/2015\/05\/Portada-300x129.png 300w, http:\/\/www.eloriente.net\/home\/wp-content\/uploads\/2015\/05\/Portada-900x387.png 900w\" sizes=\"(max-width: 564px) 100vw, 564px\" \/><\/a><\/p>\n<p>Imagen: eloriente.net<\/p>\n<p>OTRAS ENTRADAS:<\/p>\n<h2 class=\"entry_title\"><a title=\"Enlace Permanente a Video: Entrevista al artista gr\u00e1fico Gerardo Y\u00e9piz, por MUFI\" href=\"http:\/\/www.eloriente.net\/home\/2014\/05\/01\/video-entrevista-a-gerardo-yepiz-en-el-museo-de-filatelia\/\" rel=\"bookmark\">Video: Entrevista al artista gr\u00e1fico Gerardo Y\u00e9piz, por MUFI<\/a><\/h2>\n<p><a href=\"http:\/\/www.eloriente.net\/home\/2014\/05\/01\/video-entrevista-a-gerardo-yepiz-en-el-museo-de-filatelia\/\" rel=\"bookmark\"><img decoding=\"async\" class=\"alignleft\" title=\"Video: Entrevista al artista gr\u00e1fico Gerardo Y\u00e9piz, por MUFI\" src=\"http:\/\/www.eloriente.net\/home\/wp-content\/themes\/city-desk\/timthumb.php?src=http%3A%2F%2Fwww.eloriente.net%2Fhome%2Fwp-content%2Fuploads%2F2014%2F05%2FGerardo-Yepiz-Youtube.png&amp;q=90&amp;w=160&amp;h=106&amp;zc=1\" alt=\"Video: Entrevista al artista gr\u00e1fico Gerardo Y\u00e9piz, por MUFI\" \/><\/a><\/p>\n<p>eloriente.net\/MUFI 1 de mayo de 2014 ELORIENTE.NET pone a tu disposici\u00f3n una entrevista con el artista gr\u00e1fico y ex artecorreista, Gerardo Y\u00e9piz \u201cAcamonchi\u201d, donde platica sobre el concepto del arte correo, sus inicios en \u00e9l, su participaci\u00f3n y la donaci\u00f3n de toda su colecci\u00f3n de Arte Postal al Museo de Filatelia (MUFI) en Oaxaca, la [\u2026]<\/p>\n<p class=\"postmeta\"><span class=\"meta_date\">mayo 1, 2014<\/span><\/p>\n<p>&nbsp;<\/p>\n<h2 class=\"entry_title\"><a title=\"Enlace Permanente a Entrevista: Filosof\u00eda para Desencantados de Leonardo Da Jandra\" href=\"http:\/\/www.eloriente.net\/home\/2014\/09\/14\/entrevista-filosofia-para-desencantados-de-leonardo-da-jandra\/\" rel=\"bookmark\">Entrevista: Filosof\u00eda para Desencantados de Leonardo Da Jandra<\/a><\/h2>\n<p><a href=\"http:\/\/www.eloriente.net\/home\/2014\/09\/14\/entrevista-filosofia-para-desencantados-de-leonardo-da-jandra\/\" rel=\"bookmark\"><img decoding=\"async\" class=\"alignleft\" title=\"Entrevista: Filosof\u00eda para Desencantados de Leonardo Da Jandra\" src=\"http:\/\/www.eloriente.net\/home\/wp-content\/themes\/city-desk\/timthumb.php?src=http%3A%2F%2Fwww.eloriente.net%2Fhome%2Fwp-content%2Fuploads%2F2014%2F09%2FIMG_5006.jpg&amp;q=90&amp;w=160&amp;h=106&amp;zc=1\" alt=\"Entrevista: Filosof\u00eda para Desencantados de Leonardo Da Jandra\" \/><\/a><\/p>\n<p>eloriente.net 14\/septiembre\/2014 Por Alfredo Woolrich Filosof\u00eda para Desencantados es la m\u00e1s reciente obra del fil\u00f3sofo mexicano Leonardo Da Jandra. En tres cap\u00edtulos dedicados al egocentrismo, sociocentrismo y cosmocentrismo, el autor califica cada una de estas etapas como necesarias en la conformaci\u00f3n del pensamiento humano, y c\u00f3mo una vez superadas, se puede pasar al siguiente estadio. [\u2026]<\/p>\n<p class=\"postmeta\"><span class=\"meta_date\">septiembre 14, 2014<\/span><\/p>\n\n\t\t\t  <div \n\t\t\t  \tclass = \"fb-comments\" \n\t\t\t  \tdata-href = \"http:\/\/www.eloriente.net\/home\/2015\/05\/27\/arte-religioso-y-poder-en-la-oaxaca-colonial-entrevista-con-historiador-javier-cuesta-hernandez\/\"\n\t\t\t  \tdata-numposts = \"10\"\n\t\t\t\tdata-colorscheme = \"dark\"\n\t\t\t\tdata-order-by = \"social\"\n\t\t\t\tdata-mobile=true>\n\t\t\t  <\/div>\n\t\t  <style>\n\t\t\t.fb_iframe_widget_fluid_desktop iframe {\n\t\t\t    width: 100% !important;\n\t\t\t}\n\t\t  <\/style>\n\t\t  ","protected":false},"excerpt":{"rendered":"<p>(eloriente.net, M\u00e9xico, 26 de mayo de 2015. Por: Nadir Quiroz).- En el marco del curso\u00a0El Arte y la Construcci\u00f3n de la Patria: Oaxaca en la encrucijada, impartido en el Centro Cultural San Pablo, \u00a0ELORIENTE.NET aprovech\u00f3 la c\u00e1tedra impartida por el Dr. Luis Javier Cuesta Hern\u00e1ndez, Director del Departamento de Arte en la Universidad Iberoamericana de [&hellip;]<\/p>\n","protected":false},"author":57,"featured_media":37280,"comment_status":"open","ping_status":"open","sticky":false,"template":"","format":"standard","meta":{"_jetpack_memberships_contains_paid_content":false,"footnotes":""},"categories":[6,18,13,31],"tags":[3656,3657,3654,3655],"class_list":["post-37270","post","type-post","status-publish","format-standard","has-post-thumbnail","hentry","category-canal-4-especiales","category-educacion-y-cultura","category-especiales","category-principal","tag-arte-religioso","tag-arte-virreinal","tag-arte-y-poder-colonial","tag-oaxaca-colonial"],"jetpack_featured_media_url":"http:\/\/www.eloriente.net\/home\/wp-content\/uploads\/2015\/05\/Portada.png","jetpack_sharing_enabled":true,"_links":{"self":[{"href":"http:\/\/www.eloriente.net\/home\/wp-json\/wp\/v2\/posts\/37270"}],"collection":[{"href":"http:\/\/www.eloriente.net\/home\/wp-json\/wp\/v2\/posts"}],"about":[{"href":"http:\/\/www.eloriente.net\/home\/wp-json\/wp\/v2\/types\/post"}],"author":[{"embeddable":true,"href":"http:\/\/www.eloriente.net\/home\/wp-json\/wp\/v2\/users\/57"}],"replies":[{"embeddable":true,"href":"http:\/\/www.eloriente.net\/home\/wp-json\/wp\/v2\/comments?post=37270"}],"version-history":[{"count":10,"href":"http:\/\/www.eloriente.net\/home\/wp-json\/wp\/v2\/posts\/37270\/revisions"}],"predecessor-version":[{"id":37436,"href":"http:\/\/www.eloriente.net\/home\/wp-json\/wp\/v2\/posts\/37270\/revisions\/37436"}],"wp:featuredmedia":[{"embeddable":true,"href":"http:\/\/www.eloriente.net\/home\/wp-json\/wp\/v2\/media\/37280"}],"wp:attachment":[{"href":"http:\/\/www.eloriente.net\/home\/wp-json\/wp\/v2\/media?parent=37270"}],"wp:term":[{"taxonomy":"category","embeddable":true,"href":"http:\/\/www.eloriente.net\/home\/wp-json\/wp\/v2\/categories?post=37270"},{"taxonomy":"post_tag","embeddable":true,"href":"http:\/\/www.eloriente.net\/home\/wp-json\/wp\/v2\/tags?post=37270"}],"curies":[{"name":"wp","href":"https:\/\/api.w.org\/{rel}","templated":true}]}}