{"id":37285,"date":"2015-05-27T11:45:42","date_gmt":"2015-05-27T17:45:42","guid":{"rendered":"http:\/\/www.eloriente.net\/home\/?p=37285"},"modified":"2015-05-27T12:20:16","modified_gmt":"2015-05-27T18:20:16","slug":"audiencia-incidental-sobre-construccion-de-centro-de-convenciones-cambia-de-fecha-31-de-33-instancias-rindieron-informe","status":"publish","type":"post","link":"http:\/\/www.eloriente.net\/home\/2015\/05\/27\/audiencia-incidental-sobre-construccion-de-centro-de-convenciones-cambia-de-fecha-31-de-33-instancias-rindieron-informe\/","title":{"rendered":"Audiencia Incidental sobre construcci\u00f3n de Centro de Convenciones cambia de fecha: 31 de 33 instancias rindieron informe"},"content":{"rendered":"<p><script src=\"\/\/pagead2.googlesyndication.com\/pagead\/js\/adsbygoogle.js\" async=\"\"><\/script><!-- BANNER ELORIENTE INCRUSTADO NOTAS --> <ins class=\"adsbygoogle\" style=\"display: inline-block; width: 300px; height: 250px;\" data-ad-client=\"ca-pub-1136171134853753\" data-ad-slot=\"7974633627\"><\/ins><script>\/\/ <![CDATA[\n(adsbygoogle = window.adsbygoogle || []).push({});\n\/\/ ]]><\/script><\/p>\n<p>(<a href=\"http:\/\/www.eloriente.net\/home\/\" target=\"_blank\">eloriente.net<\/a>, M\u00e9xico, 27 de mayo de 2015).-Respecto a la resoluci\u00f3n que el Juzgado Primero de Distrito en el Estado de Oaxaca, concedi\u00f3 a trav\u00e9s del \u00a0Amparo Indirecto para la suspensi\u00f3n provisional de la construcci\u00f3n del \u201cCentro Cultural y de Convenciones Oaxaca\u201d, 31\u00a0instituciones de las 33 requeridas han presentado su respuesta por escrito, de los cuales 4 aceptan el acto reclamado aunque de forma parcial.<\/p>\n<p>En este sentido el Instituto Estatal de Ecolog\u00eda del Gobierno del Estado, acepta parcialmente el otorgamiento de permisos y\/o autorizaciones para la construcci\u00f3n del Centro de Convenciones. Mientras tanto, 3 instancias del Gobierno Municipal de la Ciudad de Oaxaca, aceptan haberlos otorgado: Subsecretario de Desarrollo Urbano y Ecolog\u00eda del Municipio de Oaxaca de Ju\u00e1rez, Directora del Centro Hist\u00f3rico y Patrimonio Edificado, as\u00ed como la\u00a0Directora de Ecolog\u00eda.<\/p>\n<p>Destaca que el Fideicomiso para el Desarrollo Log\u00edstico del Estado de Oaxaca (FIDELO) y la Secretar\u00eda de Turismo y Desarrollo Econ\u00f3mico (STYDE), niegan cualquier acto reclamado y su participaci\u00f3n\u00a0en la ejecuci\u00f3n u otorgamiento de permisos para promover la obra.<\/p>\n<p>La suspensi\u00f3n provisional fue publicada el\u00a028 de abril de 2015 en la p\u00e1gina oficial del Poder Judicial de la Federaci\u00f3n, quedando temporalmente suspendidos cualquier tipo de trabajos de intervenci\u00f3n en la zona del Cerro, obligando a 33 autoridades requeridas de los niveles municipal, estatal y federal, a rendir los informes correspondientes.<\/p>\n<p>27 Instituciones de las 33 requeridas mediante el amparo promovido por vecinos de la colonia Guelaguetza, niegan tener conocimiento del proyecto, tener intervenci\u00f3n o acci\u00f3n para dar luz verde a la construcci\u00f3n de dicho centro. Las instancias que han otorgado permisos o autorizaciones\u00a0est\u00e1n obligadas a rendir informes mediante la presentaci\u00f3n de documentaci\u00f3n que fundamenten su decisi\u00f3n\u00a0para aprobar la construcci\u00f3n, como parte\u00a0de las pruebas aportadas por\u00a0quienes argumentan que no se afecta\u00a0al medio ambiente y al \u00abParque Estatal Cerro del Fort\u00edn\u00bb.<\/p>\n<p>La\u00a0audiencia incidental\u00a0para presentar informes respectivos de las autoridades involucradas, estaba programada inicialmente para el d\u00eda\u00a06 de mayo, la cual fue diferida hasta el 16 de junio del presente a\u00f1o, dado que \u00bb la Secretar\u00eda de Medio Ambiente y Recursos Naturales y Comisi\u00f3n Nacional del Agua, ambas con sede en M\u00e9xico, Distrito Federal, no han rendido su informe previo, ni existe constancia que acredite que hayan quedado legalmente notificadas de su petici\u00f3n. En tal virtud, toda vez que se considera conveniente resolver la suspensi\u00f3n definitiva solicitada por todos los actos reclamados en una sola audiencia\u00bb.<\/p>\n<p>Finalmente, la audiencia constitucional programada para el pr\u00f3ximo 28 de mayo a\u00fan no presenta cambio de fecha, de acuerdo a informaci\u00f3n proporcionada por la p\u00e1gina oficial del Poder Judicial de la Federaci\u00f3n en el apartado de <a href=\"http:\/\/sise.cjf.gob.mx\/SiseInternet\/Reportes\/VerCaptura.aspx?TipoAsunto=1&amp;Expediente=482%2F2015&amp;Buscar=Buscar&amp;Circuito=13&amp;CircuitoName=Decimotercer+Circuito&amp;Organismo=273&amp;OrgName=Juzgado+Primero+de+Distrito+en+el+Estado+de+Oaxaca&amp;TipoOrganismo=2&amp;Accion=1\" target=\"_blank\">Consulta de Expedientes<\/a>.<\/p>\n<p><a href=\"http:\/\/www.eloriente.net\/home\/wp-content\/uploads\/2015\/05\/Centro-Cultural-y-de-Convenciones-Oaxaca-FB.png\"><img loading=\"lazy\" decoding=\"async\" class=\"alignnone  wp-image-37294\" src=\"http:\/\/www.eloriente.net\/home\/wp-content\/uploads\/2015\/05\/Centro-Cultural-y-de-Convenciones-Oaxaca-FB.png\" alt=\"Centro Cultural y de Convenciones Oaxaca FB\" width=\"404\" height=\"263\" srcset=\"http:\/\/www.eloriente.net\/home\/wp-content\/uploads\/2015\/05\/Centro-Cultural-y-de-Convenciones-Oaxaca-FB.png 712w, http:\/\/www.eloriente.net\/home\/wp-content\/uploads\/2015\/05\/Centro-Cultural-y-de-Convenciones-Oaxaca-FB-300x195.png 300w\" sizes=\"(max-width: 404px) 100vw, 404px\" \/><\/a><\/p>\n<p>Imagen: <a href=\"https:\/\/www.facebook.com\/GabinoCueMonteagudo\" target=\"_blank\">Gabino Cu\u00e9 Monteagudo<\/a>\u00a0FB<\/p>\n<p>OTRAS ENTRADAS:<\/p>\n<div id=\"post-36620\" class=\"post-36620 post type-post status-publish format-standard has-post-thumbnail hentry category-angel-osorio-morales category-capital category-colaboradores category-entradas category-estados category-lo-mas-reciente category-oaxaca-estados category-turismo-y-negocios tag-centro-de-convenciones tag-cerro-del-fortin tag-turismo-de-convenciones tag-turismo-oaxaca entry loop-default border_bottom_30\">\n<h2 class=\"entry_title\"><a title=\"Enlace Permanente a Oaxaca, un continente: Centro de Convenciones, \u00bfNegocio para qui\u00e9n?\" href=\"http:\/\/www.eloriente.net\/home\/2015\/04\/30\/oaxaca-un-continente-centro-de-convenciones-negocio-para-quien\/\" rel=\"bookmark\">Oaxaca, un continente: Centro de Convenciones, \u00bfNegocio para qui\u00e9n?<\/a><\/h2>\n<p><a href=\"http:\/\/www.eloriente.net\/home\/2015\/04\/30\/oaxaca-un-continente-centro-de-convenciones-negocio-para-quien\/\" rel=\"bookmark\"><img decoding=\"async\" class=\"alignleft\" title=\"Oaxaca, un continente: Centro de Convenciones, \u00bfNegocio para qui\u00e9n?\" src=\"http:\/\/www.eloriente.net\/home\/wp-content\/themes\/city-desk\/timthumb.php?src=http%3A%2F%2Fwww.eloriente.net%2Fhome%2Fwp-content%2Fuploads%2F2014%2F10%2FZ%C3%B3calo-Oaxaca-Ron-Mader.jpg&amp;q=90&amp;w=160&amp;h=106&amp;zc=1\" alt=\"Oaxaca, un continente: Centro de Convenciones, \u00bfNegocio para qui\u00e9n?\" \/><\/a>\u00a0 \u00a0 eloriente.net\/@senderosoax 30 de abril de 2015 POR: \u00c1ngel Osorio\/@senderosoax Envuelto en la pol\u00e9mica desde su nacimiento, el proyecto de Centro Cultural y de Convenciones de la Ciudad de Oaxaca tiene ahora un destino incierto, sobre todo despu\u00e9s del anuncio de la suspension de la obra por un juez federal que El Oriente reci\u00e9n [\u2026]<\/p>\n<p class=\"postmeta\"><span class=\"meta_date\">abril 30, 2015<\/span><span class=\"meta_comment\">Comentarios desactivados<\/span><span class=\"meta_permalink\"><a title=\"Enlace Permanente a Oaxaca, un continente: Centro de Convenciones, \u00bfNegocio para qui\u00e9n?\" href=\"http:\/\/www.eloriente.net\/home\/2015\/04\/30\/oaxaca-un-continente-centro-de-convenciones-negocio-para-quien\/\" rel=\"bookmark\">Leer Mas<\/a><\/span><span class=\"meta_edit\"><a class=\"post-edit-link\" href=\"http:\/\/www.eloriente.net\/home\/wp-admin\/post.php?post=36620&amp;action=edit\">#<\/a><\/span><\/p>\n<\/div>\n<div id=\"post-36590\" class=\"post-36590 post type-post status-publish format-standard has-post-thumbnail hentry category-miercolesdeeconomia category-capital category-entradas category-especiales category-estados category-lo-mas-reciente category-oaxaca-estados category-turismo-y-negocios tag-amparo tag-convenciones tag-turismo-de-reuniones entry loop-default border_bottom_30\">\n<h2 class=\"entry_title\"><\/h2>\n<h2 class=\"entry_title\"><a title=\"Enlace Permanente a Juez concede suspensi\u00f3n provisional sobre construcci\u00f3n del Centro de Convenciones Oaxaca\" href=\"http:\/\/www.eloriente.net\/home\/2015\/04\/28\/juez-concede-suspension-provisional-sobre-construccion-del-centro-de-convenciones-oaxaca\/\" rel=\"bookmark\">Juez concede suspensi\u00f3n provisional sobre construcci\u00f3n del Centro de Convenciones Oaxaca<\/a><\/h2>\n<p><a href=\"http:\/\/www.eloriente.net\/home\/2015\/04\/28\/juez-concede-suspension-provisional-sobre-construccion-del-centro-de-convenciones-oaxaca\/\" rel=\"bookmark\"><img decoding=\"async\" class=\"alignleft\" title=\"Juez concede suspensi\u00f3n provisional sobre construcci\u00f3n del Centro de Convenciones Oaxaca\" src=\"http:\/\/www.eloriente.net\/home\/wp-content\/themes\/city-desk\/timthumb.php?src=http%3A%2F%2Fwww.eloriente.net%2Fhome%2Fwp-content%2Fuploads%2F2014%2F11%2FCentro-de-Convenciones.jpg&amp;q=90&amp;w=160&amp;h=106&amp;zc=1\" alt=\"Juez concede suspensi\u00f3n provisional sobre construcci\u00f3n del Centro de Convenciones Oaxaca\" \/><\/a>(eloriente.net, M\u00e9xico, 28 de abril de 2015).- \u00a0El Juzgado Primero de Distrito en el Estado de Oaxaca, concede la suspensi\u00f3n provisional del acto reclamado en materia de Amparo Indirecto para inhibir la Autorizaci\u00f3n de Construcci\u00f3n del llamado \u201cCentro Cultural y de Convenciones Oaxaca\u201d que impulsa la Secretar\u00eda de Turismo y Desarrollo Econ\u00f3mico de Oaxaca. La [\u2026]<\/p>\n<p class=\"postmeta\"><span class=\"meta_date\">abril 28, 2015<\/span><span class=\"meta_comment\">Comentarios desactivados<\/span><span class=\"meta_permalink\"><a title=\"Enlace Permanente a Juez concede suspensi\u00f3n provisional sobre construcci\u00f3n del Centro de Convenciones Oaxaca\" href=\"http:\/\/www.eloriente.net\/home\/2015\/04\/28\/juez-concede-suspension-provisional-sobre-construccion-del-centro-de-convenciones-oaxaca\/\" rel=\"bookmark\">Leer Mas<\/a><\/span><span class=\"meta_edit\"><a class=\"post-edit-link\" href=\"http:\/\/www.eloriente.net\/home\/wp-admin\/post.php?post=36590&amp;action=edit\">#<\/a><\/span><\/p>\n<\/div>\n\n\t\t\t  <div \n\t\t\t  \tclass = \"fb-comments\" \n\t\t\t  \tdata-href = \"http:\/\/www.eloriente.net\/home\/2015\/05\/27\/audiencia-incidental-sobre-construccion-de-centro-de-convenciones-cambia-de-fecha-31-de-33-instancias-rindieron-informe\/\"\n\t\t\t  \tdata-numposts = \"10\"\n\t\t\t\tdata-colorscheme = \"dark\"\n\t\t\t\tdata-order-by = \"social\"\n\t\t\t\tdata-mobile=true>\n\t\t\t  <\/div>\n\t\t  <style>\n\t\t\t.fb_iframe_widget_fluid_desktop iframe {\n\t\t\t    width: 100% !important;\n\t\t\t}\n\t\t  <\/style>\n\t\t  ","protected":false},"excerpt":{"rendered":"<p>(eloriente.net, M\u00e9xico, 27 de mayo de 2015).-Respecto a la resoluci\u00f3n que el Juzgado Primero de Distrito en el Estado de Oaxaca, concedi\u00f3 a trav\u00e9s del \u00a0Amparo Indirecto para la suspensi\u00f3n provisional de la construcci\u00f3n del \u201cCentro Cultural y de Convenciones Oaxaca\u201d, 31\u00a0instituciones de las 33 requeridas han presentado su respuesta por escrito, de los cuales [&hellip;]<\/p>\n","protected":false},"author":57,"featured_media":37294,"comment_status":"open","ping_status":"open","sticky":false,"template":"","format":"standard","meta":{"_jetpack_memberships_contains_paid_content":false,"footnotes":""},"categories":[49,63,464,31],"tags":[3350,2964,751,3470],"class_list":["post-37285","post","type-post","status-publish","format-standard","has-post-thumbnail","hentry","category-destacadas","category-estados","category-oaxaca-estados","category-principal","tag-autoridades","tag-centro-de-convenciones","tag-informe","tag-juicio-de-amparo"],"jetpack_featured_media_url":"http:\/\/www.eloriente.net\/home\/wp-content\/uploads\/2015\/05\/Centro-Cultural-y-de-Convenciones-Oaxaca-FB.png","jetpack_sharing_enabled":true,"_links":{"self":[{"href":"http:\/\/www.eloriente.net\/home\/wp-json\/wp\/v2\/posts\/37285"}],"collection":[{"href":"http:\/\/www.eloriente.net\/home\/wp-json\/wp\/v2\/posts"}],"about":[{"href":"http:\/\/www.eloriente.net\/home\/wp-json\/wp\/v2\/types\/post"}],"author":[{"embeddable":true,"href":"http:\/\/www.eloriente.net\/home\/wp-json\/wp\/v2\/users\/57"}],"replies":[{"embeddable":true,"href":"http:\/\/www.eloriente.net\/home\/wp-json\/wp\/v2\/comments?post=37285"}],"version-history":[{"count":9,"href":"http:\/\/www.eloriente.net\/home\/wp-json\/wp\/v2\/posts\/37285\/revisions"}],"predecessor-version":[{"id":37301,"href":"http:\/\/www.eloriente.net\/home\/wp-json\/wp\/v2\/posts\/37285\/revisions\/37301"}],"wp:featuredmedia":[{"embeddable":true,"href":"http:\/\/www.eloriente.net\/home\/wp-json\/wp\/v2\/media\/37294"}],"wp:attachment":[{"href":"http:\/\/www.eloriente.net\/home\/wp-json\/wp\/v2\/media?parent=37285"}],"wp:term":[{"taxonomy":"category","embeddable":true,"href":"http:\/\/www.eloriente.net\/home\/wp-json\/wp\/v2\/categories?post=37285"},{"taxonomy":"post_tag","embeddable":true,"href":"http:\/\/www.eloriente.net\/home\/wp-json\/wp\/v2\/tags?post=37285"}],"curies":[{"name":"wp","href":"https:\/\/api.w.org\/{rel}","templated":true}]}}