{"id":37302,"date":"2015-05-27T15:10:25","date_gmt":"2015-05-27T21:10:25","guid":{"rendered":"http:\/\/www.eloriente.net\/home\/?p=37302"},"modified":"2015-05-27T17:17:10","modified_gmt":"2015-05-27T23:17:10","slug":"encabeza-tamayo-obras-mexicanas-mas-caras-3-millones-usd-pagan-en-subasta-por-la-familia","status":"publish","type":"post","link":"http:\/\/www.eloriente.net\/home\/2015\/05\/27\/encabeza-tamayo-obras-mexicanas-mas-caras-3-millones-usd-pagan-en-subasta-por-la-familia\/","title":{"rendered":"Encabezan oaxaque\u00f1os el top de obras mexicanas m\u00e1s caras; pagan 3 MDD por &#8216;La Familia&#8217; de Tamayo"},"content":{"rendered":"<p><script src=\"\/\/pagead2.googlesyndication.com\/pagead\/js\/adsbygoogle.js\" async=\"\"><\/script><!-- BANNER ELORIENTE INCRUSTADO NOTAS --> <ins class=\"adsbygoogle\" style=\"display: inline-block; width: 300px; height: 250px;\" data-ad-client=\"ca-pub-1136171134853753\" data-ad-slot=\"7974633627\"><\/ins><script>\/\/ <![CDATA[\n(adsbygoogle = window.adsbygoogle || []).push({});\n\/\/ ]]><\/script><\/p>\n<p>(<a href=\"http:\/\/www.eloriente.net\/home\/\" target=\"_blank\">eloriente.net<\/a>, M\u00e9xico 27 de mayo de 2015. Por: Nadir Quiroz).- Poco m\u00e1s de 3 millones de d\u00f3lares es la cifra que un coleccionista privado de nacionalidad mexicana, pag\u00f3 para hacerse due\u00f1o de <em>La Familia,<\/em> pintura cuya autor\u00eda pertenece al oaxaque\u00f1o Rufino Tamayo. La adquisici\u00f3n ocurri\u00f3 en una subasta de arte latinoamericano realizada por la casa\u00a0Sotheby&#8217;s en Nueva York.<\/p>\n<p><em>La Familia<\/em> de Rufino Tamayo con un costo de 3 millones 10 mil d\u00f3lares se estar\u00eda sumando a la lista de obras\u00a0m\u00e1s caras de artistas mexicanos, misma que encabeza el mismo Tamayo con 2 obras: \u00abTrovador\u00bb, valuada en 7.2 millones de d\u00f3lares y \u00abAm\u00e9rica\u00bb en 6.8.<\/p>\n<p>El lienzo con dimensiones de 124 x 180 cent\u00edmetros (48 3\/4 x 70 7\/8 pulgadas) realizado en 1987, duplic\u00f3 el monto m\u00e1ximo\u00a0estimado por los promotores de la subasta. La obra representa una de las mejores ejecuciones del autor en su \u00faltima etapa creadora, de acuerdo al punto de vista de algunos especialistas.<\/p>\n<p>De acuerdo a una entrevista realizada al escultor mexicano Miguel Peraza en 2014 (Revista <a href=\"http:\/\/www.cnnexpansion.com\/especiales\/2014\/10\/07\/las-obras-de-arte-mexicanas-mejor-cotizadas-en-el-mundo\" target=\"_blank\">QUO<\/a>), las obras mexicanas m\u00e1s costosas\u00a0estaban representadas por trabajos de 5 artistas; 6 obras del mismo Tamayo lo hacen el representante mejor cotizado, sumando entre ellas, un valor de 24 millones 41 mil 500 d\u00f3lares. Los nombres de Frida Kahlo, Alfredo Ramos Mart\u00ednez, Diego Rivera y Jos\u00e9 Mar\u00eda Velasco se suman a Tamayo\u00a0en la lista de autores con las obras mexicanas de mayor precio:\u00a063 millones 78 mil 250 d\u00f3lares es la suma total que alcanzar\u00edan las 20 obras de los artistas mencionados.<\/p>\n<p>Por su parte, el juchiteco Francisco Toledo encabeza la lista de obras\u00a0mexicanas (de artistas vivos) mejor cotizadas con <em>Vaca Roja,\u00a0<\/em>cuyo precio en subasta alcanz\u00f3 los 750\u00a0mil d\u00f3lares en el a\u00f1o 2011 (Christie\u2019s de Nueva York) y\u00a0<em>Gatos con pesadilla <\/em>con un costo de 500 mil d\u00f3lares (Sotheby\u2019s de Nueva York), de acuerdo a informaci\u00f3n publicada por <a href=\"http:\/\/www.forbes.com.mx\/forbes-life\/obras-mexicanas-mas-caras\/\" target=\"_blank\">FORBES<\/a> este mes.<\/p>\n<p>Resulta curioso que artistas oaxaque\u00f1os encabecen\u00a0las listas de autores mejor cotizados, mostrando desde un punto de vista subjetivo en t\u00e9rminos de la valoraci\u00f3n est\u00e9tica y econ\u00f3mica, la calidad de sus\u00a0exponentes, dejando clara brecha entre autores en activo\u00a0y extintos, en cuanto al costo de su\u00a0obra.<\/p>\n<p>&nbsp;<\/p>\n<p><a href=\"http:\/\/www.eloriente.net\/home\/wp-content\/uploads\/2015\/05\/220px-Rufino_Tamayo-e1432760749340.jpg\"><img loading=\"lazy\" decoding=\"async\" class=\"alignnone wp-image-37305 \" src=\"http:\/\/www.eloriente.net\/home\/wp-content\/uploads\/2015\/05\/220px-Rufino_Tamayo-e1432760749340.jpg\" alt=\"\" width=\"262\" height=\"245\" \/><\/a><\/p>\n<p>Imagen: @RufinoTamayo<\/p>\n<p><strong>OTRAS ENTRADAS:<\/strong><\/p>\n<h2 class=\"entry_title\"><a title=\"Enlace Permanente a 22 aniversario luctuoso de Rufino Tamayo\" href=\"http:\/\/www.eloriente.net\/home\/2013\/06\/24\/22-aniversario-luctuoso-de-rufino-tamayo\/\" rel=\"bookmark\">22 aniversario luctuoso de Rufino Tamayo<\/a><\/h2>\n<h2 class=\"entry_title\"><a href=\"http:\/\/www.eloriente.net\/home\/2013\/06\/24\/22-aniversario-luctuoso-de-rufino-tamayo\/\" rel=\"bookmark\"><img decoding=\"async\" class=\"alignleft\" title=\"22 aniversario luctuoso de Rufino Tamayo\" src=\"http:\/\/www.eloriente.net\/home\/wp-content\/themes\/city-desk\/timthumb.php?src=http%3A%2F%2Fwww.eloriente.net%2Fhome%2Fwp-content%2Fuploads%2F2013%2F06%2FRufino-tamayo.jpeg&amp;q=90&amp;w=160&amp;h=106&amp;zc=1\" alt=\"22 aniversario luctuoso de Rufino Tamayo\" \/><\/a><\/h2>\n<p>eloriente.net\/ Conaculta 24 de junio de 2013 El artista de origen oaxaque\u00f1o fue un virtuoso en las t\u00e9cnicas cl\u00e1sicas y un innovador en el campo del arte de la estampa. Este 24 de junio se conmemora el 22 aniversario luctuoso del pintor A Rufino Tamayo (Tlaxiaco, Oaxaca, 25 de agosto de 1899 \u2013 Ciudad de [\u2026]<\/p>\n<p class=\"postmeta\"><span class=\"meta_date\">junio 24, 2013\u00a0<\/span><span class=\"meta_permalink\"><a title=\"Enlace Permanente a 22 aniversario luctuoso de Rufino Tamayo\" href=\"http:\/\/www.eloriente.net\/home\/2013\/06\/24\/22-aniversario-luctuoso-de-rufino-tamayo\/\" rel=\"bookmark\">Leer Mas<\/a><\/span><span class=\"meta_edit\"><a class=\"post-edit-link\" href=\"http:\/\/www.eloriente.net\/home\/wp-admin\/post.php?post=13522&amp;action=edit\">#<\/a><\/span><\/p>\n<h2 class=\"entry_title\"><a title=\"Enlace Permanente a Francisco Toledo, artista pl\u00e1stico vivo contempor\u00e1neo m\u00e1s importante de M\u00e9xico\" href=\"http:\/\/www.eloriente.net\/home\/2013\/07\/18\/francisco-toledo-artista-plastico-vivo-contemporaneo-mas-importante-de-mexico\/\" rel=\"bookmark\">Francisco Toledo, artista pl\u00e1stico vivo contempor\u00e1neo m\u00e1s importante de M\u00e9xico<\/a><\/h2>\n<p class=\"postmeta\"><a href=\"http:\/\/www.eloriente.net\/home\/2013\/07\/18\/francisco-toledo-artista-plastico-vivo-contemporaneo-mas-importante-de-mexico\/\" rel=\"bookmark\"><img decoding=\"async\" class=\"alignleft\" title=\"Francisco Toledo, artista pl\u00e1stico vivo contempor\u00e1neo m\u00e1s importante de M\u00e9xico\" src=\"http:\/\/www.eloriente.net\/home\/wp-content\/themes\/city-desk\/timthumb.php?src=http%3A%2F%2Fwww.eloriente.net%2Fhome%2Fwp-content%2Fuploads%2F2013%2F07%2Ftoledo_3_1.jpg&amp;q=90&amp;w=160&amp;h=106&amp;zc=1\" alt=\"Francisco Toledo, artista pl\u00e1stico vivo contempor\u00e1neo m\u00e1s importante de M\u00e9xico\" \/><\/a><\/p>\n<p>eloriente.net\/ Conaculta 18 de julio de 2013 Un personaje dif\u00edcil, complejo, lo menos complaciente incluso con \u00e9l mismo: Ang\u00e9lica Abelleyra El artista pl\u00e1stico vivo contempor\u00e1neo, considerado el m\u00e1s importante de M\u00e9xico, cumple 73 a\u00f1os este 17 de julio \u201cEl pintor Francisco Toledo est\u00e1 colmado de referencias locales, regionales y de conocimientos del arte internacional. Es [\u2026]<\/p>\n<p class=\"postmeta\"><span class=\"meta_date\">julio 18, 2013\u00a0<\/span><span class=\"meta_permalink\"><a title=\"Enlace Permanente a Francisco Toledo, artista pl\u00e1stico vivo contempor\u00e1neo m\u00e1s importante de M\u00e9xico\" href=\"http:\/\/www.eloriente.net\/home\/2013\/07\/18\/francisco-toledo-artista-plastico-vivo-contemporaneo-mas-importante-de-mexico\/\" rel=\"bookmark\">Leer Mas<\/a><\/span><span class=\"meta_edit\"><a class=\"post-edit-link\" href=\"http:\/\/www.eloriente.net\/home\/wp-admin\/post.php?post=14725&amp;action=edit\">#<\/a><\/span><\/p>\n\n\t\t\t  <div \n\t\t\t  \tclass = \"fb-comments\" \n\t\t\t  \tdata-href = \"http:\/\/www.eloriente.net\/home\/2015\/05\/27\/encabeza-tamayo-obras-mexicanas-mas-caras-3-millones-usd-pagan-en-subasta-por-la-familia\/\"\n\t\t\t  \tdata-numposts = \"10\"\n\t\t\t\tdata-colorscheme = \"dark\"\n\t\t\t\tdata-order-by = \"social\"\n\t\t\t\tdata-mobile=true>\n\t\t\t  <\/div>\n\t\t  <style>\n\t\t\t.fb_iframe_widget_fluid_desktop iframe {\n\t\t\t    width: 100% !important;\n\t\t\t}\n\t\t  <\/style>\n\t\t  ","protected":false},"excerpt":{"rendered":"<p>(eloriente.net, M\u00e9xico 27 de mayo de 2015. Por: Nadir Quiroz).- Poco m\u00e1s de 3 millones de d\u00f3lares es la cifra que un coleccionista privado de nacionalidad mexicana, pag\u00f3 para hacerse due\u00f1o de La Familia, pintura cuya autor\u00eda pertenece al oaxaque\u00f1o Rufino Tamayo. La adquisici\u00f3n ocurri\u00f3 en una subasta de arte latinoamericano realizada por la casa\u00a0Sotheby&#8217;s [&hellip;]<\/p>\n","protected":false},"author":57,"featured_media":37305,"comment_status":"open","ping_status":"open","sticky":false,"template":"","format":"standard","meta":{"_jetpack_memberships_contains_paid_content":false,"footnotes":""},"categories":[49,18,32,10,24],"tags":[3432,3660,242,3659],"class_list":["post-37302","post","type-post","status-publish","format-standard","has-post-thumbnail","hentry","category-destacadas","category-educacion-y-cultura","category-entradas","category-lo-mas-reciente","category-mexico-y-el-mundo","tag-arte-oaxaca","tag-mejor-cotizado","tag-pintura","tag-rufino-tamayo"],"jetpack_featured_media_url":"http:\/\/www.eloriente.net\/home\/wp-content\/uploads\/2015\/05\/220px-Rufino_Tamayo-e1432760749340.jpg","jetpack_sharing_enabled":true,"_links":{"self":[{"href":"http:\/\/www.eloriente.net\/home\/wp-json\/wp\/v2\/posts\/37302"}],"collection":[{"href":"http:\/\/www.eloriente.net\/home\/wp-json\/wp\/v2\/posts"}],"about":[{"href":"http:\/\/www.eloriente.net\/home\/wp-json\/wp\/v2\/types\/post"}],"author":[{"embeddable":true,"href":"http:\/\/www.eloriente.net\/home\/wp-json\/wp\/v2\/users\/57"}],"replies":[{"embeddable":true,"href":"http:\/\/www.eloriente.net\/home\/wp-json\/wp\/v2\/comments?post=37302"}],"version-history":[{"count":8,"href":"http:\/\/www.eloriente.net\/home\/wp-json\/wp\/v2\/posts\/37302\/revisions"}],"predecessor-version":[{"id":37318,"href":"http:\/\/www.eloriente.net\/home\/wp-json\/wp\/v2\/posts\/37302\/revisions\/37318"}],"wp:featuredmedia":[{"embeddable":true,"href":"http:\/\/www.eloriente.net\/home\/wp-json\/wp\/v2\/media\/37305"}],"wp:attachment":[{"href":"http:\/\/www.eloriente.net\/home\/wp-json\/wp\/v2\/media?parent=37302"}],"wp:term":[{"taxonomy":"category","embeddable":true,"href":"http:\/\/www.eloriente.net\/home\/wp-json\/wp\/v2\/categories?post=37302"},{"taxonomy":"post_tag","embeddable":true,"href":"http:\/\/www.eloriente.net\/home\/wp-json\/wp\/v2\/tags?post=37302"}],"curies":[{"name":"wp","href":"https:\/\/api.w.org\/{rel}","templated":true}]}}