{"id":37323,"date":"2015-05-28T12:25:58","date_gmt":"2015-05-28T18:25:58","guid":{"rendered":"http:\/\/www.eloriente.net\/home\/?p=37323"},"modified":"2015-05-28T12:25:58","modified_gmt":"2015-05-28T18:25:58","slug":"imparte-conferencia-magistral-jurista-enrique-diaz-aranda-sobre-los-problemas-conceptuales-del-delito","status":"publish","type":"post","link":"http:\/\/www.eloriente.net\/home\/2015\/05\/28\/imparte-conferencia-magistral-jurista-enrique-diaz-aranda-sobre-los-problemas-conceptuales-del-delito\/","title":{"rendered":"Imparte conferencia magistral Jurista Enrique D\u00edaz-Aranda sobre los problemas conceptuales del delito"},"content":{"rendered":"<p><script src=\"\/\/pagead2.googlesyndication.com\/pagead\/js\/adsbygoogle.js\" async=\"\"><\/script><!-- BANNER ELORIENTE INCRUSTADO NOTAS --> <ins class=\"adsbygoogle\" style=\"display: inline-block; width: 300px; height: 250px;\" data-ad-client=\"ca-pub-1136171134853753\" data-ad-slot=\"7974633627\"><\/ins><script>\/\/ <![CDATA[\n(adsbygoogle = window.adsbygoogle || []).push({});\n\/\/ ]]><\/script><\/p>\n<p>eloriente.net\/TSJEO<\/p>\n<p>28 de mayo de 2015<\/p>\n<p>El reconocido jurista a nivel internacional Enrique D\u00edaz-Aranda imparti\u00f3 la conferencia magistral \u201cCuerpo del delito, hecho delictivo, probable responsabilidad y teor\u00eda del caso en el proceso penal acusatorio\u201d, a magistrados, secretarios de estudio y cuenta y jueces del sistema penal acusatorio en Oaxaca, con la finalidad de clarificar parte de los problemas que en la pr\u00e1ctica enfrentan los juzgadores y fortalecer sus criterios al momento de dictar una sentencia.<\/p>\n<p>El investigador del Instituto de Investigaciones Jur\u00eddicas de la UNAM (IIJ-UNAM) y autor de m\u00faltiples publicaciones sobre Derecho Penal en M\u00e9xico, Espa\u00f1a, Francia y Estados Unidos, comparti\u00f3 una serie de observaciones y antecedentes hist\u00f3ricos que datan de 1857 sobre los problemas conceptuales acerca del delito, los cuales han persistido en los \u00faltimos dos siglos y provocado confusi\u00f3n en la atenci\u00f3n de los casos judiciales.<\/p>\n<p>El concepto del cuerpo del delito genera confusiones desde el punto de vista te\u00f3rico, legislativo y pr\u00e1ctico, dijo, al propiciar un espacio dialogo directo para el intercambio de experiencias y conocimientos acerca de la conducta t\u00edpica, antijur\u00eddica y culpable que puede ocasionar la lesi\u00f3n o peligro a un bien jur\u00eddico tutelado y que debe ser debidamente acreditada en los procedimientos penales.<\/p>\n<p>Durante su intervenci\u00f3n en la conferencia que se desarroll\u00f3 en la sede del Poder Judicial del Estado, en Reyes Mantec\u00f3n, el doctor honoris causa, D\u00edaz-Aranda, sostuvo que es indispensable unificar los criterios de interpretaci\u00f3n de las normas en las resoluciones judiciales para mejorar la calidad de las sentencias.<\/p>\n<p>Ante funcionarios de las Salas Penales, Civiles, Familiar y Constitucional y jueces de diversos juzgados de la entidad, explic\u00f3 que el concepto del \u201ccuerpo del delito\u201d, pas\u00f3 a nombrarse como \u201celementos del tipo penal\u201d, y con la reforma del 2008, desaparecieron ambas figuras para quedar el hecho considerado como delito y la responsabilidad penal.<\/p>\n<p>Asimismo, habl\u00f3 sobre el desarrollo de la Teor\u00eda del Delito en los \u00faltimos 100 a\u00f1os, los criterios normativos en M\u00e9xico y otros pa\u00edses del mundo; la culpabilidad, la conducta t\u00edpica del delito desde los tres elementos que la componen: objetivo, normativo y subjetivo, y el an\u00e1lisis de casos pr\u00e1cticos.<\/p>\n<p>Enrique D\u00edaz Aranda es doctor en Derecho Penal por la Universidad Complutense de Madrid, Espa\u00f1a y doctor en Derecho por la Universidad Nacional Aut\u00f3noma de M\u00e9xico. Cuenta con cinco postdoctorados en Alemania, el primero en el Instituto de Ciencias Penales de la Universidad de Munich, bajo la direcci\u00f3n del penalista y doctor honoris causa m\u00faltiple Claus Roxin y otros cuatro en el Instituto Max Planck para el Derecho Penal Extranjero e Internacional.<\/p>\n<p>Actualmente es investigador titular del Instituto de Investigaciones Jur\u00eddicas de la UNAM, investigador del Sistema Nacional de Investigadores del CONACYT y presidente de la Comisi\u00f3n de Derecho Penal de la Academia Mexicana de Ciencias Penales.<\/p>\n<p><a href=\"http:\/\/www.eloriente.net\/home\/wp-content\/uploads\/2015\/05\/Juzgadores-analizan-aspectos-conceptuales-y-pr\u00e1cticos-del-delito-penal.jpg\"><img loading=\"lazy\" decoding=\"async\" class=\"alignnone  wp-image-37325\" src=\"http:\/\/www.eloriente.net\/home\/wp-content\/uploads\/2015\/05\/Juzgadores-analizan-aspectos-conceptuales-y-pr\u00e1cticos-del-delito-penal-1024x626.jpg\" alt=\"Juzgadores analizan aspectos conceptuales y pr\u00e1cticos del delito penal\" width=\"435\" height=\"266\" srcset=\"http:\/\/www.eloriente.net\/home\/wp-content\/uploads\/2015\/05\/Juzgadores-analizan-aspectos-conceptuales-y-pr\u00e1cticos-del-delito-penal-1024x626.jpg 1024w, http:\/\/www.eloriente.net\/home\/wp-content\/uploads\/2015\/05\/Juzgadores-analizan-aspectos-conceptuales-y-pr\u00e1cticos-del-delito-penal-300x183.jpg 300w, http:\/\/www.eloriente.net\/home\/wp-content\/uploads\/2015\/05\/Juzgadores-analizan-aspectos-conceptuales-y-pr\u00e1cticos-del-delito-penal-900x550.jpg 900w\" sizes=\"(max-width: 435px) 100vw, 435px\" \/><\/a><\/p>\n<p>OTRAS ENTRADAS:<\/p>\n<div id=\"post-37266\" class=\"post-37266 post type-post status-publish format-standard has-post-thumbnail hentry category-comunicados-y-boletines category-congreso-y-justicia category-entradas category-estados category-oaxaca-estados tag-justicia-alternativa tag-mediadores-y-conciliadores tag-sistema-de-justicia-penal tag-tsjeo entry loop-default border_bottom_30\">\n<h2 class=\"entry_title\"><a title=\"Enlace Permanente a Oaxaca: Entidad pionera en integrar Comit\u00e9 de Certificaci\u00f3n de Facilitadores en Materia Penal\" href=\"http:\/\/www.eloriente.net\/home\/2015\/05\/26\/oaxaca-entidad-pionera-en-integrar-comite-de-certificacion-de-facilitadores-en-materia-penal\/\" rel=\"bookmark\">Oaxaca: Entidad pionera en integrar Comit\u00e9 de Certificaci\u00f3n de Facilitadores en Materia Penal<\/a><\/h2>\n<p><a href=\"http:\/\/www.eloriente.net\/home\/2015\/05\/26\/oaxaca-entidad-pionera-en-integrar-comite-de-certificacion-de-facilitadores-en-materia-penal\/\" rel=\"bookmark\"><img decoding=\"async\" class=\"alignleft\" title=\"Oaxaca: Entidad pionera en integrar Comit\u00e9 de Certificaci\u00f3n de Facilitadores en Materia Penal\" src=\"http:\/\/www.eloriente.net\/home\/wp-content\/themes\/city-desk\/timthumb.php?src=http%3A%2F%2Fwww.eloriente.net%2Fhome%2Fwp-content%2Fuploads%2F2015%2F05%2F38-funcionarios-iniciaron-el-curso-de-capacitaci%C3%B3n-b%C3%A1sica-en-camino-a-la-certificaci%C3%B3n.jpg&amp;q=90&amp;w=160&amp;h=106&amp;zc=1\" alt=\"Oaxaca: Entidad pionera en integrar Comit\u00e9 de Certificaci\u00f3n de Facilitadores en Materia Penal\" \/><\/a>eloriente.net\/TSJEO 26 de mayo de 2015 Con este paso, el estado es el primero en integrar un Comit\u00e9 de Certificaci\u00f3n para operadores de los mecanismos alternativos de soluci\u00f3n de controversias en materia penal Oaxaca se convirti\u00f3 en la entidad pionera en integrar el Comit\u00e9 de Certificaci\u00f3n de Facilitadores en Materia Penal, \u00f3rgano responsable de la [\u2026]<\/p>\n<p class=\"postmeta\"><span class=\"meta_date\">mayo 26, 2015\u00a0<\/span><span class=\"meta_permalink\"><a title=\"Enlace Permanente a Oaxaca: Entidad pionera en integrar Comit\u00e9 de Certificaci\u00f3n de Facilitadores en Materia Penal\" href=\"http:\/\/www.eloriente.net\/home\/2015\/05\/26\/oaxaca-entidad-pionera-en-integrar-comite-de-certificacion-de-facilitadores-en-materia-penal\/\" rel=\"bookmark\">Leer Mas<\/a><\/span><span class=\"meta_edit\"><a class=\"post-edit-link\" href=\"http:\/\/www.eloriente.net\/home\/wp-admin\/post.php?post=37266&amp;action=edit\">#<\/a><\/span><\/p>\n<\/div>\n<div id=\"post-37162\" class=\"post-37162 post type-post status-publish format-standard has-post-thumbnail hentry category-comunicados-y-boletines category-congreso-y-justicia category-estados category-lo-mas-reciente category-oaxaca-estados category-politica-y-gobierno tag-capacitacion tag-sistema-de-justicia-penal tag-tsjeo entry loop-default border_bottom_30\">\n<h2 class=\"entry_title\"><\/h2>\n<h2 class=\"entry_title\"><a title=\"Enlace Permanente a Avanza implementaci\u00f3n del Sistema Acusatorio en Oaxaca; Plan Maestro de Capacitaci\u00f3n 2015\" href=\"http:\/\/www.eloriente.net\/home\/2015\/05\/20\/avanza-implementacion-del-sistema-acusatorio-en-oaxaca-plan-maestro-de-capacitacion-2015\/\" rel=\"bookmark\">Avanza implementaci\u00f3n del Sistema Acusatorio en Oaxaca; Plan Maestro de Capacitaci\u00f3n 2015<\/a><\/h2>\n<p><a href=\"http:\/\/www.eloriente.net\/home\/2015\/05\/20\/avanza-implementacion-del-sistema-acusatorio-en-oaxaca-plan-maestro-de-capacitacion-2015\/\" rel=\"bookmark\"><img decoding=\"async\" class=\"alignleft\" title=\"Avanza implementaci\u00f3n del Sistema Acusatorio en Oaxaca; Plan Maestro de Capacitaci\u00f3n 2015\" src=\"http:\/\/www.eloriente.net\/home\/wp-content\/themes\/city-desk\/timthumb.php?src=http%3A%2F%2Fwww.eloriente.net%2Fhome%2Fwp-content%2Fuploads%2F2014%2F08%2FJusticia-Chris-Potter.jpg&amp;q=90&amp;w=160&amp;h=106&amp;zc=1\" alt=\"Avanza implementaci\u00f3n del Sistema Acusatorio en Oaxaca; Plan Maestro de Capacitaci\u00f3n 2015\" \/><\/a>eloriente.net\/\u00a0TSJEO 15 de mayo de 2015 En 2016 debe operar en todo el pa\u00eds este modelo que reemplaza al sistema inquisitorio por el sistema acusatorio y oral Como parte de las funciones de la Secretar\u00eda Ejecutiva del Consejo de Coordinaci\u00f3n para la Implementaci\u00f3n del Sistema Acusatorio en Oaxaca, la construcci\u00f3n y ejecuci\u00f3n de un programa [\u2026]<\/p>\n<p class=\"postmeta\"><span class=\"meta_date\">mayo 20, 2015\u00a0<\/span><span class=\"meta_permalink\"><a title=\"Enlace Permanente a Avanza implementaci\u00f3n del Sistema Acusatorio en Oaxaca; Plan Maestro de Capacitaci\u00f3n 2015\" href=\"http:\/\/www.eloriente.net\/home\/2015\/05\/20\/avanza-implementacion-del-sistema-acusatorio-en-oaxaca-plan-maestro-de-capacitacion-2015\/\" rel=\"bookmark\">Leer Mas<\/a><\/span><span class=\"meta_edit\"><a class=\"post-edit-link\" href=\"http:\/\/www.eloriente.net\/home\/wp-admin\/post.php?post=37162&amp;action=edit\">#<\/a><\/span><\/p>\n<\/div>\n\n\t\t\t  <div \n\t\t\t  \tclass = \"fb-comments\" \n\t\t\t  \tdata-href = \"http:\/\/www.eloriente.net\/home\/2015\/05\/28\/imparte-conferencia-magistral-jurista-enrique-diaz-aranda-sobre-los-problemas-conceptuales-del-delito\/\"\n\t\t\t  \tdata-numposts = \"10\"\n\t\t\t\tdata-colorscheme = \"dark\"\n\t\t\t\tdata-order-by = \"social\"\n\t\t\t\tdata-mobile=true>\n\t\t\t  <\/div>\n\t\t  <style>\n\t\t\t.fb_iframe_widget_fluid_desktop iframe {\n\t\t\t    width: 100% !important;\n\t\t\t}\n\t\t  <\/style>\n\t\t  ","protected":false},"excerpt":{"rendered":"<p>eloriente.net\/TSJEO 28 de mayo de 2015 El reconocido jurista a nivel internacional Enrique D\u00edaz-Aranda imparti\u00f3 la conferencia magistral \u201cCuerpo del delito, hecho delictivo, probable responsabilidad y teor\u00eda del caso en el proceso penal acusatorio\u201d, a magistrados, secretarios de estudio y cuenta y jueces del sistema penal acusatorio en Oaxaca, con la finalidad de clarificar parte [&hellip;]<\/p>\n","protected":false},"author":57,"featured_media":37325,"comment_status":"open","ping_status":"open","sticky":false,"template":"","format":"standard","meta":{"_jetpack_memberships_contains_paid_content":false,"footnotes":""},"categories":[1588,91,63,464],"tags":[515,3663,2712,3173],"class_list":["post-37323","post","type-post","status-publish","format-standard","has-post-thumbnail","hentry","category-comunicados-y-boletines","category-congreso-y-justicia","category-estados","category-oaxaca-estados","tag-conferencia","tag-problemas-conceptuales-del-delito","tag-sistema-de-justicia-penal","tag-tsjeo"],"jetpack_featured_media_url":"http:\/\/www.eloriente.net\/home\/wp-content\/uploads\/2015\/05\/Juzgadores-analizan-aspectos-conceptuales-y-pr\u00e1cticos-del-delito-penal.jpg","jetpack_sharing_enabled":true,"_links":{"self":[{"href":"http:\/\/www.eloriente.net\/home\/wp-json\/wp\/v2\/posts\/37323"}],"collection":[{"href":"http:\/\/www.eloriente.net\/home\/wp-json\/wp\/v2\/posts"}],"about":[{"href":"http:\/\/www.eloriente.net\/home\/wp-json\/wp\/v2\/types\/post"}],"author":[{"embeddable":true,"href":"http:\/\/www.eloriente.net\/home\/wp-json\/wp\/v2\/users\/57"}],"replies":[{"embeddable":true,"href":"http:\/\/www.eloriente.net\/home\/wp-json\/wp\/v2\/comments?post=37323"}],"version-history":[{"count":3,"href":"http:\/\/www.eloriente.net\/home\/wp-json\/wp\/v2\/posts\/37323\/revisions"}],"predecessor-version":[{"id":37327,"href":"http:\/\/www.eloriente.net\/home\/wp-json\/wp\/v2\/posts\/37323\/revisions\/37327"}],"wp:featuredmedia":[{"embeddable":true,"href":"http:\/\/www.eloriente.net\/home\/wp-json\/wp\/v2\/media\/37325"}],"wp:attachment":[{"href":"http:\/\/www.eloriente.net\/home\/wp-json\/wp\/v2\/media?parent=37323"}],"wp:term":[{"taxonomy":"category","embeddable":true,"href":"http:\/\/www.eloriente.net\/home\/wp-json\/wp\/v2\/categories?post=37323"},{"taxonomy":"post_tag","embeddable":true,"href":"http:\/\/www.eloriente.net\/home\/wp-json\/wp\/v2\/tags?post=37323"}],"curies":[{"name":"wp","href":"https:\/\/api.w.org\/{rel}","templated":true}]}}