{"id":37340,"date":"2015-05-29T10:59:06","date_gmt":"2015-05-29T16:59:06","guid":{"rendered":"http:\/\/www.eloriente.net\/home\/?p=37340"},"modified":"2015-05-29T11:01:16","modified_gmt":"2015-05-29T17:01:16","slug":"la-discriminacion-mata-dia-internacional-contra-la-homofobia-por-ana-luisa-nerio","status":"publish","type":"post","link":"http:\/\/www.eloriente.net\/home\/2015\/05\/29\/la-discriminacion-mata-dia-internacional-contra-la-homofobia-por-ana-luisa-nerio\/","title":{"rendered":"La discriminaci\u00f3n mata: D\u00eda Internacional contra la Homofobia, por Ana Luisa Nerio"},"content":{"rendered":"<p><script src=\"\/\/pagead2.googlesyndication.com\/pagead\/js\/adsbygoogle.js\" async=\"\"><\/script><!-- BANNER ELORIENTE INCRUSTADO NOTAS --> <ins class=\"adsbygoogle\" style=\"display: inline-block; width: 300px; height: 250px;\" data-ad-client=\"ca-pub-1136171134853753\" data-ad-slot=\"7974633627\"><\/ins><script>\/\/ <![CDATA[\n(adsbygoogle = window.adsbygoogle || []).push({});\n\/\/ ]]><\/script><\/p>\n<p>eloriente.net\/<a href=\"http:\/\/enfoquedh.blogspot.mx\/\" target=\"_blank\">Enfoque DH<\/a><\/p>\n<p>29\u00a0de mayo de 2015<\/p>\n<p style=\"text-align: right;\">Por: Ana Luisa Nerio Monroy @analuisanerio<\/p>\n<p>18\u00a0de mayo de 2015<\/p>\n<p>El 17 de mayo de 1990 (hace 25 a\u00f1os), la Organizaci\u00f3n Mundial de la Salud (OMS) elimin\u00f3 la homosexualidad del cat\u00e1logo de enfermedades mentales. Por esa raz\u00f3n en esta fecha se conmemora el D\u00eda Internacional contra la Homofobia y Transfobia. Se denomina \u201ccontra la homofobia\u201d aunque incluye toda clase de discriminaci\u00f3n contra la poblaci\u00f3n L\u00e9sbico, Gay, Bisexual, Transexual, Transg\u00e9nero, Travesti e Intersex (LGBTTTI). En M\u00e9xico, apenas el a\u00f1o pasado, mediante decreto presidencial, se estableci\u00f3 el 17 de mayo como el D\u00eda Nacional de la Lucha contra la Homofobia, reconociendo as\u00ed que el problema existe y que deben realizarse acciones de pol\u00edtica p\u00fablica para prevenir, eliminar y sancionar las conductas homof\u00f3bicas.<\/p>\n<p>M\u00e9xico es Estado parte de diversos tratados internacionales que proh\u00edben la discriminaci\u00f3n por orientaci\u00f3n, preferencia o identidad de g\u00e9nero. Asimismo, nuestra constituci\u00f3n reconoce el derecho a la igualdad y la no discriminaci\u00f3n por preferencia sexual. La Ley Federal para Prevenir y Eliminar la Discriminaci\u00f3n, establece en su art\u00edculo 1ro que la homofobia tambi\u00e9n es discriminaci\u00f3n.<\/p>\n<p>La homofobia es el temor, rechazo o aversi\u00f3n hacia las personas debido a su orientaci\u00f3n, preferencia sexual, identidad y expresi\u00f3n de g\u00e9nero. Esto se basa en estereotipos, prejuicios y estigmas que se han desarrollado a trav\u00e9s de los a\u00f1os y que\u00a0forman parte de la cultura de un pueblo.<\/p>\n<p>La Encuesta Nacional sobre Discriminaci\u00f3n en M\u00e9xico (Enadis) 2010, elaborada por el Consejo Nacional para Prevenir la Discriminaci\u00f3n (Conapred), revela que 7 de cada 10 personas homosexuales consideran que no se respetan sus derechos y que el principal problema que enfrenta la poblaci\u00f3n LGBTTTI es la discriminaci\u00f3n, seguido de la falta de aceptaci\u00f3n, las cr\u00edticas y burlas. Por su parte la Encuesta sobre Discriminaci\u00f3n en la Ciudad de M\u00e9xico (EDIS \u2013 CDMX) coloca a la poblaci\u00f3n LGBTTTI como la segunda m\u00e1s discriminada (la primera es la ind\u00edgena); y a la preferencia sexual como la tercera causa de discriminaci\u00f3n m\u00e1s com\u00fan.<\/p>\n<p>La homofobia se expresa en actitudes y conductas discriminatorias que atentan contra la dignidad y derechos de las personas. La homofobia encuentra su expresi\u00f3n m\u00e1s grave\u00a0 y violenta en los cr\u00edmenes de odio.<\/p>\n<p>La Comisi\u00f3n Ciudadana contra los Cr\u00edmenes de Odio por Homofobia (CCCOH), de la organizaci\u00f3n civil Letra S, Sida, Cultura y Vida Cotidiana, A.C., ha registrado 887 homicidios por homofobia en M\u00e9xico entre los a\u00f1os 1995 y 2013 (cifras hasta 2014). De ese total 700 fueron hombres, 181 fueron personas travestis, transexuales o transg\u00e9nero y seis mujeres. En el caso de las mujeres sospechan de un subregistro ya que algunos casos pasan como feminicidio cuando el asunto central de la orientaci\u00f3n sexual debiera ser motivo para catalogarlo tambi\u00e9n como crimen de odio. El mayor n\u00famero de personas asesinadas son j\u00f3venes\u00a0 entre los 18 y 39 a\u00f1os, con 379 casos, y le sigue el grupo de edad de 40 a 49 a\u00f1os (con 129 casos). Las cinco entidades con el mayor n\u00famero de asesinatos por odio homof\u00f3bico son: Distrito Federal con 168,\u00a0Estado de M\u00e9xico (98), Nuevo Le\u00f3n (67), Michoac\u00e1n (58) y Jalisco (56).<a href=\"https:\/\/www.blogger.com\/blogger.g?blogID=1809839927123018531#_ftn1\" name=\"_ftnref1\">[1]<\/a><\/p>\n<p>Los cr\u00edmenes de odio son aquellos que \u201cson motivados por el odio que el perpetrador siente hacia una o m\u00e1s caracter\u00edsticas de una v\u00edctima, que la identifican como perteneciente a un grupo social espec\u00edfico&#8230; Entre los grupos a los que podr\u00edan pertenecer las v\u00edctimas se incluyen las minor\u00edas \u00e9tnicas o nacionales, las mujeres y las minor\u00edas sexuales, entre otros. Adem\u00e1s del da\u00f1o que causan a las v\u00edctimas, estos cr\u00edmenes comunican un mensaje amenazante al resto de los integrantes de esos grupos, comunidades o minor\u00edas.\u201d<a href=\"https:\/\/www.blogger.com\/blogger.g?blogID=1809839927123018531#_ftn2\" name=\"_ftnref2\">[2]<\/a><\/p>\n<p>Los cr\u00edmenes de odio se caracterizan por la gran violencia con la que se efect\u00faan. No es s\u00f3lo el asesinar a una persona sino la forma en que se realiza el crimen. Generalmente son cr\u00edmenes cometidos con sa\u00f1a y violencia. Se tortura a la persona, se marca el cuerpo, se le denigra y expone como \u201clecci\u00f3n para otros\u201d.<\/p>\n<p>La Comisi\u00f3n Ciudadana contra los Cr\u00edmenes de Odio por Homofobia (CCCOH), en el informe arriba citado, se\u00f1ala que m\u00e1s del 80 por ciento de los registros muestran que las v\u00edctimas recibieron varios tipos de agresi\u00f3n antes de ser asesinadas, por ejemplo lesiones realizadas con arma blanca (que son las m\u00e1s frecuentes), golpes, asfixia o ahogamiento, lesi\u00f3n con arma de fuego y ataque con objetos contundentes. Los lugares donde se encontr\u00f3 el cuerpo de las v\u00edctimas con mayor frecuencia fueron el domicilio y la v\u00eda p\u00fablica.<\/p>\n<p>De acuerdo a especialistas los cr\u00edmenes de odio se inscriben en el contexto cultural de rechazo y discriminaci\u00f3n hacia la poblaci\u00f3n LGBTTTI; las instituciones de justicia y de seguridad p\u00fablica que los permiten y fomentan al negar el acceso a la justicia a las v\u00edctimas, dejando en la impunidad estos cr\u00edmenes; la falta o debilidad de las redes sociales y comunitarias d\u00e9biles que no ofrecen protecci\u00f3n y cuidado a esta poblaci\u00f3n; los contextos sociales que en s\u00ed mismos generan ambientes de vulnerabilidad psicosocial (comunidades con culturas altamente machistas o en donde la religi\u00f3n\u00a0castiga la homosexualidad), y las actividades laborales que a\u00f1aden alg\u00fan tipo de riesgo (la prostituci\u00f3n por ejemplo).<a href=\"https:\/\/www.blogger.com\/blogger.g?blogID=1809839927123018531#_ftn3\" name=\"_ftnref3\">[3]<\/a><\/p>\n<p>Respecto al punto del acceso a la justicia vale la pena mencionar que con frecuencia los cr\u00edmenes de odio por homofobia no son investigados como tales. Esto debido a que se les encuadra como \u201ccrimen pasional\u201d, es decir un conflicto de pareja que deriva en un asesinato. Con ese argumento se desv\u00eda la investigaci\u00f3n e impide que se realice el an\u00e1lisis del caso conforme a las caracter\u00edsticas de los cr\u00edmenes de odio, por lo que las cifras reales sobre estos asesinatos suele ser un aproximado.<\/p>\n<p>Debemos, cada quien desde lo que le corresponde,\u00a0 educar y generar un cambio cultural para la no discriminaci\u00f3n y respeto de las distintas identidades sexo-gen\u00e9ricas. Adem\u00e1s es indispensable garantizar el acceso a la\u00a0 justicia, el derecho a la seguridad personal y la correcta investigaci\u00f3n de los cr\u00edmenes de odio por homofobia. Es necesario capacitar y sensibilizar a las autoridades encargadas de la las tareas de seguridad, investigaci\u00f3n y aplicaci\u00f3n de la justicia (polic\u00edas, Ministerios P\u00fablicos y Jueces), y, generar pol\u00edticas p\u00fablicas que garanticen, respeten y protejan los derechos de la poblaci\u00f3n LGBTTTI.<\/p>\n<p>@aluisanerio<\/p>\n<p><a href=\"https:\/\/www.blogger.com\/blogger.g?blogID=1809839927123018531#_ftnref1\" name=\"_ftn1\">[1]<\/a> Letra S, La Jornada, En busca de la libertad, http:\/\/www.jornada.unam.mx\/2014\/06\/05\/ls-cara.html<\/p>\n<p><a href=\"https:\/\/www.blogger.com\/blogger.g?blogID=1809839927123018531#_ftnref2\" name=\"_ftn2\">[2]<\/a> Rodrigo Parrini Roses y Alejandro Brito Lemus, Cr\u00edmenes de odio por homofobia, un concepto en construcci\u00f3n, Indesol-CDHDF-Letra S, p. 1. Disponible en http:\/\/www.clam.org.br\/uploads\/arquivo\/Informe%20Crimenes%20de%20odio%20M%C3%A9xico.pdf<\/p>\n<p><a href=\"https:\/\/www.blogger.com\/blogger.g?blogID=1809839927123018531#_ftnref3\" name=\"_ftn3\">[3]<\/a> Rodrigo Parrini Roses y Alejandro Brito Lemus, op.cit. p. 16.<\/p>\n<p><a href=\"http:\/\/www.eloriente.net\/home\/wp-content\/uploads\/2015\/05\/Esparata-Palma.-Alas.jpg\"><img loading=\"lazy\" decoding=\"async\" class=\"alignnone  wp-image-37341\" src=\"http:\/\/www.eloriente.net\/home\/wp-content\/uploads\/2015\/05\/Esparata-Palma.-Alas.jpg\" alt=\"Esparata Palma. Alas\" width=\"415\" height=\"276\" srcset=\"http:\/\/www.eloriente.net\/home\/wp-content\/uploads\/2015\/05\/Esparata-Palma.-Alas.jpg 1024w, http:\/\/www.eloriente.net\/home\/wp-content\/uploads\/2015\/05\/Esparata-Palma.-Alas-300x200.jpg 300w, http:\/\/www.eloriente.net\/home\/wp-content\/uploads\/2015\/05\/Esparata-Palma.-Alas-900x600.jpg 900w\" sizes=\"(max-width: 415px) 100vw, 415px\" \/><\/a><\/p>\n<p>Imagen: Bajo licencia CC\u00a0<a href=\"https:\/\/www.flickr.com\/photos\/esparta\/\" target=\"_blank\">Esparta Palma<\/a>. Alas<\/p>\n<p>OTRAS ENTRADAS:<\/p>\n<div id=\"post-36863\" class=\"post-36863 post type-post status-publish format-standard has-post-thumbnail hentry category-ana-luisa-nerio category-articulistas category-derechos-humanos category-entradas category-lo-mas-reciente category-mexico-y-el-mundo category-principal tag-derechos-humanos-2 tag-dia-de-las-madres tag-mujeres entry loop-default border_bottom_30\">\n<h2 class=\"entry_title\"><a title=\"Enlace Permanente a D\u00eda de las Madres: \u00bfMaternidad libre, gozosa y con derechos?, por Ana Luisa Nerio\" href=\"http:\/\/www.eloriente.net\/home\/2015\/05\/10\/dia-de-las-madres-maternidad-libre-gozosa-y-con-derechos-por-ana-luisa-nerio\/\" rel=\"bookmark\">D\u00eda de las Madres: \u00bfMaternidad libre, gozosa y con derechos?, por Ana Luisa Nerio<\/a><\/h2>\n<p><a href=\"http:\/\/www.eloriente.net\/home\/2015\/05\/10\/dia-de-las-madres-maternidad-libre-gozosa-y-con-derechos-por-ana-luisa-nerio\/\" rel=\"bookmark\"><img decoding=\"async\" class=\"alignleft\" title=\"D\u00eda de las Madres: \u00bfMaternidad libre, gozosa y con derechos?, por Ana Luisa Nerio\" src=\"http:\/\/www.eloriente.net\/home\/wp-content\/themes\/city-desk\/timthumb.php?src=http%3A%2F%2Fwww.eloriente.net%2Fhome%2Fwp-content%2Fuploads%2F2015%2F05%2FHORIZONTE-CC-EURRITIMIA.jpg&amp;q=90&amp;w=160&amp;h=106&amp;zc=1\" alt=\"D\u00eda de las Madres: \u00bfMaternidad libre, gozosa y con derechos?, por Ana Luisa Nerio\" \/><\/a>\u00a0 \u00a0 eloriente.net\/Enfoque DH 10 de mayo de 2015 Por: Ana Luisa Nerio Monroy @analuisanerio 9 de mayo de 2015 En el 2013 Luc\u00eda de 26 a\u00f1os acudi\u00f3 a un hospital p\u00fablico de la Ciudad de M\u00e9xico con dolores de parto. Ante su llanto y quejas por el dolor, su m\u00e9dico (una mujer) la rega\u00f1\u00f3 [\u2026]<\/p>\n<p class=\"postmeta\"><span class=\"meta_date\">mayo 10, 2015<\/span><span class=\"meta_comment\">Comentarios desactivados<\/span><span class=\"meta_permalink\"><a title=\"Enlace Permanente a D\u00eda de las Madres: \u00bfMaternidad libre, gozosa y con derechos?, por Ana Luisa Nerio\" href=\"http:\/\/www.eloriente.net\/home\/2015\/05\/10\/dia-de-las-madres-maternidad-libre-gozosa-y-con-derechos-por-ana-luisa-nerio\/\" rel=\"bookmark\">Leer Mas<\/a><\/span><span class=\"meta_edit\"><a class=\"post-edit-link\" href=\"http:\/\/www.eloriente.net\/home\/wp-admin\/post.php?post=36863&amp;action=edit\">#<\/a><\/span><\/p>\n<\/div>\n<div id=\"post-35931\" class=\"post-35931 post type-post status-publish format-standard has-post-thumbnail hentry category-ana-luisa-nerio category-articulistas category-derechos-humanos category-entradas category-lo-mas-reciente category-mexico-y-el-mundo tag-derechos-humanos-2 tag-medios-de-comunicacion entry loop-default border_bottom_30\">\n<h2 class=\"entry_title\"><\/h2>\n<h2 class=\"entry_title\"><a title=\"Enlace Permanente a Censura y autocensura: derecho a la libertad de expresi\u00f3n en M\u00e9xico, por Ana Luisa Nerio\" href=\"http:\/\/www.eloriente.net\/home\/2015\/03\/30\/censura-y-autocensura-derecho-a-la-libertad-de-expresion-en-mexico-por-ana-luisa-nerio\/\" rel=\"bookmark\">Censura y autocensura: derecho a la libertad de expresi\u00f3n en M\u00e9xico, por Ana Luisa Nerio<\/a><\/h2>\n<p><a href=\"http:\/\/www.eloriente.net\/home\/2015\/03\/30\/censura-y-autocensura-derecho-a-la-libertad-de-expresion-en-mexico-por-ana-luisa-nerio\/\" rel=\"bookmark\"><img decoding=\"async\" class=\"alignleft\" title=\"Censura y autocensura: derecho a la libertad de expresi\u00f3n en M\u00e9xico, por Ana Luisa Nerio\" src=\"http:\/\/www.eloriente.net\/home\/wp-content\/themes\/city-desk\/timthumb.php?src=http%3A%2F%2Fwww.eloriente.net%2Fhome%2Fwp-content%2Fuploads%2F2015%2F02%2FTELEVISION-CC-ANDREW-HARRER.jpg&amp;q=90&amp;w=160&amp;h=106&amp;zc=1\" alt=\"Censura y autocensura: derecho a la libertad de expresi\u00f3n en M\u00e9xico, por Ana Luisa Nerio\" \/><\/a>\u00a0 \u00a0 \u00a0 www.eloriente.net\/Enfoque DH 30 de marzo de 2015 Por: Ana Luisa Nerio Monroy* Los derechos a la libertad de expresi\u00f3n y a recibir informaci\u00f3n est\u00e1n reconocidos en diversos instrumentos internacionales de derechos humanos: Declaraci\u00f3n Universal de Derechos Humanos (Art. 19), el Pacto Internacional de Derechos Civiles y Pol\u00edticos (Art. 19), Convenci\u00f3n Americana de [\u2026]<\/p>\n<p class=\"postmeta\"><span class=\"meta_date\">marzo 30, 2015<\/span><span class=\"meta_comment\">Comentarios desactivados<\/span><span class=\"meta_permalink\"><a title=\"Enlace Permanente a Censura y autocensura: derecho a la libertad de expresi\u00f3n en M\u00e9xico, por Ana Luisa Nerio\" href=\"http:\/\/www.eloriente.net\/home\/2015\/03\/30\/censura-y-autocensura-derecho-a-la-libertad-de-expresion-en-mexico-por-ana-luisa-nerio\/\" rel=\"bookmark\">Leer Mas<\/a><\/span><span class=\"meta_edit\"><a class=\"post-edit-link\" href=\"http:\/\/www.eloriente.net\/home\/wp-admin\/post.php?post=35931&amp;action=edit\">#<\/a><\/span><\/p>\n<\/div>\n\n\t\t\t  <div \n\t\t\t  \tclass = \"fb-comments\" \n\t\t\t  \tdata-href = \"http:\/\/www.eloriente.net\/home\/2015\/05\/29\/la-discriminacion-mata-dia-internacional-contra-la-homofobia-por-ana-luisa-nerio\/\"\n\t\t\t  \tdata-numposts = \"10\"\n\t\t\t\tdata-colorscheme = \"dark\"\n\t\t\t\tdata-order-by = \"social\"\n\t\t\t\tdata-mobile=true>\n\t\t\t  <\/div>\n\t\t  <style>\n\t\t\t.fb_iframe_widget_fluid_desktop iframe {\n\t\t\t    width: 100% !important;\n\t\t\t}\n\t\t  <\/style>\n\t\t  ","protected":false},"excerpt":{"rendered":"<p>eloriente.net\/Enfoque DH 29\u00a0de mayo de 2015 Por: Ana Luisa Nerio Monroy @analuisanerio 18\u00a0de mayo de 2015 El 17 de mayo de 1990 (hace 25 a\u00f1os), la Organizaci\u00f3n Mundial de la Salud (OMS) elimin\u00f3 la homosexualidad del cat\u00e1logo de enfermedades mentales. Por esa raz\u00f3n en esta fecha se conmemora el D\u00eda Internacional contra la Homofobia y [&hellip;]<\/p>\n","protected":false},"author":1,"featured_media":37341,"comment_status":"open","ping_status":"open","sticky":false,"template":"","format":"standard","meta":{"_jetpack_memberships_contains_paid_content":false,"footnotes":""},"categories":[3285,624,91,22,10,24],"tags":[217,3667,3580],"class_list":["post-37340","post","type-post","status-publish","format-standard","has-post-thumbnail","hentry","category-ana-luisa-nerio","category-articulistas","category-congreso-y-justicia","category-derechos-humanos","category-lo-mas-reciente","category-mexico-y-el-mundo","tag-derechos-humanos-2","tag-diversidad-sexual","tag-no-discriminacion"],"jetpack_featured_media_url":"http:\/\/www.eloriente.net\/home\/wp-content\/uploads\/2015\/05\/Esparata-Palma.-Alas.jpg","jetpack_sharing_enabled":true,"_links":{"self":[{"href":"http:\/\/www.eloriente.net\/home\/wp-json\/wp\/v2\/posts\/37340"}],"collection":[{"href":"http:\/\/www.eloriente.net\/home\/wp-json\/wp\/v2\/posts"}],"about":[{"href":"http:\/\/www.eloriente.net\/home\/wp-json\/wp\/v2\/types\/post"}],"author":[{"embeddable":true,"href":"http:\/\/www.eloriente.net\/home\/wp-json\/wp\/v2\/users\/1"}],"replies":[{"embeddable":true,"href":"http:\/\/www.eloriente.net\/home\/wp-json\/wp\/v2\/comments?post=37340"}],"version-history":[{"count":2,"href":"http:\/\/www.eloriente.net\/home\/wp-json\/wp\/v2\/posts\/37340\/revisions"}],"predecessor-version":[{"id":37343,"href":"http:\/\/www.eloriente.net\/home\/wp-json\/wp\/v2\/posts\/37340\/revisions\/37343"}],"wp:featuredmedia":[{"embeddable":true,"href":"http:\/\/www.eloriente.net\/home\/wp-json\/wp\/v2\/media\/37341"}],"wp:attachment":[{"href":"http:\/\/www.eloriente.net\/home\/wp-json\/wp\/v2\/media?parent=37340"}],"wp:term":[{"taxonomy":"category","embeddable":true,"href":"http:\/\/www.eloriente.net\/home\/wp-json\/wp\/v2\/categories?post=37340"},{"taxonomy":"post_tag","embeddable":true,"href":"http:\/\/www.eloriente.net\/home\/wp-json\/wp\/v2\/tags?post=37340"}],"curies":[{"name":"wp","href":"https:\/\/api.w.org\/{rel}","templated":true}]}}