{"id":37356,"date":"2015-05-30T07:15:17","date_gmt":"2015-05-30T13:15:17","guid":{"rendered":"http:\/\/www.eloriente.net\/home\/?p=37356"},"modified":"2015-05-30T07:15:17","modified_gmt":"2015-05-30T13:15:17","slug":"suspende-sep-evaluacion-a-docentes-mexicanos-primero-llama-a-salvar-reforma-educativa","status":"publish","type":"post","link":"http:\/\/www.eloriente.net\/home\/2015\/05\/30\/suspende-sep-evaluacion-a-docentes-mexicanos-primero-llama-a-salvar-reforma-educativa\/","title":{"rendered":"Suspende SEP evaluaci\u00f3n a Docentes; Mexicanos Primero llama a &#8216;salvar Reforma Educativa&#8217;"},"content":{"rendered":"<p><script src=\"\/\/pagead2.googlesyndication.com\/pagead\/js\/adsbygoogle.js\" async=\"\"><\/script><!-- BANNER ELORIENTE INCRUSTADO NOTAS --> <ins class=\"adsbygoogle\" style=\"display: inline-block; width: 300px; height: 250px;\" data-ad-client=\"ca-pub-1136171134853753\" data-ad-slot=\"7974633627\"><\/ins><script>\/\/ <![CDATA[\n(adsbygoogle = window.adsbygoogle || []).push({});\n\/\/ ]]><\/script><br \/>\n&nbsp;<\/p>\n<p>&nbsp;<\/p>\n<p>&nbsp;<\/p>\n<p>(www.eloriente.net, M\u00e9xico, 30 de mayo de 2015).- En un escueto comunicado, ayer la Secretar\u00eda de Educaci\u00f3n P\u00fablica anunci\u00f3: \u00abCon motivo de nuevos elementos a considerar en el proceso de evaluaci\u00f3n para el ingreso, promoci\u00f3n y permanencia en Educaci\u00f3n B\u00e1sica y Media Superior, quedan suspendidas indefinidamente las fechas publicadas para su realizaci\u00f3n\u00bb.<\/p>\n<p>Como eloriente.net lo public\u00f3 en su oportunidad, el calendario mencionado se habr\u00eda publicado desde el mes de febrero de 2015 por el Instituto Nacional para la Evaluaci\u00f3n de la Educaci\u00f3n en cumplimiento de las atribuciones que le confiere la Ley General del Servicio Profesional Docente, as\u00ed como del compromiso plasmado en el Programa de Mediano Plazo para la Evaluaci\u00f3n del Servicio Profesional Docente 2015-2020 publicado en diciembre de 2014.<\/p>\n<p>El calendario consta (o constaba) tanto las acciones a realizar para 2015 como la distribuci\u00f3n de responsabilidades entre las autoridades competentes \u00abpara desarrollar las evaluaciones establecidas en la legislaci\u00f3n correspondiente\u00bb.<br \/>\n<iframe loading=\"lazy\" src=\"\/\/e.issuu.com\/embed.html#5422719\/13204131\" width=\"525\" height=\"203\" frameborder=\"0\" allowfullscreen=\"allowfullscreen\"><\/iframe><br \/>\nEl anuncio, como era de esperarse, caus\u00f3 reacciones inmediatas. La Junta de Gobierno del Instituto Nacional de la Educaci\u00f3n (INEE) emiti\u00f3 un aviso en el que se informa que convoc\u00f3 a una sesi\u00f3n extraordinario de an\u00e1lisis para fijar un posicionamiento ante lo comunicado por la SEP, al tiempo que reiter\u00f3 \u00absu compromiso con la Reforma Educativa\u00bb.<\/p>\n<p>La organizaci\u00f3n <a href=\"http:\/\/mexicanosprimero.org\/index.php\/central-de-prensa\/boletines\/124-comunicado-de-mexicanos-primero-sobre-el-anuncio-de-suspension-indefinida-del-proceso-de-evaluacion-docente\" target=\"_blank\">Mexicanos Primero expres\u00f3 <\/a>\u00absu m\u00e1s\u00a0en\u00e9rgico rechazo ante el comunicado de prensa n\u00famero 129 de la SEP publicado el d\u00eda de hoy a las 15:00 horas. Sin evaluaci\u00f3n docente se deja sin garant\u00eda la idoneidad de maestros y directivos y con ello se socava el derecho de los ni\u00f1os a la educaci\u00f3n de calidad.\u00bb<\/p>\n<p>Mexicanos Primero argument\u00f3 que: \u00abDicha suspensi\u00f3n es una afrenta directa al Art\u00edculo 3\u00ba Constitucional, con un mensaje que no tiene firma de autoridad responsable, ni documento alguno de sustento.\u00bb.<\/p>\n<p>De hecho, public\u00f3 una carta p\u00fablica que los ciudadanos pueden firmar por internet, en la cual exigen al Presidente de la Rep\u00fablica revertir la medida y \u00absalvar la tan necesaria reforma educativa\u00bb.<\/p>\n<p>Para ver la carta, <a href=\"https:\/\/www.change.org\/p\/ciudadan%C3%ADa-maestros-alumnos-padres-y-madres-de-familia-y-universitarios-firma-para-exigir-al-presidente-que-los-maestros-puedan-presentar-la-evaluaci%C3%B3n\" target=\"_blank\">da click aqu\u00ed.<\/a><\/p>\n<p><a href=\"http:\/\/www.eloriente.net\/home\/wp-content\/uploads\/2014\/05\/Licencia-CC-derechos-reservados-por-M.-Martin-Vicente-Lapiz.jpg\"><img loading=\"lazy\" decoding=\"async\" class=\"alignnone size-medium wp-image-26692\" src=\"http:\/\/www.eloriente.net\/home\/wp-content\/uploads\/2014\/05\/Licencia-CC-derechos-reservados-por-M.-Martin-Vicente-Lapiz-300x200.jpg\" alt=\"Licencia CC derechos reservados por M. Martin Vicente Lapiz\" width=\"300\" height=\"200\" srcset=\"http:\/\/www.eloriente.net\/home\/wp-content\/uploads\/2014\/05\/Licencia-CC-derechos-reservados-por-M.-Martin-Vicente-Lapiz-300x200.jpg 300w, http:\/\/www.eloriente.net\/home\/wp-content\/uploads\/2014\/05\/Licencia-CC-derechos-reservados-por-M.-Martin-Vicente-Lapiz.jpg 1024w\" sizes=\"(max-width: 300px) 100vw, 300px\" \/><\/a><\/p>\n<p>Licencia-CC-derechos-reservados-por-M.-Martin-Vicente-Lapiz.jpg<\/p>\n<p>&nbsp;<\/p>\n<p><strong>OTRAS ENTRADAS:<\/strong><\/p>\n<div id=\"post-35723\" class=\"post-35723 post type-post status-publish format-standard has-post-thumbnail hentry category-capital category-comunicados-y-boletines category-entradas category-estados category-oaxaca-estados tag-ciencias-de-la-educacion tag-educacion tag-uabjo entry loop-default border_bottom_30\">\n<h2 class=\"entry_title\"><a title=\"Enlace Permanente a Llega a 340 la matr\u00edcula de licenciatura en Ciencias de la Educaci\u00f3n UABJO\" href=\"http:\/\/www.eloriente.net\/home\/2015\/03\/04\/llega-a-340-la-matricula-de-licenciatura-en-ciencias-de-la-educacion-uabjo\/\" rel=\"bookmark\">Llega a 340 la matr\u00edcula de licenciatura en Ciencias de la Educaci\u00f3n UABJO<\/a><\/h2>\n<p><a href=\"http:\/\/www.eloriente.net\/home\/2015\/03\/04\/llega-a-340-la-matricula-de-licenciatura-en-ciencias-de-la-educacion-uabjo\/\" rel=\"bookmark\"><img decoding=\"async\" class=\"alignleft\" title=\"Llega a 340 la matr\u00edcula de licenciatura en Ciencias de la Educaci\u00f3n UABJO\" src=\"http:\/\/www.eloriente.net\/home\/wp-content\/themes\/city-desk\/timthumb.php?src=http%3A%2F%2Fwww.eloriente.net%2Fhome%2Fwp-content%2Fuploads%2F2015%2F03%2FInforme-ciencias-de-la-educacio%CC%81n-uabjo.jpg&amp;q=90&amp;w=160&amp;h=106&amp;zc=1\" alt=\"Llega a 340 la matr\u00edcula de licenciatura en Ciencias de la Educaci\u00f3n UABJO\" \/><\/a>\u00a0 eloriente.net\/UABJO 4 de marzo de 2015 El Director del Instituto de Ciencias de la Educaci\u00f3n de la Universidad Aut\u00f3noma \u201cBenito Ju\u00e1rez\u201d de Oaxaca (ICEUABJO), Carlos Alberto Mart\u00ednez Ram\u00edrez, present\u00f3 el primer informe de actividades acad\u00e9mico \u2013 administrativas correspondientes al periodo marzo 2014 \u2013 enero 2015. El evento tuvo lugar en el patio central de [\u2026]<\/p>\n<p class=\"postmeta\"><span class=\"meta_date\">marzo 4, 2015<\/span><\/p>\n<\/div>\n<div id=\"post-34993\" class=\"post-34993 post type-post status-publish format-standard has-post-thumbnail hentry category-articulistas category-educacion-y-cultura category-entradas category-estados category-lo-mas-reciente category-oaxaca-estados category-principal category-samael-hernandez tag-cnte tag-educacion tag-emilio-chuayffet tag-samael-hernandez-2 tag-sep entry loop-default border_bottom_30\">\n<h2 class=\"entry_title\"><a title=\"Enlace Permanente a \u00a1Ahora Resulta!, un art\u00edculo sobre Secci\u00f3n 22 y Educaci\u00f3n por Samael Hern\u00e1ndez\" href=\"http:\/\/www.eloriente.net\/home\/2015\/01\/13\/ahora-resulta-un-articulo-sobre-seccion-22-y-educacion-por-samael-hernandez\/\" rel=\"bookmark\">\u00a1Ahora Resulta!, un art\u00edculo sobre Secci\u00f3n 22 y Educaci\u00f3n por Samael Hern\u00e1ndez<\/a><\/h2>\n<p><a href=\"http:\/\/www.eloriente.net\/home\/2015\/01\/13\/ahora-resulta-un-articulo-sobre-seccion-22-y-educacion-por-samael-hernandez\/\" rel=\"bookmark\"><img decoding=\"async\" class=\"alignleft\" title=\"\u00a1Ahora Resulta!, un art\u00edculo sobre Secci\u00f3n 22 y Educaci\u00f3n por Samael Hern\u00e1ndez\" src=\"http:\/\/www.eloriente.net\/home\/wp-content\/themes\/city-desk\/timthumb.php?src=http%3A%2F%2Fwww.eloriente.net%2Fhome%2Fwp-content%2Fuploads%2F2015%2F01%2FLa-u%CC%81ltima-noche-en-campamentos-de-la-CNTE-por-Eneas-de-Troya-CC-e1421173824755.jpg&amp;q=90&amp;w=160&amp;h=106&amp;zc=1\" alt=\"\u00a1Ahora Resulta!, un art\u00edculo sobre Secci\u00f3n 22 y Educaci\u00f3n por Samael Hern\u00e1ndez\" \/><\/a>eloriente.net\/Samael Hern\u00e1ndez Ruiz 13 de enero de 2015 Por: Samael Hern\u00e1ndez Ruiz. En el portal del peri\u00f3dico Excelsior, se publica el d\u00eda de hoy una nota de la reportera Lili\u00e1n Hern\u00e1ndez intitulada: \u201cIntacto, salario del magisterio que no da clases.\u201d1 En la nota citada, se informa lo siguiente: \u201cMientras losgobiernos de los estados no soliciten [\u2026]<\/p>\n<p class=\"postmeta\"><span class=\"meta_date\">enero 13, 2015<\/span><\/p>\n<\/div>\n<div id=\"post-34623\" class=\"post-34623 post type-post status-publish format-standard has-post-thumbnail hentry category-colaboradores category-educacion-y-cultura category-entradas category-juan-jose-consejo category-lo-mas-reciente category-medio-ambiente tag-educiacion-ambiental entry loop-default border_bottom_30\">\n<h2 class=\"entry_title\"><a title=\"Enlace Permanente a Educaci\u00f3n ambiental: L\u00edmites y alcances\" href=\"http:\/\/www.eloriente.net\/home\/2014\/12\/14\/educacion-ambiental-limites-y-alcances\/\" rel=\"bookmark\">Educaci\u00f3n ambiental: L\u00edmites y alcances<\/a><\/h2>\n<p><a href=\"http:\/\/www.eloriente.net\/home\/2014\/12\/14\/educacion-ambiental-limites-y-alcances\/\" rel=\"bookmark\"><img decoding=\"async\" class=\"alignleft\" title=\"Educaci\u00f3n ambiental: L\u00edmites y alcances\" src=\"http:\/\/www.eloriente.net\/home\/wp-content\/themes\/city-desk\/timthumb.php?src=http%3A%2F%2Fwww.eloriente.net%2Fhome%2Fwp-content%2Fuploads%2F2014%2F12%2FEducaci%C3%B3n-Ambiental-Huerta-Agroecol%C3%B3gica.jpg&amp;q=90&amp;w=160&amp;h=106&amp;zc=1\" alt=\"Educaci\u00f3n ambiental: L\u00edmites y alcances\" \/><\/a>Tuve que interrumpir mi educaci\u00f3n para ir a la escuela George Bernard Shaw (www.eloriente.net, M\u00e9xico, 14 de diciembre 2014; por Juan Jos\u00e9 Consejo*).- Ahora que se han hecho p\u00fablicos los resultados de la cuestionada prueba Enlace, hoy que se discute, por en\u00e9sima vez, la grave crisis educativa nacional o su condici\u00f3n local, especialmente aguda, el [\u2026]<\/p>\n<p class=\"postmeta\"><span class=\"meta_date\">diciembre 14, 2014<\/span><\/p>\n<\/div>\n<p>&nbsp;<\/p>\n<p>&nbsp;<\/p>\n<p>&nbsp;<\/p>\n<p>&nbsp;<\/p>\n<p>&nbsp;<\/p>\n<p>&nbsp;<\/p>\n<p>&nbsp;<\/p>\n\n\t\t\t  <div \n\t\t\t  \tclass = \"fb-comments\" \n\t\t\t  \tdata-href = \"http:\/\/www.eloriente.net\/home\/2015\/05\/30\/suspende-sep-evaluacion-a-docentes-mexicanos-primero-llama-a-salvar-reforma-educativa\/\"\n\t\t\t  \tdata-numposts = \"10\"\n\t\t\t\tdata-colorscheme = \"dark\"\n\t\t\t\tdata-order-by = \"social\"\n\t\t\t\tdata-mobile=true>\n\t\t\t  <\/div>\n\t\t  <style>\n\t\t\t.fb_iframe_widget_fluid_desktop iframe {\n\t\t\t    width: 100% !important;\n\t\t\t}\n\t\t  <\/style>\n\t\t  ","protected":false},"excerpt":{"rendered":"<p>&nbsp; &nbsp; &nbsp; (www.eloriente.net, M\u00e9xico, 30 de mayo de 2015).- En un escueto comunicado, ayer la Secretar\u00eda de Educaci\u00f3n P\u00fablica anunci\u00f3: \u00abCon motivo de nuevos elementos a considerar en el proceso de evaluaci\u00f3n para el ingreso, promoci\u00f3n y permanencia en Educaci\u00f3n B\u00e1sica y Media Superior, quedan suspendidas indefinidamente las fechas publicadas para su realizaci\u00f3n\u00bb. Como [&hellip;]<\/p>\n","protected":false},"author":1,"featured_media":26692,"comment_status":"open","ping_status":"open","sticky":false,"template":"","format":"standard","meta":{"_jetpack_memberships_contains_paid_content":false,"footnotes":""},"categories":[29,22,32,35,10,21,31],"tags":[3669,372,847],"class_list":["post-37356","post","type-post","status-publish","format-standard","has-post-thumbnail","hentry","category-capital","category-derechos-humanos","category-entradas","category-secciones-oriente","category-lo-mas-reciente","category-politica-y-gobierno","category-principal","tag-evaluacion-docente","tag-reforma-educativa","tag-sep"],"jetpack_featured_media_url":"http:\/\/www.eloriente.net\/home\/wp-content\/uploads\/2014\/05\/Licencia-CC-derechos-reservados-por-M.-Martin-Vicente-Lapiz.jpg","jetpack_sharing_enabled":true,"_links":{"self":[{"href":"http:\/\/www.eloriente.net\/home\/wp-json\/wp\/v2\/posts\/37356"}],"collection":[{"href":"http:\/\/www.eloriente.net\/home\/wp-json\/wp\/v2\/posts"}],"about":[{"href":"http:\/\/www.eloriente.net\/home\/wp-json\/wp\/v2\/types\/post"}],"author":[{"embeddable":true,"href":"http:\/\/www.eloriente.net\/home\/wp-json\/wp\/v2\/users\/1"}],"replies":[{"embeddable":true,"href":"http:\/\/www.eloriente.net\/home\/wp-json\/wp\/v2\/comments?post=37356"}],"version-history":[{"count":1,"href":"http:\/\/www.eloriente.net\/home\/wp-json\/wp\/v2\/posts\/37356\/revisions"}],"predecessor-version":[{"id":37357,"href":"http:\/\/www.eloriente.net\/home\/wp-json\/wp\/v2\/posts\/37356\/revisions\/37357"}],"wp:featuredmedia":[{"embeddable":true,"href":"http:\/\/www.eloriente.net\/home\/wp-json\/wp\/v2\/media\/26692"}],"wp:attachment":[{"href":"http:\/\/www.eloriente.net\/home\/wp-json\/wp\/v2\/media?parent=37356"}],"wp:term":[{"taxonomy":"category","embeddable":true,"href":"http:\/\/www.eloriente.net\/home\/wp-json\/wp\/v2\/categories?post=37356"},{"taxonomy":"post_tag","embeddable":true,"href":"http:\/\/www.eloriente.net\/home\/wp-json\/wp\/v2\/tags?post=37356"}],"curies":[{"name":"wp","href":"https:\/\/api.w.org\/{rel}","templated":true}]}}