{"id":37480,"date":"2015-06-05T10:30:06","date_gmt":"2015-06-05T16:30:06","guid":{"rendered":"http:\/\/www.eloriente.net\/home\/?p=37480"},"modified":"2015-06-05T10:37:24","modified_gmt":"2015-06-05T16:37:24","slug":"5-testimonios-de-camacho-solis-sobre-momentos-clave-en-la-historia-reciente-de-mexico","status":"publish","type":"post","link":"http:\/\/www.eloriente.net\/home\/2015\/06\/05\/5-testimonios-de-camacho-solis-sobre-momentos-clave-en-la-historia-reciente-de-mexico\/","title":{"rendered":"Camacho Sol\u00eds: 5 testimonios sobre momentos clave en la historia reciente de M\u00e9xico"},"content":{"rendered":"<p><script src=\"\/\/pagead2.googlesyndication.com\/pagead\/js\/adsbygoogle.js\" async=\"\"><\/script><!-- BANNER ELORIENTE INCRUSTADO NOTAS --> <ins class=\"adsbygoogle\" style=\"display: inline-block; width: 300px; height: 250px;\" data-ad-client=\"ca-pub-1136171134853753\" data-ad-slot=\"7974633627\"><\/ins><script>\/\/ <![CDATA[\n(adsbygoogle = window.adsbygoogle || []).push({});\n\/\/ ]]><\/script><\/p>\n<p>(eloriente.net, M\u00e9xico, 5 de junio de 2015. Por: Nadir Quiroz).- La madrugada de hoy trascendi\u00f3 por el anuncio de la muerte del Senador Manuel Camacho Sol\u00eds, quien a sus 69 a\u00f1os de edad luchaba contra el c\u00e1ncer cerebral que padec\u00eda desde hace poco mas de un a\u00f1o.<\/p>\n<p>Con su deceso, se cierra un ciclo importante en la historia del viejo pri\u00edsmo y la transici\u00f3n, pues milit\u00f3 casi 3 d\u00e9cadas en el Revolucionario Institucional, siendo\u00a0colaborador cercano de\u00a0Carlos Salinas de Gortari y considerado a ocupar la candidatura por la presidencia de la rep\u00fablica en 1994, lugar al que finalmente llegar\u00eda Luis Donaldo Colosio.<\/p>\n<p>Regente del Distrito Federal y posterior comisionado para la paz en Chiapas, fund\u00f3 el Partido Centro Democr\u00e1tico,\u00a0plataforma con la cual se postul\u00f3 a la Presidencia de la Rep\u00fablica en el a\u00f1o 2000. Ya como militante del PRD, ocupo el cargo de Diputado Federal en 2003 y actualmente se desempe\u00f1aba como senador de la Rep\u00fablica por el mismo partido.<\/p>\n<p>Reconociendo a Camacho Sol\u00eds como pieza clave para identificar momentos trascendentales en la historia reciente de nuestro pa\u00eds, ELORIENTE.NET trae para sus lectores algunas de las entrevistas mas reveladoras\u00a0sobre el conflicto de Chiapas, la muerte de Luis Donaldo Colosio, su ruptura con el PRI y el gobierno de Ernesto Zedillo, as\u00ed como su apreciaci\u00f3n sobre la Reforma Energ\u00e9tica.<\/p>\n<p><iframe loading=\"lazy\" src=\"https:\/\/www.youtube.com\/embed\/6HxFcsN_ujs\" width=\"420\" height=\"315\" frameborder=\"0\" allowfullscreen=\"allowfullscreen\"><\/iframe><\/p>\n<p><iframe loading=\"lazy\" src=\"https:\/\/www.youtube.com\/embed\/JsH6Jy_m0Tg\" width=\"420\" height=\"315\" frameborder=\"0\" allowfullscreen=\"allowfullscreen\"><\/iframe><\/p>\n<p><iframe loading=\"lazy\" src=\"https:\/\/www.youtube.com\/embed\/h7pRUtbA5LM\" width=\"560\" height=\"315\" frameborder=\"0\" allowfullscreen=\"allowfullscreen\"><\/iframe><\/p>\n<p><iframe loading=\"lazy\" src=\"https:\/\/www.youtube.com\/embed\/TIiROdjGDf4\" width=\"420\" height=\"315\" frameborder=\"0\" allowfullscreen=\"allowfullscreen\"><\/iframe><\/p>\n<p><iframe loading=\"lazy\" src=\"https:\/\/www.youtube.com\/embed\/ZAtBTgYbNHY\" width=\"420\" height=\"315\" frameborder=\"0\" allowfullscreen=\"allowfullscreen\"><\/iframe><\/p>\n<p>&nbsp;<\/p>\n<p><a href=\"http:\/\/www.eloriente.net\/home\/wp-content\/uploads\/2015\/06\/ManuelCamacho.jpg\"><img loading=\"lazy\" decoding=\"async\" class=\"alignnone  wp-image-37481\" src=\"http:\/\/www.eloriente.net\/home\/wp-content\/uploads\/2015\/06\/ManuelCamacho.jpg\" alt=\"ManuelCamacho\" width=\"290\" height=\"248\" srcset=\"http:\/\/www.eloriente.net\/home\/wp-content\/uploads\/2015\/06\/ManuelCamacho.jpg 800w, http:\/\/www.eloriente.net\/home\/wp-content\/uploads\/2015\/06\/ManuelCamacho-300x256.jpg 300w\" sizes=\"(max-width: 290px) 100vw, 290px\" \/><\/a><\/p>\n<p>Imagen: <a href=\"http:\/\/snn.imer.gob.mx\/antenaradio\/tag\/manuel-camacho-solis\/\" target=\"_blank\">Imer<\/a>.\u00a0Derechos Reservados<\/p>\n<p>OTRAS ENTRADAS:<\/p>\n<div id=\"post-10069\" class=\"post-10069 post type-post status-publish format-standard has-post-thumbnail hentry category-educacion-y-cultura category-entradas category-lo-mas-reciente category-mexico-y-el-mundo entry loop-default border_bottom_30\">\n<h2 class=\"entry_title\"><a title=\"Enlace Permanente a Muere pianista cubano Bebo Vald\u00e9s\" href=\"http:\/\/www.eloriente.net\/home\/2013\/03\/23\/muere-pianista-cubano-bebo-valdes\/\" rel=\"bookmark\">Muere pianista cubano Bebo Vald\u00e9s<\/a><\/h2>\n<p><a href=\"http:\/\/www.eloriente.net\/home\/2013\/03\/23\/muere-pianista-cubano-bebo-valdes\/\" rel=\"bookmark\"><img decoding=\"async\" class=\"alignleft\" title=\"Muere pianista cubano Bebo Vald\u00e9s\" src=\"http:\/\/www.eloriente.net\/home\/wp-content\/themes\/city-desk\/timthumb.php?src=http%3A%2F%2Fwww.eloriente.net%2Fhome%2Fwp-content%2Fuploads%2F2013%2F03%2Fbebo-valde%CC%81s.jpg&amp;q=90&amp;w=160&amp;h=106&amp;zc=1\" alt=\"Muere pianista cubano Bebo Vald\u00e9s\" \/><\/a>eloriente.net\/ Ecured 23 de abril de 2013 eloriente.net (Oaxaca, Oax.) 23 de abril de 2013.- El pianista cubano Bebo Vald\u00e9s, considerado uno de los genios en la historia de la m\u00fasica de ese pa\u00eds, muri\u00f3 la tarde del viernes 22 de marzo de 2013 en Estocolmo, Suecia, ciudad donde resid\u00eda desde 1963 enfermo de Alzheimer, [\u2026]<\/p>\n<p class=\"postmeta\"><span class=\"meta_date\">marzo 23, 2013\u00a0<\/span><span class=\"meta_permalink\"><a title=\"Enlace Permanente a Muere pianista cubano Bebo Vald\u00e9s\" href=\"http:\/\/www.eloriente.net\/home\/2013\/03\/23\/muere-pianista-cubano-bebo-valdes\/\" rel=\"bookmark\">Leer Mas<\/a><\/span><span class=\"meta_edit\"><a class=\"post-edit-link\" href=\"http:\/\/www.eloriente.net\/home\/wp-admin\/post.php?post=10069&amp;action=edit\">#<\/a><\/span><\/p>\n<\/div>\n<div id=\"post-8564\" class=\"post-8564 post type-post status-publish format-standard has-post-thumbnail hentry category-entradas category-lo-mas-reciente category-mexico-y-el-mundo entry loop-default border_bottom_30\">\n<h2 class=\"entry_title\"><\/h2>\n<h2 class=\"entry_title\"><a title=\"Enlace Permanente a Muere el actor mexicano Joaqu\u00edn Cordero\" href=\"http:\/\/www.eloriente.net\/home\/2013\/02\/20\/muere-el-actor-mexicano-joaquin-cordero\/\" rel=\"bookmark\">Muere el actor mexicano Joaqu\u00edn Cordero<\/a><\/h2>\n<p><a href=\"http:\/\/www.eloriente.net\/home\/2013\/02\/20\/muere-el-actor-mexicano-joaquin-cordero\/\" rel=\"bookmark\"><img decoding=\"async\" class=\"alignleft\" title=\"Muere el actor mexicano Joaqu\u00edn Cordero\" src=\"http:\/\/www.eloriente.net\/home\/wp-content\/themes\/city-desk\/timthumb.php?src=http%3A%2F%2Fwww.eloriente.net%2Fhome%2Fwp-content%2Fuploads%2F2013%2F02%2Fjoaquin-cordero.jpg&amp;q=90&amp;w=160&amp;h=106&amp;zc=1\" alt=\"Muere el actor mexicano Joaqu\u00edn Cordero\" \/><\/a>eloriente.net 20 de febrero de 2013 eloriente.net (Oaxaca, Oax.) 20 de febrero de 2013.- Este martes 19 de febrero de 2013 falleci\u00f3 a la edad de 89 a\u00f1os el actor mexicano Joaqu\u00edn Cordero, considerado como una de las \u00faltimas figuras representativas de la \u00c9poca de Oro del Cine Nacional. Seg\u00fan datos publicados en diversos medios [\u2026]<\/p>\n<p class=\"postmeta\"><span class=\"meta_date\">febrero 20, 2013\u00a0<\/span><span class=\"meta_permalink\"><a title=\"Enlace Permanente a Muere el actor mexicano Joaqu\u00edn Cordero\" href=\"http:\/\/www.eloriente.net\/home\/2013\/02\/20\/muere-el-actor-mexicano-joaquin-cordero\/\" rel=\"bookmark\">Leer Mas<\/a><\/span><span class=\"meta_edit\"><a class=\"post-edit-link\" href=\"http:\/\/www.eloriente.net\/home\/wp-admin\/post.php?post=8564&amp;action=edit\">#<\/a><\/span><\/p>\n<\/div>\n\n\t\t\t  <div \n\t\t\t  \tclass = \"fb-comments\" \n\t\t\t  \tdata-href = \"http:\/\/www.eloriente.net\/home\/2015\/06\/05\/5-testimonios-de-camacho-solis-sobre-momentos-clave-en-la-historia-reciente-de-mexico\/\"\n\t\t\t  \tdata-numposts = \"10\"\n\t\t\t\tdata-colorscheme = \"dark\"\n\t\t\t\tdata-order-by = \"social\"\n\t\t\t\tdata-mobile=true>\n\t\t\t  <\/div>\n\t\t  <style>\n\t\t\t.fb_iframe_widget_fluid_desktop iframe {\n\t\t\t    width: 100% !important;\n\t\t\t}\n\t\t  <\/style>\n\t\t  ","protected":false},"excerpt":{"rendered":"<p>(eloriente.net, M\u00e9xico, 5 de junio de 2015. Por: Nadir Quiroz).- La madrugada de hoy trascendi\u00f3 por el anuncio de la muerte del Senador Manuel Camacho Sol\u00eds, quien a sus 69 a\u00f1os de edad luchaba contra el c\u00e1ncer cerebral que padec\u00eda desde hace poco mas de un a\u00f1o. Con su deceso, se cierra un ciclo importante [&hellip;]<\/p>\n","protected":false},"author":57,"featured_media":37481,"comment_status":"open","ping_status":"open","sticky":false,"template":"","format":"standard","meta":{"_jetpack_memberships_contains_paid_content":false,"footnotes":""},"categories":[3,10,24,21],"tags":[3695,3696,1540],"class_list":["post-37480","post","type-post","status-publish","format-standard","has-post-thumbnail","hentry","category-canal-1-tu-aula","category-lo-mas-reciente","category-mexico-y-el-mundo","category-politica-y-gobierno","tag-fallece","tag-politico-mexicano","tag-senador"],"jetpack_featured_media_url":"http:\/\/www.eloriente.net\/home\/wp-content\/uploads\/2015\/06\/ManuelCamacho.jpg","jetpack_sharing_enabled":true,"_links":{"self":[{"href":"http:\/\/www.eloriente.net\/home\/wp-json\/wp\/v2\/posts\/37480"}],"collection":[{"href":"http:\/\/www.eloriente.net\/home\/wp-json\/wp\/v2\/posts"}],"about":[{"href":"http:\/\/www.eloriente.net\/home\/wp-json\/wp\/v2\/types\/post"}],"author":[{"embeddable":true,"href":"http:\/\/www.eloriente.net\/home\/wp-json\/wp\/v2\/users\/57"}],"replies":[{"embeddable":true,"href":"http:\/\/www.eloriente.net\/home\/wp-json\/wp\/v2\/comments?post=37480"}],"version-history":[{"count":5,"href":"http:\/\/www.eloriente.net\/home\/wp-json\/wp\/v2\/posts\/37480\/revisions"}],"predecessor-version":[{"id":37486,"href":"http:\/\/www.eloriente.net\/home\/wp-json\/wp\/v2\/posts\/37480\/revisions\/37486"}],"wp:featuredmedia":[{"embeddable":true,"href":"http:\/\/www.eloriente.net\/home\/wp-json\/wp\/v2\/media\/37481"}],"wp:attachment":[{"href":"http:\/\/www.eloriente.net\/home\/wp-json\/wp\/v2\/media?parent=37480"}],"wp:term":[{"taxonomy":"category","embeddable":true,"href":"http:\/\/www.eloriente.net\/home\/wp-json\/wp\/v2\/categories?post=37480"},{"taxonomy":"post_tag","embeddable":true,"href":"http:\/\/www.eloriente.net\/home\/wp-json\/wp\/v2\/tags?post=37480"}],"curies":[{"name":"wp","href":"https:\/\/api.w.org\/{rel}","templated":true}]}}