{"id":37583,"date":"2015-06-10T11:47:33","date_gmt":"2015-06-10T17:47:33","guid":{"rendered":"http:\/\/www.eloriente.net\/home\/?p=37583"},"modified":"2015-06-10T11:48:18","modified_gmt":"2015-06-10T17:48:18","slug":"jueves-de-vincularte-el-11-de-junio-en-hub-oaxaca","status":"publish","type":"post","link":"http:\/\/www.eloriente.net\/home\/2015\/06\/10\/jueves-de-vincularte-el-11-de-junio-en-hub-oaxaca\/","title":{"rendered":"Jueves de VinculARTE el 11 de junio en HUB Oaxaca"},"content":{"rendered":"<p><script src=\"\/\/pagead2.googlesyndication.com\/pagead\/js\/adsbygoogle.js\" async=\"\"><\/script><!-- BANNER ELORIENTE INCRUSTADO NOTAS --> <ins class=\"adsbygoogle\" style=\"display: inline-block; width: 300px; height: 250px;\" data-ad-client=\"ca-pub-1136171134853753\" data-ad-slot=\"7974633627\"><\/ins><script>\/\/ <![CDATA[\n(adsbygoogle = window.adsbygoogle || []).push({});\n\/\/ ]]><\/script><\/p>\n<p>&nbsp;<\/p>\n<p>&nbsp;<\/p>\n<p>&nbsp;<\/p>\n<p>eloriente.net\/HUB Oaxaca<\/p>\n<p>10 de junio de 2015<\/p>\n<p style=\"text-align: center;\"><a href=\"http:\/\/www.eloriente.net\/home\/wp-content\/uploads\/2015\/06\/Boletin-HUB-Oaxaca.png\"><img loading=\"lazy\" decoding=\"async\" class=\"alignnone size-full wp-image-37584\" src=\"http:\/\/www.eloriente.net\/home\/wp-content\/uploads\/2015\/06\/Boletin-HUB-Oaxaca.png\" alt=\"Boletin HUB Oaxaca\" width=\"323\" height=\"657\" srcset=\"http:\/\/www.eloriente.net\/home\/wp-content\/uploads\/2015\/06\/Boletin-HUB-Oaxaca.png 323w, http:\/\/www.eloriente.net\/home\/wp-content\/uploads\/2015\/06\/Boletin-HUB-Oaxaca-147x300.png 147w\" sizes=\"(max-width: 323px) 100vw, 323px\" \/><\/a><\/p>\n<p>&nbsp;<\/p>\n<p>Hub Oaxaca invita a Todo Oaxaca a participar en los Jueves de VinculARTE. Su mensaje es muy claro:<\/p>\n<p>\u00a1G\u00e1nate una beca para el Foro \u00abCATAPULTAFest\u00bb !<br \/>\n\u00a1Aparta la fecha!: 11 de Junio de 2015 a partir de las 19:30 hrs en el IHUB.<br \/>\n\u00a1El HUB y el caf\u00e9 Jaguar Yuu se unen para invitarte a los \u00abJueves de VinculArte\u00bb! Ven a compartir los logros de tu iniciativa en un ambiente tranquilo, acompa\u00f1ado de exposiciones, proyecciones, conciertos, performances y mucho m\u00e1s.<br \/>\nExpresa tu visi\u00f3n y tus retos mientras te llenas de buena vibra y haces amigos, acompa\u00f1ado por un buen caf\u00e9, una chela o un rico mezcal.<\/p>\n<p>Para dar inicio a los \u00abJueves de VinculArte\u00bb, en nuestra pr\u00f3xima sesi\u00f3n de este 11 de Junio, A\u00edda Castro Morales, miembro de la comunidad HUB nos presentar\u00e1 su libro \u00abLenguas del Coraz\u00f3n\u00bb.<\/p>\n<p>\u00a1ADEM\u00c1S! Ofreceremos 10 becas a los miembros del HUB Oaxaca para participar en CATAPULTAFest 2015. Explora las oportunidades que ofrece a tu iniciativa este incre\u00edble FORO de Innovaci\u00f3n Social, el cual se llevar\u00e1 a cabo del 17 al 19 de Junio. \u00bfQuieres ir al foro de CATAPULTAFEST GRATIS? Participa este Jueves y ent\u00e9rate c\u00f3mo.<\/p>\n<p>No puedes faltar, c\u00e1ele con tus amigos. La entrada es libre y gratuita para tod@s. Para mayores informes favor de marcar al 5161049 o al email: jeruna.huboaxaca@gmail.com<br \/>\n\u202a<\/p>\n<p>#\u200eHubEsImpacto\u202c<\/p>\n<p>&nbsp;<\/p>\n<p>OTRAS ENTRADAS:<\/p>\n<p>&nbsp;<\/p>\n<div id=\"post-37166\" class=\"post-37166 post type-post status-publish format-standard has-post-thumbnail hentry category-agenda category-colaboradores category-entradas category-especiales category-estados category-hub-oaxaca category-oaxaca-estados tag-cursos tag-emprendedores tag-hub-oaxaca-2 tag-talleres entry loop-default border_bottom_30\">\n<h2 class=\"entry_title\"><a title=\"Enlace Permanente a Talleres y cursos en HUB Oaxaca; mayo-junio de 2015\" href=\"http:\/\/www.eloriente.net\/home\/2015\/05\/20\/talleres-y-cursos-en-hub-oaxaca-mayo-junio-de-2015\/\" rel=\"bookmark\">Talleres y cursos en HUB Oaxaca; mayo-junio de 2015<\/a><\/h2>\n<p><a href=\"http:\/\/www.eloriente.net\/home\/2015\/05\/20\/talleres-y-cursos-en-hub-oaxaca-mayo-junio-de-2015\/\" rel=\"bookmark\"><img decoding=\"async\" class=\"alignleft\" title=\"Talleres y cursos en HUB Oaxaca; mayo-junio de 2015\" src=\"http:\/\/www.eloriente.net\/home\/wp-content\/themes\/city-desk\/timthumb.php?src=http%3A%2F%2Fwww.eloriente.net%2Fhome%2Fwp-content%2Fuploads%2F2015%2F05%2FHUB-Oaxaca-2.jpg&amp;q=90&amp;w=160&amp;h=106&amp;zc=1\" alt=\"Talleres y cursos en HUB Oaxaca; mayo-junio de 2015\" \/><\/a>\u00a0 eloriente.net\/\u00a0HUB Oaxaca 20\u00a0de mayo de 2015 Como parte de las actividades que realiza el HUB Oaxaca para impulsar la cultura emprendedora y el trabajo social, se invita a todo al p\u00fablico en general a participar en los talleres y cursos que ofrecemos a trav\u00e9s de nuestra red de colaboradores. A continuaci\u00f3n te presentamos las [\u2026]<\/p>\n<p class=\"postmeta\"><span class=\"meta_date\">mayo 20, 2015<\/span><\/p>\n<\/div>\n<div id=\"post-17751\" class=\"post-17751 post type-post status-publish format-standard has-post-thumbnail hentry category-agenda category-convocatorias category-educacion-y-cultura category-entradas category-lo-mas-reciente category-turismo-y-negocios entry loop-default border_bottom_30\">\n<h2 class=\"entry_title\"><a title=\"Enlace Permanente a Jornada de celebraciones por el cuarto aniversario del Hub Oaxaca\" href=\"http:\/\/www.eloriente.net\/home\/2013\/11\/28\/jornada-de-celebraciones-por-el-cuarto-aniversario-del-hub-oaxaca\/\" rel=\"bookmark\">Jornada de celebraciones por el cuarto aniversario del Hub Oaxaca<\/a><\/h2>\n<p><a href=\"http:\/\/www.eloriente.net\/home\/2013\/11\/28\/jornada-de-celebraciones-por-el-cuarto-aniversario-del-hub-oaxaca\/\" rel=\"bookmark\"><img decoding=\"async\" class=\"alignleft\" title=\"Jornada de celebraciones por el cuarto aniversario del Hub Oaxaca\" src=\"http:\/\/www.eloriente.net\/home\/wp-content\/themes\/city-desk\/timthumb.php?src=http%3A%2F%2Fwww.eloriente.net%2Fhome%2Fwp-content%2Fuploads%2F2013%2F11%2Fdia-hub2013-WEB.jpg&amp;q=90&amp;w=160&amp;h=106&amp;zc=1\" alt=\"Jornada de celebraciones por el cuarto aniversario del Hub Oaxaca\" \/><\/a>eloriente.net\/ HUB Oaxaca 27 de noviembre de 2013 Realiza primera edici\u00f3n de FuckUp Nights, innovador evento sobre emprendimiento. Exposici\u00f3n de proyectos y productos en el D\u00eda Hub, el s\u00e1bado 30 de noviembre. El Hub Oaxaca cumple cuatro a\u00f1os y lo celebra con actividades de impacto, que incluyen la primera edici\u00f3n de FuckUp Nights en Oaxaca, [\u2026]<\/p>\n<p class=\"postmeta\"><span class=\"meta_date\">noviembre 28, 2013<\/span><\/p>\n<\/div>\n\n\t\t\t  <div \n\t\t\t  \tclass = \"fb-comments\" \n\t\t\t  \tdata-href = \"http:\/\/www.eloriente.net\/home\/2015\/06\/10\/jueves-de-vincularte-el-11-de-junio-en-hub-oaxaca\/\"\n\t\t\t  \tdata-numposts = \"10\"\n\t\t\t\tdata-colorscheme = \"dark\"\n\t\t\t\tdata-order-by = \"social\"\n\t\t\t\tdata-mobile=true>\n\t\t\t  <\/div>\n\t\t  <style>\n\t\t\t.fb_iframe_widget_fluid_desktop iframe {\n\t\t\t    width: 100% !important;\n\t\t\t}\n\t\t  <\/style>\n\t\t  ","protected":false},"excerpt":{"rendered":"<p>&nbsp; &nbsp; &nbsp; eloriente.net\/HUB Oaxaca 10 de junio de 2015 &nbsp; Hub Oaxaca invita a Todo Oaxaca a participar en los Jueves de VinculARTE. Su mensaje es muy claro: \u00a1G\u00e1nate una beca para el Foro \u00abCATAPULTAFest\u00bb ! \u00a1Aparta la fecha!: 11 de Junio de 2015 a partir de las 19:30 hrs en el IHUB. \u00a1El [&hellip;]<\/p>\n","protected":false},"author":22,"featured_media":37584,"comment_status":"open","ping_status":"open","sticky":false,"template":"","format":"standard","meta":{"_jetpack_memberships_contains_paid_content":false,"footnotes":""},"categories":[29,11,1588,32,63,82,464,19],"tags":[1828,3468],"class_list":["post-37583","post","type-post","status-publish","format-standard","has-post-thumbnail","hentry","category-capital","category-colaboradores","category-comunicados-y-boletines","category-entradas","category-estados","category-hub-oaxaca","category-oaxaca-estados","category-turismo-y-negocios","tag-hub-oaxaca-2","tag-osc"],"jetpack_featured_media_url":"http:\/\/www.eloriente.net\/home\/wp-content\/uploads\/2015\/06\/Boletin-HUB-Oaxaca.png","jetpack_sharing_enabled":true,"_links":{"self":[{"href":"http:\/\/www.eloriente.net\/home\/wp-json\/wp\/v2\/posts\/37583"}],"collection":[{"href":"http:\/\/www.eloriente.net\/home\/wp-json\/wp\/v2\/posts"}],"about":[{"href":"http:\/\/www.eloriente.net\/home\/wp-json\/wp\/v2\/types\/post"}],"author":[{"embeddable":true,"href":"http:\/\/www.eloriente.net\/home\/wp-json\/wp\/v2\/users\/22"}],"replies":[{"embeddable":true,"href":"http:\/\/www.eloriente.net\/home\/wp-json\/wp\/v2\/comments?post=37583"}],"version-history":[{"count":2,"href":"http:\/\/www.eloriente.net\/home\/wp-json\/wp\/v2\/posts\/37583\/revisions"}],"predecessor-version":[{"id":37586,"href":"http:\/\/www.eloriente.net\/home\/wp-json\/wp\/v2\/posts\/37583\/revisions\/37586"}],"wp:featuredmedia":[{"embeddable":true,"href":"http:\/\/www.eloriente.net\/home\/wp-json\/wp\/v2\/media\/37584"}],"wp:attachment":[{"href":"http:\/\/www.eloriente.net\/home\/wp-json\/wp\/v2\/media?parent=37583"}],"wp:term":[{"taxonomy":"category","embeddable":true,"href":"http:\/\/www.eloriente.net\/home\/wp-json\/wp\/v2\/categories?post=37583"},{"taxonomy":"post_tag","embeddable":true,"href":"http:\/\/www.eloriente.net\/home\/wp-json\/wp\/v2\/tags?post=37583"}],"curies":[{"name":"wp","href":"https:\/\/api.w.org\/{rel}","templated":true}]}}