{"id":37603,"date":"2015-06-12T08:42:07","date_gmt":"2015-06-12T14:42:07","guid":{"rendered":"http:\/\/www.eloriente.net\/home\/?p=37603"},"modified":"2015-06-12T08:42:07","modified_gmt":"2015-06-12T14:42:07","slug":"materiales-para-descargar-campana-no-al-trabajo-infantil-si-a-la-educacion-de-calidad","status":"publish","type":"post","link":"http:\/\/www.eloriente.net\/home\/2015\/06\/12\/materiales-para-descargar-campana-no-al-trabajo-infantil-si-a-la-educacion-de-calidad\/","title":{"rendered":"Materiales para descargar: Campa\u00f1a No al Trabajo Infantil, S\u00ed a la Educaci\u00f3n de Calidad"},"content":{"rendered":"<p><script src=\"\/\/pagead2.googlesyndication.com\/pagead\/js\/adsbygoogle.js\" async=\"\"><\/script><!-- BANNER ELORIENTE INCRUSTADO NOTAS --> <ins class=\"adsbygoogle\" style=\"display: inline-block; width: 300px; height: 250px;\" data-ad-client=\"ca-pub-1136171134853753\" data-ad-slot=\"7974633627\"><\/ins><script>\/\/ <![CDATA[\n(adsbygoogle = window.adsbygoogle || []).push({});\n\/\/ ]]><\/script><br \/>\n&nbsp;<\/p>\n<p>&nbsp;<\/p>\n<p>eloriente.net\/<a href=\"http:\/\/www.cinu.mx\/minisitio\/Dia_contra_trabajo_infantil\/recursos\/\" target=\"_blank\">OIT<\/a><\/p>\n<p>12 de junio de 2015<\/p>\n<p>Este 2015, las instancias internacionales vinculadas con la causa de erradicar el Trabajo Infantil determinaron enfatizar el mensaje: No al Trabajo Infantil, S\u00ed a la Educaci\u00f3n de Calidad.<\/p>\n<p>En ELORIENTE.NET puedes ya verificar argumentos y datos en relaci\u00f3n a esta relaci\u00f3n Educaci\u00f3n y Trabajo Infantil dando click AQU\u00cd.<\/p>\n<p>Adem\u00e1s, te invitamos a verificar los datos del Informe Mundial 2015 a continuaci\u00f3n:<br \/>\n<iframe loading=\"lazy\" src=\"\/\/e.issuu.com\/embed.html#5422719\/13478305\" width=\"525\" height=\"371\" frameborder=\"0\" allowfullscreen=\"allowfullscreen\"><\/iframe><br \/>\nSi est\u00e1s convencido de que es necesario sumarte a esta iniciativa, tambi\u00e9n puedes descargar y compartir los materiales relacionados con la campa\u00f1a o bien escuchar y enviar las c\u00e1psulas que OIT y Staffcom (Despacho de Comunicaci\u00f3n) produjeron, bajo la direcci\u00f3n del escritor Juan Pablo Vasconcelos, con Historias reales en el Sur de M\u00e9xico:<br \/>\n<iframe loading=\"lazy\" src=\"https:\/\/w.soundcloud.com\/player\/?url=https%3A\/\/api.soundcloud.com\/tracks\/172728961&amp;auto_play=false&amp;hide_related=false&amp;show_comments=true&amp;show_user=true&amp;show_reposts=false&amp;visual=true\" width=\"100%\" height=\"450\" frameborder=\"no\" scrolling=\"no\"><\/iframe><br \/>\n<a href=\"http:\/\/www.cinu.mx\/minisitio\/Dia_contra_trabajo_infantil\/recursos\/\" target=\"_blank\"><img loading=\"lazy\" decoding=\"async\" class=\"alignnone  wp-image-37604\" src=\"http:\/\/www.eloriente.net\/home\/wp-content\/uploads\/2015\/06\/Materiales-descargables-trabajo-infantil-12jun15.png\" alt=\"Materiales descargables trabajo infantil 12jun15\" width=\"443\" height=\"544\" srcset=\"http:\/\/www.eloriente.net\/home\/wp-content\/uploads\/2015\/06\/Materiales-descargables-trabajo-infantil-12jun15.png 683w, http:\/\/www.eloriente.net\/home\/wp-content\/uploads\/2015\/06\/Materiales-descargables-trabajo-infantil-12jun15-244x300.png 244w\" sizes=\"(max-width: 443px) 100vw, 443px\" \/><\/a><\/p>\n<p><strong>OTRAS ENTRADAS:<\/strong><\/p>\n<div id=\"post-33330\" class=\"post-33330 post type-post status-publish format-standard has-post-thumbnail hentry category-lunesdepolitica category-agenda category-derechos-humanos category-entradas category-especiales category-mexico-y-el-mundo category-oaxaca-estados category-politica-y-gobierno tag-circulos-rotos tag-oit tag-trabajo-infantil entry loop-default border_bottom_30\">\n<h2 class=\"entry_title\"><a title=\"Enlace Permanente a C\u00edrculos Rotos: Historias sobre trabajo infantil\" href=\"http:\/\/www.eloriente.net\/home\/2014\/10\/20\/circulos-rotos-historias-sobre-trabajo-infantil\/\" rel=\"bookmark\">C\u00edrculos Rotos: Historias sobre trabajo infantil<\/a><\/h2>\n<p><a href=\"http:\/\/www.eloriente.net\/home\/2014\/10\/20\/circulos-rotos-historias-sobre-trabajo-infantil\/\" rel=\"bookmark\"><img decoding=\"async\" class=\"alignleft\" title=\"C\u00edrculos Rotos: Historias sobre trabajo infantil\" src=\"http:\/\/www.eloriente.net\/home\/wp-content\/themes\/city-desk\/timthumb.php?src=http%3A%2F%2Fwww.eloriente.net%2Fhome%2Fwp-content%2Fuploads%2F2013%2F04%2FTrabajo-infantil.png&amp;q=90&amp;w=160&amp;h=106&amp;zc=1\" alt=\"C\u00edrculos Rotos: Historias sobre trabajo infantil\" \/><\/a>eloriente.net 20\/octubre\/2014 \u201cA veces dice uno que olvida, pero no es cierto\u2026 Aunque uno no lo hable, lo lleva uno porque uno lo vivi\u00f3\u201d son las tristes palabras de Irma, quien desde peque\u00f1a estuvo inmersa en trabajo infantil dom\u00e9stico, una forma de trabajo que debe abolirse, pero que es tan com\u00fan en la sociedad que [\u2026]<\/p>\n<p>&nbsp;<\/p>\n<p class=\"postmeta\"><span class=\"meta_date\">octubre 20, 2014<\/span><\/p>\n<\/div>\n<div id=\"post-33324\" class=\"post-33324 post type-post status-publish format-standard has-post-thumbnail hentry category-infografias category-lunesdepolitica category-derechos-humanos category-entradas category-lo-mas-reciente category-oaxaca-estados category-politica-y-gobierno category-principal entry loop-default border_bottom_30\">\n<h2 class=\"entry_title\"><a title=\"Enlace Permanente a Oaxaca y el trabajo infantil\" href=\"http:\/\/www.eloriente.net\/home\/2014\/10\/20\/oaxaca-y-el-trabajo-infantil\/\" rel=\"bookmark\">Oaxaca y el trabajo infantil<\/a><\/h2>\n<p><a href=\"http:\/\/www.eloriente.net\/home\/2014\/10\/20\/oaxaca-y-el-trabajo-infantil\/\" rel=\"bookmark\"><img decoding=\"async\" class=\"alignleft\" title=\"Oaxaca y el trabajo infantil\" src=\"http:\/\/www.eloriente.net\/home\/wp-content\/themes\/city-desk\/timthumb.php?src=http%3A%2F%2Fwww.eloriente.net%2Fhome%2Fwp-content%2Fuploads%2F2014%2F01%2FColumpios.jpg&amp;q=90&amp;w=160&amp;h=106&amp;zc=1\" alt=\"Oaxaca y el trabajo infantil\" \/><\/a>eloriente.net 20\/octubre\/2014 Se estima que actualmente unos 218 millones de ni\u00f1os y ni\u00f1as trabajan en todo el mundo. De ese total, m\u00e1s de 126 millones lo hacen en trabajos peligrosos. El trabajo infantil se refiere a la participaci\u00f3n de ni\u00f1os en formas de trabajo prohibidas y, a nivel m\u00e1s general, en tipos de trabajo que [\u2026]<\/p>\n<p class=\"postmeta\"><span class=\"meta_date\">octubre 20, 2014<\/span><\/p>\n<\/div>\n<div id=\"post-33311\" class=\"post-33311 post type-post status-publish format-standard has-post-thumbnail hentry category-lunesdepolitica category-educacion-y-cultura category-entradas category-secciones-oriente category-lo-mas-reciente category-mexico-y-el-mundo category-politica-y-gobierno tag-inegi tag-mti tag-stps tag-trabajo-infantil entry loop-default border_bottom_30\">\n<h2 class=\"entry_title\"><a title=\"Enlace Permanente a Los n\u00fameros del trabajo infantil en M\u00e9xico\" href=\"http:\/\/www.eloriente.net\/home\/2014\/10\/20\/los-numeros-del-trabajo-infantil-en-mexico\/\" rel=\"bookmark\">Los n\u00fameros del trabajo infantil en M\u00e9xico<\/a><\/h2>\n<p><a href=\"http:\/\/www.eloriente.net\/home\/2014\/10\/20\/los-numeros-del-trabajo-infantil-en-mexico\/\" rel=\"bookmark\"><img decoding=\"async\" class=\"alignleft\" title=\"Los n\u00fameros del trabajo infantil en M\u00e9xico\" src=\"http:\/\/www.eloriente.net\/home\/wp-content\/themes\/city-desk\/timthumb.php?src=http%3A%2F%2Fwww.eloriente.net%2Fhome%2Fwp-content%2Fuploads%2F2014%2F10%2FTrabajo-Infantil-Geraint-Rowland.jpg&amp;q=90&amp;w=160&amp;h=106&amp;zc=1\" alt=\"Los n\u00fameros del trabajo infantil en M\u00e9xico\" \/><\/a>eloriente.net 20\/octubre\/2014 Cada dos a\u00f1os, el Instituto Nacional de Estad\u00edstica y Geograf\u00eda (INEGI) y la Secretar\u00eda del Trabajo y Previsi\u00f3n Social (STPS) presentan el M\u00f3dulo de Trabajo Infantil (MTI), un compendio de informaci\u00f3n estad\u00edstica sobre los ni\u00f1os, las ni\u00f1as y los adolescentes de 5 a 17 a\u00f1os que realizan actividades econ\u00f3micas, dom\u00e9sticas y escolares. Los [\u2026]<\/p>\n<p class=\"postmeta\"><span class=\"meta_date\">octubre 20, 2014<\/span><\/p>\n<\/div>\n<p>&nbsp;<\/p>\n\n\t\t\t  <div \n\t\t\t  \tclass = \"fb-comments\" \n\t\t\t  \tdata-href = \"http:\/\/www.eloriente.net\/home\/2015\/06\/12\/materiales-para-descargar-campana-no-al-trabajo-infantil-si-a-la-educacion-de-calidad\/\"\n\t\t\t  \tdata-numposts = \"10\"\n\t\t\t\tdata-colorscheme = \"dark\"\n\t\t\t\tdata-order-by = \"social\"\n\t\t\t\tdata-mobile=true>\n\t\t\t  <\/div>\n\t\t  <style>\n\t\t\t.fb_iframe_widget_fluid_desktop iframe {\n\t\t\t    width: 100% !important;\n\t\t\t}\n\t\t  <\/style>\n\t\t  ","protected":false},"excerpt":{"rendered":"<p>&nbsp; &nbsp; eloriente.net\/OIT 12 de junio de 2015 Este 2015, las instancias internacionales vinculadas con la causa de erradicar el Trabajo Infantil determinaron enfatizar el mensaje: No al Trabajo Infantil, S\u00ed a la Educaci\u00f3n de Calidad. En ELORIENTE.NET puedes ya verificar argumentos y datos en relaci\u00f3n a esta relaci\u00f3n Educaci\u00f3n y Trabajo Infantil dando click [&hellip;]<\/p>\n","protected":false},"author":1,"featured_media":37604,"comment_status":"open","ping_status":"open","sticky":false,"template":"","format":"standard","meta":{"_jetpack_memberships_contains_paid_content":false,"footnotes":""},"categories":[22,49,32,35,10,19],"tags":[184,3718,2788],"class_list":["post-37603","post","type-post","status-publish","format-standard","has-post-thumbnail","hentry","category-derechos-humanos","category-destacadas","category-entradas","category-secciones-oriente","category-lo-mas-reciente","category-turismo-y-negocios","tag-educacion","tag-oaxaca-trabajo","tag-trabajo-infantil"],"jetpack_featured_media_url":"http:\/\/www.eloriente.net\/home\/wp-content\/uploads\/2015\/06\/Materiales-descargables-trabajo-infantil-12jun15.png","jetpack_sharing_enabled":true,"_links":{"self":[{"href":"http:\/\/www.eloriente.net\/home\/wp-json\/wp\/v2\/posts\/37603"}],"collection":[{"href":"http:\/\/www.eloriente.net\/home\/wp-json\/wp\/v2\/posts"}],"about":[{"href":"http:\/\/www.eloriente.net\/home\/wp-json\/wp\/v2\/types\/post"}],"author":[{"embeddable":true,"href":"http:\/\/www.eloriente.net\/home\/wp-json\/wp\/v2\/users\/1"}],"replies":[{"embeddable":true,"href":"http:\/\/www.eloriente.net\/home\/wp-json\/wp\/v2\/comments?post=37603"}],"version-history":[{"count":1,"href":"http:\/\/www.eloriente.net\/home\/wp-json\/wp\/v2\/posts\/37603\/revisions"}],"predecessor-version":[{"id":37605,"href":"http:\/\/www.eloriente.net\/home\/wp-json\/wp\/v2\/posts\/37603\/revisions\/37605"}],"wp:featuredmedia":[{"embeddable":true,"href":"http:\/\/www.eloriente.net\/home\/wp-json\/wp\/v2\/media\/37604"}],"wp:attachment":[{"href":"http:\/\/www.eloriente.net\/home\/wp-json\/wp\/v2\/media?parent=37603"}],"wp:term":[{"taxonomy":"category","embeddable":true,"href":"http:\/\/www.eloriente.net\/home\/wp-json\/wp\/v2\/categories?post=37603"},{"taxonomy":"post_tag","embeddable":true,"href":"http:\/\/www.eloriente.net\/home\/wp-json\/wp\/v2\/tags?post=37603"}],"curies":[{"name":"wp","href":"https:\/\/api.w.org\/{rel}","templated":true}]}}