{"id":37648,"date":"2015-06-15T12:35:32","date_gmt":"2015-06-15T18:35:32","guid":{"rendered":"http:\/\/www.eloriente.net\/home\/?p=37648"},"modified":"2015-06-15T12:35:32","modified_gmt":"2015-06-15T18:35:32","slug":"elecciones-2015-primera-lectura-por-victor-leonel-juan","status":"publish","type":"post","link":"http:\/\/www.eloriente.net\/home\/2015\/06\/15\/elecciones-2015-primera-lectura-por-victor-leonel-juan\/","title":{"rendered":"Elecciones 2015: Primera Lectura, por V\u00edctor Leonel Juan"},"content":{"rendered":"<p><script async src=\"\/\/pagead2.googlesyndication.com\/pagead\/js\/adsbygoogle.js\"><\/script><br \/>\n<!-- BANNER ELORIENTE INCRUSTADO NOTAS --><br \/>\n<ins class=\"adsbygoogle\"\n     style=\"display:inline-block;width:300px;height:250px\"\n     data-ad-client=\"ca-pub-1136171134853753\"\n     data-ad-slot=\"7974633627\"><\/ins><br \/>\n<script>\n(adsbygoogle = window.adsbygoogle || []).push({});\n<\/script><\/p>\n<p>&nbsp;<\/p>\n<p>&nbsp;<\/p>\n<p>&nbsp;<\/p>\n<p>&nbsp;<\/p>\n<p>eloriente.net<\/p>\n<p>15 de junio de 2015<\/p>\n<p style=\"text-align: right;\">Por: V\u00edctor Leonel Juan Mart\u00ednez (<a href=\"https:\/\/twitter.com\/VictorLeonlJuan\" target=\"_blank\">@VictorLeonlJuan<\/a>)<\/p>\n<p>La jornada electoral del 7 de junio, deja un conjunto de temas que analizar. Hacemos aqu\u00ed un primer punteo de los m\u00e1s relevantes.<\/p>\n<p><strong>Violencia<\/strong>: Al menos 21 personas directamente vinculadas con el proceso electoral (bien como candidatos o del equipo de \u00e9stos) fueron asesinadas. Pero la cifra palidece al considerar a otras muertes por motivos pol\u00edticos en el \u00faltimo a\u00f1o. Los 43 de la Normal de Ayotzinapa son los m\u00e1s evidentes, pero no los \u00fanicos.<\/p>\n<p>Y en la jornada electoral los sindicalistas oaxaque\u00f1os agrupados en la secci\u00f3n 22 del magisterio, protagonizaron vergonzosos actos de violencia callejera para impedir que otros ciudadanos pudiesen votar. Algo falla en nuestra cultura pol\u00edtica al continuar privando \u201csi lo puedes arreglar a balazos, para que lo platicamos\u201d. Es el fracaso de la pol\u00edtica.<\/p>\n<p><strong>Violaci\u00f3n a la ley.<\/strong> El Partido Verde alcanz\u00f3 un siete por ciento de la votaci\u00f3n nacional. Para lograrlo viol\u00f3 permanente y sistem\u00e1ticamente la ley. Incluso el d\u00eda de la jornada electoral alquil\u00f3 a personajes de la far\u00e1ndula para que llamaran a votar por ellos en las redes sociales. Acumul\u00f3 multas por millones de pesos; que le ser\u00e1n retribuidas con creces con el n\u00famero de curules alcanzados. Un c\u00edrculo vicioso en que la violaci\u00f3n a la ley se convirti\u00f3 en una inversi\u00f3n m\u00ednima para seguir explotando la franquicia Verde, que lejos est\u00e1 de ser un real partido pol\u00edtico.<\/p>\n<p>&nbsp;<\/p>\n<p><a href=\"http:\/\/www.eloriente.net\/home\/wp-content\/uploads\/2012\/07\/Foto-contando-boletas-1.jpg\"><img loading=\"lazy\" decoding=\"async\" class=\"alignnone size-medium wp-image-418\" src=\"http:\/\/www.eloriente.net\/home\/wp-content\/uploads\/2012\/07\/Foto-contando-boletas-1-300x229.jpg\" alt=\"Foto-contando-boletas-\" width=\"300\" height=\"229\" srcset=\"http:\/\/www.eloriente.net\/home\/wp-content\/uploads\/2012\/07\/Foto-contando-boletas-1-300x229.jpg 300w, http:\/\/www.eloriente.net\/home\/wp-content\/uploads\/2012\/07\/Foto-contando-boletas-1-1024x784.jpg 1024w, http:\/\/www.eloriente.net\/home\/wp-content\/uploads\/2012\/07\/Foto-contando-boletas-1.jpg 1200w\" sizes=\"(max-width: 300px) 100vw, 300px\" \/><\/a>\u00a0Imagen: eloriente.net<\/p>\n<p>&nbsp;<\/p>\n<p><strong>Impunidad.<\/strong> La mayor\u00eda de los asesinatos no han sido resueltos, cosa com\u00fan en M\u00e9xico. Al PVEM incluso algunas multas ejemplares les fueron rebajadas, como disminuir de tres a un d\u00eda la no transmisi\u00f3n de sus promocionales televisivos. La sanci\u00f3n m establecida en la leu televisivos. La sanci rebajadas, como disminuir de tres a un d \u00e1xima establecida en la ley: cancelaci\u00f3n del registro como partido por violaciones reiteradas y sistem\u00e1ticas a la normatividad, fue desestimada con el argumento vacuo de que eso \u201clo decidieran los ciudadanos en las urnas\u201d, siendo que precisamente lo que se hizo fue una estrategia medi\u00e1tica para enga\u00f1ar a la ciudadan\u00eda y, entonces, \u00bfpara qu\u00e9 est\u00e1 la ley si no se aplica? Ni hablar entonces de otros \u00e1mbitos en que la justicia se deniega. Es la impunidad la que prevalece.<\/p>\n<p><strong>Abstencionismo<\/strong>. Regres\u00f3 el abstencionismo. El promedio en elecciones intermedias era del 50 por ciento, ahora disminuy\u00f3 al 48 %, pese a presentarse comicios concurrentes a gubernaturas en nueve estados. En Oaxaca, la participaci\u00f3n efectiva es apenas del 36 por ciento (la lista nominal es de 2 millones 718 mil 762 ciudadanos). El INE maneja un porcentaje del 42 por ciento, dado que resta a los ciudadanos que potencialmente podr\u00edan votar y no lo hicieron porque no se instalaron las casillas. Lo que revela una situaci\u00f3n m\u00e1s grave, pues m\u00e1s de medio mill\u00f3n de oaxaque\u00f1os ni siquiera tuvo la posibilidad de votar.<\/p>\n<p><strong>Corrupci\u00f3n<\/strong>: Si de algo sirvieron las campa\u00f1as, fue para que los pol\u00edticos sacaran a la luz p\u00fablica sus actos de corrupci\u00f3n: las filtraciones de llamadas en que confesaban u ordenaban acciones irregulares; bienes que no declaraban; empresas fantasmas; padres, esposas o hijos inc\u00f3modos fueron parte de la guerra de lodo con que cubrieron parte del proceso. Se repiti\u00f3 por todos los partidos y dej\u00f3 constancia que efectivamente, todo indica que la corrupci\u00f3n es un problema de orden cultural (Pe\u00f1a Nieto dixit) \u2026 de la clase pol\u00edtica y su visi\u00f3n patrimonialista del quehacer p\u00fablico.<\/p>\n<p><strong>Espejismo triunfalista: <\/strong>El PRI se mantuvo como la primera fuerza pol\u00edtica y, junto con sus aliados (PVEM y PANAL) alcanzar\u00e1 la mayor\u00eda simple en la C\u00e1mara de Diputados. Pero el descontento priva en la sociedad mexicana; no se refleja en los n\u00famero en tanto en el resto del espectro partidario tampoco se ven opciones. Sin embargo, se fortaleci\u00f3 a MORENA (que ha manejado un discurso de real oposici\u00f3n); a los candidatos independientes (seis ganaron; cuatro quedaron en segundo lugar muy cerca del primero y cuatro quedaron en tercero con votaci\u00f3n superior a otros partidos). M\u00e1s del 70 por ciento del electorado vot\u00f3 por una opci\u00f3n distinta.<\/p>\n<p>Los partidos de oposici\u00f3n tampoco salen bien librados. Su votaci\u00f3n es m\u00ednima, particularmente si la comparamos con la lista nominal; representan a peque\u00f1os sectores de la poblaci\u00f3n.<\/p>\n<p><strong>Izquierda dividida:<\/strong> \u201cSomos pocos, pero sectarios\u201d, era una frase que ironizaba la permanente divisi\u00f3n de la izquierda en las d\u00e9cadas de 70 y 80. Esfuerzos por un frente com\u00fan se fueron construyendo; el PSUM primero, luego el PMS y finalmente el PRD. Una vez conquistadas posiciones, la izquierda inici\u00f3 su guerra fratricida y perdi\u00f3 sus principios. En este proceso el PRD se consolid\u00f3 como el sector popular del PRI: Silvano Aureoles, gobernador electo de Michoac\u00e1n es mas priista que muchos militantes de ese partido.<\/p>\n<p>Esa impronta marcada por los <em>Chuchos<\/em> \u2013el grupo dominante en el PRD y que tiene su referente en la UCD oaxaque\u00f1a\u2014 se refleja en todo el territorio; en Oaxaca, dos de las cuatro diputaciones ganadas son para priistas de viejo cu\u00f1o: Jos\u00e9 Antonio Estefan Garfias y Eva Cruz de Diego, renunciaron a su militancia tricolor al no ser nominados por ese partido y lograron la candidatura del sol azteca. Los otros candidatos fueron abandonados a su suerte; Francisco Mart\u00ednez Neri (ganador en Oaxaca) y Sergio L\u00f3pez (ganador en Tlaxiaco) reflejan apenas posiciones m\u00e1s genuinas de izquierda. MORENA capitaliz\u00f3 en mucho este descontento, pero agudiz\u00f3 la divisi\u00f3n de la izquierda. Sin embargo, sumados los votos de los partidos de izquierda, superan con mucho al PRI.<\/p>\n<p><strong>Derecha debilitada. <\/strong>Y el PAN se consolida tambi\u00e9n como el sector empresarial del PRI, dado que este \u00faltimo ha derechizado sus pol\u00edticas. Como partido, el blanquiazul sufre su peor derrota en las \u00faltimas dos d\u00e9cadas. En Oaxaca, se sit\u00faa en su porcentaje hist\u00f3rico (10 a 12 por ciento); su crecimiento en la entidad en los \u00faltimos a\u00f1os deriv\u00f3 de su buena negociaci\u00f3n al conformar coaliciones con el PRD donde alcanz\u00f3 posiciones que no correspond\u00edan con su presencia efectiva; ahora se sit\u00faa en su dimensi\u00f3n real.<\/p>\n<p><strong>Esperanza: <\/strong>El hartazgo encontr\u00f3 en la alternancia partidaria, pero particularmente en las candidaturas independientes un resquicio por el cual vencer a las anquilosadas estructuras partidarias: el triunfo de \u201cEl Bronco\u201d en la gubernatura de Nuevo Le\u00f3n, siendo el m\u00e1s conocido no es el \u00fanico. Manuel Clouthier ser\u00e1 diputado federal independiente; Pedro Kumamoto gan\u00f3 el distrito de Zapopan en Jalisco.<\/p>\n<p>En los ayuntamientos C\u00e9sar Vald\u00e9s ser\u00e1, presidente municipal de Garc\u00eda, Nuevo Le\u00f3n; en Comonfort, Guanajuato, gan\u00f3 Alberto M\u00e9ndez; y en Morelia, capital de Michoac\u00e1n, Alfonso Mart\u00ednez. En todos los casos la votaci\u00f3n que alcanzaron super\u00f3 el 40 por ciento y dejaron muy atr\u00e1s a los partidos pol\u00edticos; mas encomiable cuando no tuvieron financiamiento p\u00fablico, ni acceso a radio y televisi\u00f3n. La ruta est\u00e1 abierta y sin embargo, no necesariamente es la mejor para un cambio democr\u00e1tico.<\/p>\n<p>Twitter: @victorleonljuan<\/p>\n<p>Correo: <a href=\"mailto:victorleoneljuan.m@gmail.com\">victorleoneljuan.m@gmail.com<\/a><\/p>\n<p>&nbsp;<\/p>\n<p>OTRAS ENTRADAS:<\/p>\n<div id=\"post-37635\" class=\"post-37635 post type-post status-publish format-standard has-post-thumbnail hentry category-canal-2-en-vivo category-entradas category-lo-mas-reciente category-mexico-y-el-mundo category-politica-y-gobierno category-principal tag-colmex tag-elecciones-mexico tag-ine tag-lorenzo-cordova entry loop-default border_bottom_30\">\n<h2 class=\"entry_title\"><a title=\"Enlace Permanente a 15\/Jun\/15 10:00 Seminario \u2018Las Elecciones del 7 de junio\u2019, desde Colegio de M\u00e9xico\" href=\"http:\/\/www.eloriente.net\/home\/2015\/06\/15\/15jun15-1000-seminario-las-elecciones-del-7-de-junio-desde-colegio-de-mexico\/\" rel=\"bookmark\">15\/Jun\/15 10:00 Seminario \u2018Las Elecciones del 7 de junio\u2019, desde Colegio de M\u00e9xico<\/a><\/h2>\n<p><a href=\"http:\/\/www.eloriente.net\/home\/2015\/06\/15\/15jun15-1000-seminario-las-elecciones-del-7-de-junio-desde-colegio-de-mexico\/\" rel=\"bookmark\"><img decoding=\"async\" class=\"alignleft\" title=\"15\/Jun\/15 10:00 Seminario \u2018Las Elecciones del 7 de junio\u2019, desde Colegio de M\u00e9xico\" src=\"http:\/\/www.eloriente.net\/home\/wp-content\/themes\/city-desk\/timthumb.php?src=http%3A%2F%2Fwww.eloriente.net%2Fhome%2Fwp-content%2Fuploads%2F2015%2F06%2FPrograma-seminario-colmex-unam-15jun15.png&amp;q=90&amp;w=160&amp;h=106&amp;zc=1\" alt=\"15\/Jun\/15 10:00 Seminario \u2018Las Elecciones del 7 de junio\u2019, desde Colegio de M\u00e9xico\" \/><\/a>\u00a0 \u00a0 \u00a0 eloriente.net\/Colegio de M\u00e9xico-UNAM 15 de junio de 2015 A las 10 de la ma\u00f1ana, Lorenzo C\u00f3rdova, Consejero Presidente del Instituto Nacional Electoral (INE), abre el Seminario Conjunto UNAM-Colegio de M\u00e9xico sobre los Los Grandes Problemas de M\u00e9xico. A partir de all\u00ed excelentes mesas. Por eso, eloriente.net te acerca el enlace directo a [\u2026]<\/p>\n<p class=\"postmeta\"><span class=\"meta_date\">junio 15, 2015<\/span><\/p>\n<\/div>\n<div id=\"post-37545\" class=\"post-37545 post type-post status-publish format-standard has-post-thumbnail hentry category-lunesdepolitica category-editorial category-elecciones category-entradas category-politica-y-gobierno category-principal tag-elecciones-2015 tag-elecciones-mexico tag-elecciones-oaxaca tag-ine entry loop-default border_bottom_30\">\n<h2 class=\"entry_title\"><a title=\"Enlace Permanente a Lecturas de Elecciones en Oaxaca 2015\" href=\"http:\/\/www.eloriente.net\/home\/2015\/06\/08\/lecturas-de-elecciones-en-oaxaca-2015\/\" rel=\"bookmark\">Lecturas de Elecciones en Oaxaca 2015<\/a><\/h2>\n<p><a href=\"http:\/\/www.eloriente.net\/home\/2015\/06\/08\/lecturas-de-elecciones-en-oaxaca-2015\/\" rel=\"bookmark\"><img decoding=\"async\" class=\"alignleft\" title=\"Lecturas de Elecciones en Oaxaca 2015\" src=\"http:\/\/www.eloriente.net\/home\/wp-content\/themes\/city-desk\/timthumb.php?src=http%3A%2F%2Fwww.eloriente.net%2Fhome%2Fwp-content%2Fuploads%2F2015%2F06%2FCaptura-de-pantalla-2015-06-08-a-las-12.44.13-PREP.png&amp;q=90&amp;w=160&amp;h=106&amp;zc=1\" alt=\"Lecturas de Elecciones en Oaxaca 2015\" \/><\/a>\u00a0 \u00a0 \u00a0 eloriente.net 8 de junio de 2015 Editorial Los Resultados son agridulces Los ganadores o perdedores son lo de menos. En t\u00e9rminos democr\u00e1ticos, lo importante es que los ciudadanos tengamos la certeza de que los resultados reflejan su voluntad y son recogidos, contados y registrados con normalidad social e institucional. En Oaxaca, ambos [\u2026]<\/p>\n<p class=\"postmeta\"><span class=\"meta_date\">junio 8, 2015<\/span><\/p>\n<\/div>\n\n\t\t\t  <div \n\t\t\t  \tclass = \"fb-comments\" \n\t\t\t  \tdata-href = \"http:\/\/www.eloriente.net\/home\/2015\/06\/15\/elecciones-2015-primera-lectura-por-victor-leonel-juan\/\"\n\t\t\t  \tdata-numposts = \"10\"\n\t\t\t\tdata-colorscheme = \"dark\"\n\t\t\t\tdata-order-by = \"social\"\n\t\t\t\tdata-mobile=true>\n\t\t\t  <\/div>\n\t\t  <style>\n\t\t\t.fb_iframe_widget_fluid_desktop iframe {\n\t\t\t    width: 100% !important;\n\t\t\t}\n\t\t  <\/style>\n\t\t  ","protected":false},"excerpt":{"rendered":"<p>&nbsp; &nbsp; &nbsp; &nbsp; eloriente.net 15 de junio de 2015 Por: V\u00edctor Leonel Juan Mart\u00ednez (@VictorLeonlJuan) La jornada electoral del 7 de junio, deja un conjunto de temas que analizar. Hacemos aqu\u00ed un primer punteo de los m\u00e1s relevantes. Violencia: Al menos 21 personas directamente vinculadas con el proceso electoral (bien como candidatos o del [&hellip;]<\/p>\n","protected":false},"author":1,"featured_media":418,"comment_status":"open","ping_status":"open","sticky":false,"template":"","format":"standard","meta":{"_jetpack_memberships_contains_paid_content":false,"footnotes":""},"categories":[2434,624,29,22,32,63,24,464,21,3443],"tags":[3225,1330],"class_list":["post-37648","post","type-post","status-publish","format-standard","has-post-thumbnail","hentry","category-lunesdepolitica","category-articulistas","category-capital","category-derechos-humanos","category-entradas","category-estados","category-mexico-y-el-mundo","category-oaxaca-estados","category-politica-y-gobierno","category-victor-leonel-juan","tag-elecciones-2015","tag-elecciones-oaxaca"],"jetpack_featured_media_url":"http:\/\/www.eloriente.net\/home\/wp-content\/uploads\/2012\/07\/Foto-contando-boletas-1.jpg","jetpack_sharing_enabled":true,"_links":{"self":[{"href":"http:\/\/www.eloriente.net\/home\/wp-json\/wp\/v2\/posts\/37648"}],"collection":[{"href":"http:\/\/www.eloriente.net\/home\/wp-json\/wp\/v2\/posts"}],"about":[{"href":"http:\/\/www.eloriente.net\/home\/wp-json\/wp\/v2\/types\/post"}],"author":[{"embeddable":true,"href":"http:\/\/www.eloriente.net\/home\/wp-json\/wp\/v2\/users\/1"}],"replies":[{"embeddable":true,"href":"http:\/\/www.eloriente.net\/home\/wp-json\/wp\/v2\/comments?post=37648"}],"version-history":[{"count":1,"href":"http:\/\/www.eloriente.net\/home\/wp-json\/wp\/v2\/posts\/37648\/revisions"}],"predecessor-version":[{"id":37649,"href":"http:\/\/www.eloriente.net\/home\/wp-json\/wp\/v2\/posts\/37648\/revisions\/37649"}],"wp:featuredmedia":[{"embeddable":true,"href":"http:\/\/www.eloriente.net\/home\/wp-json\/wp\/v2\/media\/418"}],"wp:attachment":[{"href":"http:\/\/www.eloriente.net\/home\/wp-json\/wp\/v2\/media?parent=37648"}],"wp:term":[{"taxonomy":"category","embeddable":true,"href":"http:\/\/www.eloriente.net\/home\/wp-json\/wp\/v2\/categories?post=37648"},{"taxonomy":"post_tag","embeddable":true,"href":"http:\/\/www.eloriente.net\/home\/wp-json\/wp\/v2\/tags?post=37648"}],"curies":[{"name":"wp","href":"https:\/\/api.w.org\/{rel}","templated":true}]}}