{"id":37679,"date":"2015-05-28T21:55:57","date_gmt":"2015-05-29T03:55:57","guid":{"rendered":"http:\/\/www.eloriente.net\/home\/?p=37679"},"modified":"2015-06-17T08:57:28","modified_gmt":"2015-06-17T14:57:28","slug":"distinguen-a-universidad-de-oaxaca-como-institucion-comprometida-con-la-lectura","status":"publish","type":"post","link":"http:\/\/www.eloriente.net\/home\/2015\/05\/28\/distinguen-a-universidad-de-oaxaca-como-institucion-comprometida-con-la-lectura\/","title":{"rendered":"Distinguen a Universidad de Oaxaca como instituci\u00f3n comprometida con la lectura"},"content":{"rendered":"<p><script async src=\"\/\/pagead2.googlesyndication.com\/pagead\/js\/adsbygoogle.js\"><\/script><br \/>\n<!-- BANNER ELORIENTE INCRUSTADO NOTAS --><br \/>\n<ins class=\"adsbygoogle\"\n     style=\"display:inline-block;width:300px;height:250px\"\n     data-ad-client=\"ca-pub-1136171134853753\"\n     data-ad-slot=\"7974633627\"><\/ins><br \/>\n<script>\n(adsbygoogle = window.adsbygoogle || []).push({});\n<\/script><br \/>\n&nbsp;<\/p>\n<p>&nbsp;<\/p>\n<p>&nbsp;<\/p>\n<p>&nbsp;<\/p>\n<p>eloriente.net\/UABJO<\/p>\n<p>28 de mayo de 2015<\/p>\n<p>La Universidad Aut\u00f3noma \u201cBenito Ju\u00e1rez\u201d de Oaxaca recibi\u00f3 el Distintivo como instituci\u00f3n comprometida con la lectura, por parte de los Representantes del Fondo Ventura.<\/p>\n<p>Durante la celebraci\u00f3n, la presidenta del Fondo Ventura, Vania Res\u00e9ndiz Cerna y Guillermo Quijas Corzo, director de Editorial Almad\u00eda; entregaron dicho reconocimiento al Licenciado Erick G\u00f3mez Gonz\u00e1lez en representaci\u00f3n del rector de la M\u00e1xima Casa de Estudios en el estado, Licenciado Eduardo Mart\u00ednez Helmes.<\/p>\n<p>As\u00ed, durante una velada celebrada en un conocido restaurante del centro de la ciudad, se rindi\u00f3 homenaje a todas las organizaciones que apuestan por la cultura, el fomento a la lectura y por el empe\u00f1o demostrado en marcar la diferencia en los ni\u00f1os y j\u00f3venes.<\/p>\n<p>El distintivo denominado <em>Empresa e Instituci\u00f3n Comprometida con la Lectura, <\/em>es un reconocimiento otorgado anualmente por el Fondo Ventura Asociaci\u00f3n Civil, a las empresas y organismos que apoyan la realizaci\u00f3n de proyectos culturales, musicales, deportivos y de fomento a la lectura, el cual fue entregado por primera vez en 2013.<\/p>\n<p>De modo que la UABJO fue galardonada por formar parte del grupo de organizaciones que contribuyen de manera comprometida y han posibilitado acercar a los j\u00f3venes y ni\u00f1os a las actividades culturales y literarias que lleva a cabo la Fundaci\u00f3n.<\/p>\n<p>En ese sentido, G\u00f3mez Ram\u00edrez indic\u00f3 que la UABJO considera que la formaci\u00f3n de lectores coadyuva a la educaci\u00f3n de la poblaci\u00f3n, a su acercamiento a las expresiones de la cultura y al desarrollo de una conciencia cr\u00edtica,\u00a0adem\u00e1s de vincular la instrucci\u00f3n formal con el fomento de la lectura.<\/p>\n<p>Durante el programa, el escritor Jorge Fern\u00e1ndez, mencion\u00f3 que \u201cEl mundo es totalmente diferente cuando alguien tiene un libro a la mano, un libro en la lengua, un libro en la cabeza. El amor est\u00e1 fincado en lo que est\u00e1 escrito, las creencias religiosas de este mundo est\u00e1n fincadas en lo que est\u00e1 escrito\u201d.<\/p>\n<p>En su oportunidad Res\u00e9ndiz Cerna, agradeci\u00f3 a los empresarios su apoyo para fomentar principios y valores que favorecen nuevas formas de pensar y actuar, tanto de las organizaciones, como de los individuos.<\/p>\n<p>&nbsp;<\/p>\n\n\t\t\t  <div \n\t\t\t  \tclass = \"fb-comments\" \n\t\t\t  \tdata-href = \"http:\/\/www.eloriente.net\/home\/2015\/05\/28\/distinguen-a-universidad-de-oaxaca-como-institucion-comprometida-con-la-lectura\/\"\n\t\t\t  \tdata-numposts = \"10\"\n\t\t\t\tdata-colorscheme = \"dark\"\n\t\t\t\tdata-order-by = \"social\"\n\t\t\t\tdata-mobile=true>\n\t\t\t  <\/div>\n\t\t  <style>\n\t\t\t.fb_iframe_widget_fluid_desktop iframe {\n\t\t\t    width: 100% !important;\n\t\t\t}\n\t\t  <\/style>\n\t\t  ","protected":false},"excerpt":{"rendered":"<p>&nbsp; &nbsp; &nbsp; &nbsp; eloriente.net\/UABJO 28 de mayo de 2015 La Universidad Aut\u00f3noma \u201cBenito Ju\u00e1rez\u201d de Oaxaca recibi\u00f3 el Distintivo como instituci\u00f3n comprometida con la lectura, por parte de los Representantes del Fondo Ventura. Durante la celebraci\u00f3n, la presidenta del Fondo Ventura, Vania Res\u00e9ndiz Cerna y Guillermo Quijas Corzo, director de Editorial Almad\u00eda; entregaron dicho [&hellip;]<\/p>\n","protected":false},"author":1,"featured_media":0,"comment_status":"open","ping_status":"open","sticky":false,"template":"","format":"standard","meta":{"_jetpack_memberships_contains_paid_content":false,"footnotes":""},"categories":[1],"tags":[],"class_list":["post-37679","post","type-post","status-publish","format-standard","hentry","category-uncategorized"],"jetpack_featured_media_url":"","jetpack_sharing_enabled":true,"_links":{"self":[{"href":"http:\/\/www.eloriente.net\/home\/wp-json\/wp\/v2\/posts\/37679"}],"collection":[{"href":"http:\/\/www.eloriente.net\/home\/wp-json\/wp\/v2\/posts"}],"about":[{"href":"http:\/\/www.eloriente.net\/home\/wp-json\/wp\/v2\/types\/post"}],"author":[{"embeddable":true,"href":"http:\/\/www.eloriente.net\/home\/wp-json\/wp\/v2\/users\/1"}],"replies":[{"embeddable":true,"href":"http:\/\/www.eloriente.net\/home\/wp-json\/wp\/v2\/comments?post=37679"}],"version-history":[{"count":1,"href":"http:\/\/www.eloriente.net\/home\/wp-json\/wp\/v2\/posts\/37679\/revisions"}],"predecessor-version":[{"id":37680,"href":"http:\/\/www.eloriente.net\/home\/wp-json\/wp\/v2\/posts\/37679\/revisions\/37680"}],"wp:attachment":[{"href":"http:\/\/www.eloriente.net\/home\/wp-json\/wp\/v2\/media?parent=37679"}],"wp:term":[{"taxonomy":"category","embeddable":true,"href":"http:\/\/www.eloriente.net\/home\/wp-json\/wp\/v2\/categories?post=37679"},{"taxonomy":"post_tag","embeddable":true,"href":"http:\/\/www.eloriente.net\/home\/wp-json\/wp\/v2\/tags?post=37679"}],"curies":[{"name":"wp","href":"https:\/\/api.w.org\/{rel}","templated":true}]}}