{"id":37693,"date":"2015-06-17T15:41:05","date_gmt":"2015-06-17T21:41:05","guid":{"rendered":"http:\/\/www.eloriente.net\/home\/?p=37693"},"modified":"2015-06-17T15:41:28","modified_gmt":"2015-06-17T21:41:28","slug":"18-19jun15-expo-de-proyectos-innovadores-en-oaxaca-lo-que-tanto-esperamos","status":"publish","type":"post","link":"http:\/\/www.eloriente.net\/home\/2015\/06\/17\/18-19jun15-expo-de-proyectos-innovadores-en-oaxaca-lo-que-tanto-esperamos\/","title":{"rendered":"18-19\/Jun\/15 Expo de proyectos innovadores en Oaxaca; lo que tanto esperamos"},"content":{"rendered":"<p><script src=\"\/\/pagead2.googlesyndication.com\/pagead\/js\/adsbygoogle.js\" async=\"\"><\/script><!-- BANNER ELORIENTE INCRUSTADO NOTAS --> <ins class=\"adsbygoogle\" style=\"display: inline-block; width: 300px; height: 250px;\" data-ad-client=\"ca-pub-1136171134853753\" data-ad-slot=\"7974633627\"><\/ins><script>\/\/ <![CDATA[\n(adsbygoogle = window.adsbygoogle || []).push({});\n\/\/ ]]><\/script><br \/>\n&nbsp;<\/p>\n<p>&nbsp;<\/p>\n<p>eloriente.net\/HUB Oaxaca<\/p>\n<p>17 de junio de 2015<\/p>\n<p style=\"text-align: right;\">Por: <a href=\"https:\/\/twitter.com\/HubOax\" target=\"_blank\">Impact Hub Oaxaca<\/a><\/p>\n<p>La\u00a0\u201cExpo Innovaci\u00f3n Social- Impact HUB Oaxaca\u00bb en colaboraci\u00f3n con CATAPULTAFest\u201d es este\u00a0jueves 18 y viernes 19\u00a0 de Junio con una gran diversidad de actividades como talleres gratuitos impartidos por el IHub DF, presentaci\u00f3n de proyectos innovadores, tianguis con comida, bebidas y m\u00fasica en vivo.<\/p>\n<p>\u00a1Pasen, vean, participen y disfruten, no olviden que disponemos de un espacio para los ni\u00f1os!<\/p>\n<p style=\"text-align: center;\"><strong>Jueves, 18 de Junio de 2015:\u00a0Descubre el Potencial de la Innovaci\u00f3n Social<\/strong><\/p>\n<p><strong>\u00a1Aprendemos\u00a0 juntos! EL Impact HUB DF te invita a los talleres gratuitos.<\/strong><\/p>\n<p>16:00 hrs.: \u201cPitching de Proyectos\u201d.\u00a0 Presentar y Vender tu Iniciativa en 3 Minutos<br \/>\n17:00 hrs.: \u201cNetworking\u201d. El Arte de Vincularte<\/p>\n<p><strong>Presentaciones de Proyectos Innovadores<\/strong><\/p>\n<p>\u2022 18:00 hrs. INSTITUTO INTERCULTURAL CALM\u00c9CAC \u201cFormando a ni\u00f1os y j\u00f3venes a trav\u00e9s de la m\u00fasica y la cultura\u201d<br \/>\n\u2022 18:10 hrs. ESPACIO EMPRENDEDOR \u201cGenerando negocios con significado\u201d<br \/>\n\u2022 18: 20 hrs. AMARANTO\u00a0 \u201dAlegr\u00eda de la vida\u201d<br \/>\n\u2022 18:30 hrs. VIDAS A.C. \u201cProyectos de desarrollo comunitario en dos localidades de la regi\u00f3n Ca\u00f1ada de Oaxaca\u201d<br \/>\n\u2022 18:40 hrs. CENTRAL DE TALENTOS\u00a0 \u201cAlternativa econ\u00f3mica\u201d<br \/>\n\u2022 18:50 hrs. UNIDAM (Universidad del Adulto Mayor) \u201cAMA Oaxaca, Adultos Mayores Anfitriones de Oaxaca\u201d<br \/>\n\u2022 19:00 hrs. MUNDOSICA \u201cInnovando la tecnolog\u00eda con libertad\u201d<br \/>\n\u2022 19:10 hrs. LIBROS PARA PUEBLOS \u201cDemocratizando la lectura en Oaxaca\u201d<br \/>\n\u2022 19:20 hrs. OAXACA EN UNA CAJA \u201cArtesan\u00edas y tradici\u00f3n de manos orgullosamente Oaxaque\u00f1as\u201d<\/p>\n<p><strong>Viernes, 19 de Junio de 2015:\u00a0Tianguis Hub<\/strong><\/p>\n<p>15:30-20:00 hrs. \u00a0 Venta de comida, bebida, oferta de productos y servicios<br \/>\n16:00- 20:00 hrs.\u00a0 Biblioteca y guarder\u00eda infantil. Colaboraci\u00f3n \u00a0 con Libros \u00a0 \u00a0 \u00a0 \u00a0 \u00a0 \u00a0 \u00a0 \u00a0 \u00a0 \u00a0 \u00a0 \u00a0 \u00a0 \u00a0 \u00a0 \u00a0 \u00a0para Pueblos<br \/>\n16:00 hrs. \u00a0 \u00a0 \u00a0 \u00a0 \u00a0 \u00a0 Teatro \u00a0compa\u00f1\u00eda Arena Artesc\u00e9nica<br \/>\n16:00 hrs \u00a0 \u00a0 \u00a0 \u00a0 \u00a0 \u00a0 \u00a0 M\u00fasica en vivo de Oaxukes<br \/>\n16:30-17:00 hrs. \u00a0 Caf\u00e9 Mundial &#8211; Espacio de Vinculaci\u00f3n &#8211; Impact HUB DF<br \/>\n18:00-18:30 hrs. \u00a0 M\u00fasica en vivo de Instituto Intercultural Calm\u00e9cac<br \/>\n19:00-19:30 hrs. \u00a0 Presentaci\u00f3n finalista: Proyecto Social Innovador<br \/>\n19:30 hrs. \u00a0 \u00a0 \u00a0 \u00a0 \u00a0 \u00a0 \u00a0Entrevista en vivo con MC Boca Floja<br \/>\n20:00 hrs. \u00a0 \u00a0 \u00a0 \u00a0 \u00a0 \u00a0 \u00a0M\u00fasica en vivo, Video Mapping, chelas, baile y mezcal<\/p>\n<p>La entrada es gratuita. \u00a1Les esperamos e impactemos juntos!<\/p>\n<p><a href=\"http:\/\/www.eloriente.net\/home\/wp-content\/uploads\/2015\/06\/Expo-innovaci\u00f3n-HUB-OAXACA-17jun15-.png\"><img loading=\"lazy\" decoding=\"async\" class=\"alignnone size-full wp-image-37694\" src=\"http:\/\/www.eloriente.net\/home\/wp-content\/uploads\/2015\/06\/Expo-innovaci\u00f3n-HUB-OAXACA-17jun15-.png\" alt=\"Expo innovaci\u00f3n HUB OAXACA 17jun15\" width=\"324\" height=\"638\" srcset=\"http:\/\/www.eloriente.net\/home\/wp-content\/uploads\/2015\/06\/Expo-innovaci\u00f3n-HUB-OAXACA-17jun15-.png 324w, http:\/\/www.eloriente.net\/home\/wp-content\/uploads\/2015\/06\/Expo-innovaci\u00f3n-HUB-OAXACA-17jun15--152x300.png 152w\" sizes=\"(max-width: 324px) 100vw, 324px\" \/><\/a><\/p>\n<p><strong>OTRAS ENTRADAS:<\/strong><\/p>\n<div id=\"post-34536\" class=\"post-34536 post type-post status-publish format-standard has-post-thumbnail hentry category-convocatorias category-educacion-y-cultura category-entradas category-lo-mas-reciente tag-clima tag-ecologia tag-proteccion-climatica entry loop-default border_bottom_30\">\n<h2 class=\"entry_title\"><a title=\"Enlace Permanente a Convocatoria: Becas para proyectos sobre protecci\u00f3n clim\u00e1tica en Alemania\" href=\"http:\/\/www.eloriente.net\/home\/2014\/12\/09\/convocatoria-becas-para-proyectos-sobre-proteccion-climatica-en-alemania\/\" rel=\"bookmark\">Convocatoria: Becas para proyectos sobre protecci\u00f3n clim\u00e1tica en Alemania<\/a><\/h2>\n<p><a href=\"http:\/\/www.eloriente.net\/home\/2014\/12\/09\/convocatoria-becas-para-proyectos-sobre-proteccion-climatica-en-alemania\/\" rel=\"bookmark\"><img decoding=\"async\" class=\"alignleft\" title=\"Convocatoria: Becas para proyectos sobre protecci\u00f3n clim\u00e1tica en Alemania\" src=\"http:\/\/www.eloriente.net\/home\/wp-content\/themes\/city-desk\/timthumb.php?src=http%3A%2F%2Fwww.eloriente.net%2Fhome%2Fwp-content%2Fuploads%2F2014%2F12%2FProtecci%C3%B3n-al-Ambiente.jpg&amp;q=90&amp;w=160&amp;h=106&amp;zc=1\" alt=\"Convocatoria: Becas para proyectos sobre protecci\u00f3n clim\u00e1tica en Alemania\" \/><\/a>(www.eloriente.net, M\u00e9xico, 9 de diciembre 2014).- Hortensia Sol\u00eds, cient\u00edfica costarricense, llevar\u00e1 a cabo la investigaci\u00f3n para definir y desarrollar los componentes clave del proceso de MRV. La medici\u00f3n, reporte y verificaci\u00f3n (MRV) de las reducciones de emisiones es una barrera clave para la financiaci\u00f3n de acciones de mitigaci\u00f3n en la agricultura. Costa Rica tendr\u00e1 que [\u2026]<\/p>\n<p class=\"postmeta\"><span class=\"meta_date\">diciembre 9, 2014<\/span><\/p>\n<\/div>\n<div id=\"post-33631\" class=\"post-33631 post type-post status-publish format-standard has-post-thumbnail hentry category-lunesdepolitica category-derechos-humanos category-entradas category-especiales category-estados category-medio-ambiente category-municipios category-oaxaca-estados category-politica-y-gobierno tag-chimalapas tag-energia-eolica tag-mineria tag-proyectos-extractivos entry loop-default border_bottom_30\">\n<h2 class=\"entry_title\"><a title=\"Enlace Permanente a Los Chimalapas dicen NO a proyectos extractivos\" href=\"http:\/\/www.eloriente.net\/home\/2014\/11\/03\/los-chimalapas-dicen-no-a-proyectos-extractivos\/\" rel=\"bookmark\">Los Chimalapas dicen NO a proyectos extractivos<\/a><\/h2>\n<p><a href=\"http:\/\/www.eloriente.net\/home\/2014\/11\/03\/los-chimalapas-dicen-no-a-proyectos-extractivos\/\" rel=\"bookmark\"><img decoding=\"async\" class=\"alignleft\" title=\"Los Chimalapas dicen NO a proyectos extractivos\" src=\"http:\/\/www.eloriente.net\/home\/wp-content\/themes\/city-desk\/timthumb.php?src=http%3A%2F%2Fwww.eloriente.net%2Fhome%2Fwp-content%2Fuploads%2F2012%2F10%2Fcentrales-eo%CC%81licas2.jpg&amp;q=90&amp;w=160&amp;h=106&amp;zc=1\" alt=\"Los Chimalapas dicen NO a proyectos extractivos\" \/><\/a>eloriente.net 3\/noviembre\/2014 La regi\u00f3n oriente del estado de Oaxaca y colindante con Chiapas, conocida como los Chimalapas, posee un ecosistema privilegiado consistente en bosques templados y selvas bajas; es la zona m\u00e1s biodiversa del pa\u00eds lo que ha causado un conflicto entre los territorios agrarios que la integran. Las bondades de esta zona no se [\u2026]<\/p>\n<p class=\"postmeta\"><span class=\"meta_date\">noviembre 3, 2014<\/span><\/p>\n<\/div>\n\n\t\t\t  <div \n\t\t\t  \tclass = \"fb-comments\" \n\t\t\t  \tdata-href = \"http:\/\/www.eloriente.net\/home\/2015\/06\/17\/18-19jun15-expo-de-proyectos-innovadores-en-oaxaca-lo-que-tanto-esperamos\/\"\n\t\t\t  \tdata-numposts = \"10\"\n\t\t\t\tdata-colorscheme = \"dark\"\n\t\t\t\tdata-order-by = \"social\"\n\t\t\t\tdata-mobile=true>\n\t\t\t  <\/div>\n\t\t  <style>\n\t\t\t.fb_iframe_widget_fluid_desktop iframe {\n\t\t\t    width: 100% !important;\n\t\t\t}\n\t\t  <\/style>\n\t\t  ","protected":false},"excerpt":{"rendered":"<p>&nbsp; &nbsp; eloriente.net\/HUB Oaxaca 17 de junio de 2015 Por: Impact Hub Oaxaca La\u00a0\u201cExpo Innovaci\u00f3n Social- Impact HUB Oaxaca\u00bb en colaboraci\u00f3n con CATAPULTAFest\u201d es este\u00a0jueves 18 y viernes 19\u00a0 de Junio con una gran diversidad de actividades como talleres gratuitos impartidos por el IHub DF, presentaci\u00f3n de proyectos innovadores, tianguis con comida, bebidas y m\u00fasica [&hellip;]<\/p>\n","protected":false},"author":22,"featured_media":37694,"comment_status":"open","ping_status":"open","sticky":false,"template":"","format":"standard","meta":{"_jetpack_memberships_contains_paid_content":false,"footnotes":""},"categories":[8,11,1588,26,32,63,82,464],"tags":[1828,73,3733],"class_list":["post-37693","post","type-post","status-publish","format-standard","has-post-thumbnail","hentry","category-agenda","category-colaboradores","category-comunicados-y-boletines","category-convocatorias","category-entradas","category-estados","category-hub-oaxaca","category-oaxaca-estados","tag-hub-oaxaca-2","tag-oaxaca","tag-proyectos-sociales"],"jetpack_featured_media_url":"http:\/\/www.eloriente.net\/home\/wp-content\/uploads\/2015\/06\/Expo-innovaci\u00f3n-HUB-OAXACA-17jun15-.png","jetpack_sharing_enabled":true,"_links":{"self":[{"href":"http:\/\/www.eloriente.net\/home\/wp-json\/wp\/v2\/posts\/37693"}],"collection":[{"href":"http:\/\/www.eloriente.net\/home\/wp-json\/wp\/v2\/posts"}],"about":[{"href":"http:\/\/www.eloriente.net\/home\/wp-json\/wp\/v2\/types\/post"}],"author":[{"embeddable":true,"href":"http:\/\/www.eloriente.net\/home\/wp-json\/wp\/v2\/users\/22"}],"replies":[{"embeddable":true,"href":"http:\/\/www.eloriente.net\/home\/wp-json\/wp\/v2\/comments?post=37693"}],"version-history":[{"count":1,"href":"http:\/\/www.eloriente.net\/home\/wp-json\/wp\/v2\/posts\/37693\/revisions"}],"predecessor-version":[{"id":37695,"href":"http:\/\/www.eloriente.net\/home\/wp-json\/wp\/v2\/posts\/37693\/revisions\/37695"}],"wp:featuredmedia":[{"embeddable":true,"href":"http:\/\/www.eloriente.net\/home\/wp-json\/wp\/v2\/media\/37694"}],"wp:attachment":[{"href":"http:\/\/www.eloriente.net\/home\/wp-json\/wp\/v2\/media?parent=37693"}],"wp:term":[{"taxonomy":"category","embeddable":true,"href":"http:\/\/www.eloriente.net\/home\/wp-json\/wp\/v2\/categories?post=37693"},{"taxonomy":"post_tag","embeddable":true,"href":"http:\/\/www.eloriente.net\/home\/wp-json\/wp\/v2\/tags?post=37693"}],"curies":[{"name":"wp","href":"https:\/\/api.w.org\/{rel}","templated":true}]}}