{"id":37756,"date":"2015-06-24T16:53:15","date_gmt":"2015-06-24T22:53:15","guid":{"rendered":"http:\/\/www.eloriente.net\/home\/?p=37756"},"modified":"2015-06-24T16:53:15","modified_gmt":"2015-06-24T22:53:15","slug":"25jun15-seminario-virtual-la-dura-tarea-de-educarse-en-america-latina-el-desafio-de-la-calidad-y-el-impacto-del-trabajo-infantil-y-adolescente","status":"publish","type":"post","link":"http:\/\/www.eloriente.net\/home\/2015\/06\/24\/25jun15-seminario-virtual-la-dura-tarea-de-educarse-en-america-latina-el-desafio-de-la-calidad-y-el-impacto-del-trabajo-infantil-y-adolescente\/","title":{"rendered":"25\/Jun\/15 Seminario Virtual \u00abLa dura tarea de educarse en Am\u00e9rica Latina: el desaf\u00edo de la calidad y el impacto del trabajo infantil y adolescente\u00bb"},"content":{"rendered":"<p><script src=\"\/\/pagead2.googlesyndication.com\/pagead\/js\/adsbygoogle.js\" async=\"\"><\/script><!-- BANNER ELORIENTE INCRUSTADO NOTAS --> <ins class=\"adsbygoogle\" style=\"display: inline-block; width: 300px; height: 250px;\" data-ad-client=\"ca-pub-1136171134853753\" data-ad-slot=\"7974633627\"><\/ins><script>\/\/ <![CDATA[\n(adsbygoogle = window.adsbygoogle || []).push({});\n\/\/ ]]><\/script><br \/>\n&nbsp;<\/p>\n<p>&nbsp;<\/p>\n<p>&nbsp;<\/p>\n<p>(www.eloriente.net, M\u00e9xico, 25 de junio de 2015).- \u00abExiste evidencia de que un a\u00f1o m\u00e1s de educaci\u00f3n significa 11% m\u00e1s de ingresos laborales en los pa\u00edses en v\u00edas de desarrollo\u00bb, describe la introducci\u00f3n al\u00a0<strong>Seminario Virtual \u00abLa dura tarea de educarse en Am\u00e9rica Latina: el desaf\u00edo de la calidad y el impacto del trabajo infantil y adolescente\u00bb<\/strong>, que podr\u00e1 seguirse desde cualquier lugar del mundo, a trav\u00e9s de internet.<\/p>\n<p>El Seminario es una iniciativa que se inscribe en el marco del D\u00eda Mundial contra el Trabajo Infantil 2015, que tambi\u00e9n hemos impulsado desde ELORIENTE.NET, y que intenta difundir un mensaje espec\u00edfico: \u00a1No al trabajo infantil S\u00cd a una educaci\u00f3n de calidad!<\/p>\n<p>Para M\u00e9xico el horario de inicio es 8:30am. pero es recomendable que, si deseas OBTENER UN CERTIFICADO DE ASISTENCIA AL SEMINARIO, entonces antes debes rellenar el formulario para tales efectos que encuentras dando <a href=\"http:\/\/www.redcontraeltrabajoinfantil.com\/page\/educacion-de-calidad-y-trabajo-infantil-certificados\" target=\"_blank\">CLICK AQU\u00cd<\/a>.<\/p>\n<p>Para ir al Seminario Virtual da click sobre la siguiente imagen:<\/p>\n<p><a href=\"http:\/\/www.redcontraeltrabajoinfantil.com\/page\/educacion-de-calidad-y-trabajo-infantil\" target=\"_blank\"><img loading=\"lazy\" decoding=\"async\" class=\"alignnone  wp-image-37757\" src=\"http:\/\/www.eloriente.net\/home\/wp-content\/uploads\/2015\/06\/Seminario-Trabajo-Infantil.png\" alt=\"Seminario Trabajo Infantil\" width=\"361\" height=\"509\" srcset=\"http:\/\/www.eloriente.net\/home\/wp-content\/uploads\/2015\/06\/Seminario-Trabajo-Infantil.png 597w, http:\/\/www.eloriente.net\/home\/wp-content\/uploads\/2015\/06\/Seminario-Trabajo-Infantil-212x300.png 212w\" sizes=\"(max-width: 361px) 100vw, 361px\" \/><\/a><\/p>\n<p>&nbsp;<\/p>\n<p>Un cumplido agradecimiento a la RED Latinoamericana contra el Trabajo Infantil\u00a0cuya misi\u00f3n es establecer un espacio vivo de movilizaci\u00f3n, debate, reflexi\u00f3n y sobre todo construcci\u00f3n participativa de propuestas entre los propios actores de la regi\u00f3n que contribuyan a prevenir y eliminar el trabajo infantil, las facilidades otorgadas para la actividad.<\/p>\n<p>&nbsp;<\/p>\n<p><strong>OTRAS ENTRADAS:<\/strong><\/p>\n<div id=\"post-33330\" class=\"post-33330 post type-post status-publish format-standard has-post-thumbnail hentry category-lunesdepolitica category-agenda category-derechos-humanos category-entradas category-especiales category-mexico-y-el-mundo category-oaxaca-estados category-politica-y-gobierno tag-circulos-rotos tag-oit tag-trabajo-infantil entry loop-default border_bottom_30\">\n<h2 class=\"entry_title\"><a title=\"Enlace Permanente a C\u00edrculos Rotos: Historias sobre trabajo infantil\" href=\"http:\/\/www.eloriente.net\/home\/2014\/10\/20\/circulos-rotos-historias-sobre-trabajo-infantil\/\" rel=\"bookmark\">C\u00edrculos Rotos: Historias sobre trabajo infantil<\/a><\/h2>\n<p><a href=\"http:\/\/www.eloriente.net\/home\/2014\/10\/20\/circulos-rotos-historias-sobre-trabajo-infantil\/\" rel=\"bookmark\"><img decoding=\"async\" class=\"alignleft\" title=\"C\u00edrculos Rotos: Historias sobre trabajo infantil\" src=\"http:\/\/www.eloriente.net\/home\/wp-content\/themes\/city-desk\/timthumb.php?src=http%3A%2F%2Fwww.eloriente.net%2Fhome%2Fwp-content%2Fuploads%2F2013%2F04%2FTrabajo-infantil.png&amp;q=90&amp;w=160&amp;h=106&amp;zc=1\" alt=\"C\u00edrculos Rotos: Historias sobre trabajo infantil\" \/><\/a>eloriente.net 20\/octubre\/2014 \u201cA veces dice uno que olvida, pero no es cierto\u2026 Aunque uno no lo hable, lo lleva uno porque uno lo vivi\u00f3\u201d son las tristes palabras de Irma, quien desde peque\u00f1a estuvo inmersa en trabajo infantil dom\u00e9stico, una forma de trabajo que debe abolirse, pero que es tan com\u00fan en la sociedad que [\u2026]<\/p>\n<p class=\"postmeta\"><span class=\"meta_date\">octubre 20, 2014<\/span><\/p>\n<\/div>\n<div id=\"post-33324\" class=\"post-33324 post type-post status-publish format-standard has-post-thumbnail hentry category-infografias category-lunesdepolitica category-derechos-humanos category-entradas category-lo-mas-reciente category-oaxaca-estados category-politica-y-gobierno category-principal entry loop-default border_bottom_30\">\n<h2 class=\"entry_title\"><a title=\"Enlace Permanente a Oaxaca y el trabajo infantil\" href=\"http:\/\/www.eloriente.net\/home\/2014\/10\/20\/oaxaca-y-el-trabajo-infantil\/\" rel=\"bookmark\">Oaxaca y el trabajo infantil<\/a><\/h2>\n<p><a href=\"http:\/\/www.eloriente.net\/home\/2014\/10\/20\/oaxaca-y-el-trabajo-infantil\/\" rel=\"bookmark\"><img decoding=\"async\" class=\"alignleft\" title=\"Oaxaca y el trabajo infantil\" src=\"http:\/\/www.eloriente.net\/home\/wp-content\/themes\/city-desk\/timthumb.php?src=http%3A%2F%2Fwww.eloriente.net%2Fhome%2Fwp-content%2Fuploads%2F2014%2F01%2FColumpios.jpg&amp;q=90&amp;w=160&amp;h=106&amp;zc=1\" alt=\"Oaxaca y el trabajo infantil\" \/><\/a>eloriente.net 20\/octubre\/2014 Se estima que actualmente unos 218 millones de ni\u00f1os y ni\u00f1as trabajan en todo el mundo. De ese total, m\u00e1s de 126 millones lo hacen en trabajos peligrosos. El trabajo infantil se refiere a la participaci\u00f3n de ni\u00f1os en formas de trabajo prohibidas y, a nivel m\u00e1s general, en tipos de trabajo que [\u2026]<\/p>\n<p class=\"postmeta\"><span class=\"meta_date\">octubre 20, 2014<\/span><\/p>\n<\/div>\n\n\t\t\t  <div \n\t\t\t  \tclass = \"fb-comments\" \n\t\t\t  \tdata-href = \"http:\/\/www.eloriente.net\/home\/2015\/06\/24\/25jun15-seminario-virtual-la-dura-tarea-de-educarse-en-america-latina-el-desafio-de-la-calidad-y-el-impacto-del-trabajo-infantil-y-adolescente\/\"\n\t\t\t  \tdata-numposts = \"10\"\n\t\t\t\tdata-colorscheme = \"dark\"\n\t\t\t\tdata-order-by = \"social\"\n\t\t\t\tdata-mobile=true>\n\t\t\t  <\/div>\n\t\t  <style>\n\t\t\t.fb_iframe_widget_fluid_desktop iframe {\n\t\t\t    width: 100% !important;\n\t\t\t}\n\t\t  <\/style>\n\t\t  ","protected":false},"excerpt":{"rendered":"<p>&nbsp; &nbsp; &nbsp; (www.eloriente.net, M\u00e9xico, 25 de junio de 2015).- \u00abExiste evidencia de que un a\u00f1o m\u00e1s de educaci\u00f3n significa 11% m\u00e1s de ingresos laborales en los pa\u00edses en v\u00edas de desarrollo\u00bb, describe la introducci\u00f3n al\u00a0Seminario Virtual \u00abLa dura tarea de educarse en Am\u00e9rica Latina: el desaf\u00edo de la calidad y el impacto del trabajo [&hellip;]<\/p>\n","protected":false},"author":1,"featured_media":11404,"comment_status":"open","ping_status":"open","sticky":false,"template":"","format":"standard","meta":{"_jetpack_memberships_contains_paid_content":false,"footnotes":""},"categories":[2435,3,22,32,10,24,19],"tags":[73,214,2788],"class_list":["post-37756","post","type-post","status-publish","format-standard","has-post-thumbnail","hentry","category-miercolesdeeconomia","category-canal-1-tu-aula","category-derechos-humanos","category-entradas","category-lo-mas-reciente","category-mexico-y-el-mundo","category-turismo-y-negocios","tag-oaxaca","tag-oit","tag-trabajo-infantil"],"jetpack_featured_media_url":"http:\/\/www.eloriente.net\/home\/wp-content\/uploads\/2013\/04\/Trabajo-infantil.png","jetpack_sharing_enabled":true,"_links":{"self":[{"href":"http:\/\/www.eloriente.net\/home\/wp-json\/wp\/v2\/posts\/37756"}],"collection":[{"href":"http:\/\/www.eloriente.net\/home\/wp-json\/wp\/v2\/posts"}],"about":[{"href":"http:\/\/www.eloriente.net\/home\/wp-json\/wp\/v2\/types\/post"}],"author":[{"embeddable":true,"href":"http:\/\/www.eloriente.net\/home\/wp-json\/wp\/v2\/users\/1"}],"replies":[{"embeddable":true,"href":"http:\/\/www.eloriente.net\/home\/wp-json\/wp\/v2\/comments?post=37756"}],"version-history":[{"count":1,"href":"http:\/\/www.eloriente.net\/home\/wp-json\/wp\/v2\/posts\/37756\/revisions"}],"predecessor-version":[{"id":37758,"href":"http:\/\/www.eloriente.net\/home\/wp-json\/wp\/v2\/posts\/37756\/revisions\/37758"}],"wp:featuredmedia":[{"embeddable":true,"href":"http:\/\/www.eloriente.net\/home\/wp-json\/wp\/v2\/media\/11404"}],"wp:attachment":[{"href":"http:\/\/www.eloriente.net\/home\/wp-json\/wp\/v2\/media?parent=37756"}],"wp:term":[{"taxonomy":"category","embeddable":true,"href":"http:\/\/www.eloriente.net\/home\/wp-json\/wp\/v2\/categories?post=37756"},{"taxonomy":"post_tag","embeddable":true,"href":"http:\/\/www.eloriente.net\/home\/wp-json\/wp\/v2\/tags?post=37756"}],"curies":[{"name":"wp","href":"https:\/\/api.w.org\/{rel}","templated":true}]}}