{"id":37798,"date":"2015-06-29T17:35:09","date_gmt":"2015-06-29T23:35:09","guid":{"rendered":"http:\/\/www.eloriente.net\/home\/?p=37798"},"modified":"2015-06-29T17:35:09","modified_gmt":"2015-06-29T23:35:09","slug":"se-confirma-para-martes-30-debate-en-congreso-de-oaxaca-para-reformar-constitucion","status":"publish","type":"post","link":"http:\/\/www.eloriente.net\/home\/2015\/06\/29\/se-confirma-para-martes-30-debate-en-congreso-de-oaxaca-para-reformar-constitucion\/","title":{"rendered":"Se confirma para Martes 30 debate en Congreso de Oaxaca para reformar Constituci\u00f3n"},"content":{"rendered":"<p><script src=\"\/\/pagead2.googlesyndication.com\/pagead\/js\/adsbygoogle.js\" async=\"\"><\/script><!-- BANNER ELORIENTE INCRUSTADO NOTAS --> <ins class=\"adsbygoogle\" style=\"display: inline-block; width: 300px; height: 250px;\" data-ad-client=\"ca-pub-1136171134853753\" data-ad-slot=\"7974633627\"><\/ins><script>\/\/ <![CDATA[\n(adsbygoogle = window.adsbygoogle || []).push({});\n\/\/ ]]><\/script><\/p>\n<p>&nbsp;<\/p>\n<p>&nbsp;<\/p>\n<p>&nbsp;<\/p>\n<p>eloriente.net\/Congreso de Oaxaca<\/p>\n<p>29 de junio de 2015<\/p>\n<p><strong>Raymundo Jalpan, Oaxaca., 29 junio 2015.-<\/strong>En Sesi\u00f3n Extraordinaria, la Diputaci\u00f3n Permanente convoc\u00f3 a las diputadas y \u00a0diputados integrantes de la LXII Legislatura del Congreso de Oaxaca al Primer Periodo Extraordinario de Sesiones correspondiente al Segundo A\u00f1o de Ejercicio Constitucional, que se efectuar\u00e1 el martes 30 de junio del presente a\u00f1o a las 13:00 horas en el Recinto Oficial.<\/p>\n<p>El legislador Adolfo Toledo Infanz\u00f3n enlist\u00f3 los asuntos a tratar en la Pr\u00f3xima Sesi\u00f3n Extraordinaria, la cual estar\u00e1 integrada por el Dictamen de Proyecto de Decreto por el que se reforma, deroga y adiciona, diversas disposiciones de la Constituci\u00f3n Pol\u00edtica del Estado de Oaxaca.<\/p>\n<p>Asimismo, se abordar\u00e1 el Dictamen con Proyecto de Decreto por el cual el Ejecutivo del Estado solicita autorizaci\u00f3n para que\u00a0 a trav\u00e9s de la Secretar\u00eda de Finanzas del Poder Ejecutivo del Estado, gestione y contrate un cr\u00e9dito en moneda nacional hasta por la cantidad de 2 mil 400 millones de pesos<\/p>\n<p>Otro de los puntos a tratar en la Sesi\u00f3n que se realizar\u00e1 este martes, es la Iniciativa con Proyecto de Decreto presentada por el diputado Amando Demetrio Boh\u00f3rquez Reyes, por el que la LXII Legislatura del Estado establece la celebraci\u00f3n de Sesi\u00f3n Solemne el d\u00eda 2 de julio del presente a\u00f1o, con motivo de la Conmemoraci\u00f3n del Centenario del Aniversario Luctuoso del General Porfirio D\u00edaz.<\/p>\n<p><a href=\"http:\/\/www.eloriente.net\/home\/wp-content\/uploads\/2015\/06\/Sesi\u00f3n-de-la-diputacion-permanente-3.jpg\"><img loading=\"lazy\" decoding=\"async\" class=\"alignnone size-medium wp-image-37799\" src=\"http:\/\/www.eloriente.net\/home\/wp-content\/uploads\/2015\/06\/Sesi\u00f3n-de-la-diputacion-permanente-3-300x195.jpg\" alt=\"Sesi\u00f3n de la diputacion permanente 3\" width=\"300\" height=\"195\" srcset=\"http:\/\/www.eloriente.net\/home\/wp-content\/uploads\/2015\/06\/Sesi\u00f3n-de-la-diputacion-permanente-3-300x195.jpg 300w, http:\/\/www.eloriente.net\/home\/wp-content\/uploads\/2015\/06\/Sesi\u00f3n-de-la-diputacion-permanente-3-1024x666.jpg 1024w, http:\/\/www.eloriente.net\/home\/wp-content\/uploads\/2015\/06\/Sesi\u00f3n-de-la-diputacion-permanente-3-900x586.jpg 900w, http:\/\/www.eloriente.net\/home\/wp-content\/uploads\/2015\/06\/Sesi\u00f3n-de-la-diputacion-permanente-3.jpg 2045w\" sizes=\"(max-width: 300px) 100vw, 300px\" \/><\/a><\/p>\n<p>Imagen: Sesi\u00f3n de este lunes 29 de junio\/Congreso de Oaxaca<\/p>\n<p><b>OTRAS ENTRADAS:<\/b><\/p>\n<div id=\"post-36454\" class=\"post-36454 post type-post status-publish format-standard has-post-thumbnail hentry category-derechos-humanos category-entradas category-estados category-lo-mas-reciente category-mexico-y-el-mundo category-oaxaca-estados category-politica-y-gobierno category-principal tag-congreso-de-oaxaca tag-leopoldo-lopez tag-venezuela entry loop-default border_bottom_30\">\n<h2 class=\"entry_title\"><a title=\"Enlace Permanente a Visitan diplom\u00e1ticos de Venezuela, Cuba y Bolivia Congreso de Oaxaca; se esperan posturas cr\u00edticas\" href=\"http:\/\/www.eloriente.net\/home\/2015\/04\/24\/visitan-diplomaticos-de-venezuela-cuba-y-bolivia-congreso-de-oaxaca-se-esperan-posturas-criticas\/\" rel=\"bookmark\">Visitan diplom\u00e1ticos de Venezuela, Cuba y Bolivia Congreso de Oaxaca; se esperan posturas cr\u00edticas<\/a><\/h2>\n<p><a href=\"http:\/\/www.eloriente.net\/home\/2015\/04\/24\/visitan-diplomaticos-de-venezuela-cuba-y-bolivia-congreso-de-oaxaca-se-esperan-posturas-criticas\/\" rel=\"bookmark\"><img decoding=\"async\" class=\"alignleft\" title=\"Visitan diplom\u00e1ticos de Venezuela, Cuba y Bolivia Congreso de Oaxaca; se esperan posturas cr\u00edticas\" src=\"http:\/\/www.eloriente.net\/home\/wp-content\/themes\/city-desk\/timthumb.php?src=http%3A%2F%2Fwww.eloriente.net%2Fhome%2Fwp-content%2Fuploads%2F2014%2F04%2FBandera-Venezuela-Por-ruurmo.jpg&amp;q=90&amp;w=160&amp;h=106&amp;zc=1\" alt=\"Visitan diplom\u00e1ticos de Venezuela, Cuba y Bolivia Congreso de Oaxaca; se esperan posturas cr\u00edticas\" \/><\/a>\u00a0 Actualizaci\u00f3n: 18:14pm. 24 de abril de 2015 El Congreso del Estado de Oaxaca hizo circular la siguiente informaci\u00f3n sobre el encuentro referido: San Raymundo Jalpan, Oax.- 24 febrero 2015.-\u00a0A trav\u00e9s del trabajo conjunto, de la suma de esfuerzos y \u00f3pticas, desde el Congreso oaxaque\u00f1o\u00a0se fortalecer\u00e1n los v\u00ednculos\u00a0con los pueblos hermanos de Venezuela y Cuba [\u2026]<\/p>\n<p class=\"postmeta\"><span class=\"meta_date\">abril 24, 2015<\/span><\/p>\n<\/div>\n<div id=\"post-35962\" class=\"post-35962 post type-post status-publish format-standard has-post-thumbnail hentry category-comunicados-y-boletines category-derechos-humanos category-entradas category-estados category-oaxaca-estados tag-congreso-de-oaxaca tag-violencia tag-violencia-familiar entry loop-default border_bottom_30\">\n<h2 class=\"entry_title\"><a title=\"Enlace Permanente a Congreso reforma C\u00f3digo Civil y de Procedimientos por Violencia Familiar\" href=\"http:\/\/www.eloriente.net\/home\/2015\/03\/31\/congreso-reforma-codigo-civil-y-de-procedimientos-por-violencia-familiar\/\" rel=\"bookmark\">Congreso reforma C\u00f3digo Civil y de Procedimientos por Violencia Familiar<\/a><\/h2>\n<p><a href=\"http:\/\/www.eloriente.net\/home\/2015\/03\/31\/congreso-reforma-codigo-civil-y-de-procedimientos-por-violencia-familiar\/\" rel=\"bookmark\"><img decoding=\"async\" class=\"alignleft\" title=\"Congreso reforma C\u00f3digo Civil y de Procedimientos por Violencia Familiar\" src=\"http:\/\/www.eloriente.net\/home\/wp-content\/themes\/city-desk\/timthumb.php?src=http%3A%2F%2Fwww.eloriente.net%2Fhome%2Fwp-content%2Fuploads%2F2015%2F03%2FDiputada-Juanita-Cruz-%4062legisoax.jpg&amp;q=90&amp;w=160&amp;h=106&amp;zc=1\" alt=\"Congreso reforma C\u00f3digo Civil y de Procedimientos por Violencia Familiar\" \/><\/a>\u00a0 \u00a0 \u00a0 eloriente.net\/Congreso de Oaxaca 31 de marzo de 2015 San Raymundo Jalpan, Oaxaca, 31 de Marzo del 2015.-\u00a0En Sesi\u00f3n Ordinaria, la LXII Legislatura del Congreso del Estado aprob\u00f3 el Dictamen con Proyecto de Decreto emitido por las Comisiones Permanentes Unidas de Igualdad de G\u00e9nero y de Administraci\u00f3n de Justicia derivado de la iniciativa [\u2026]<\/p>\n<p class=\"postmeta\"><span class=\"meta_date\">marzo 31, 2015<\/span><\/p>\n<\/div>\n<p>&nbsp;<\/p>\n\n\t\t\t  <div \n\t\t\t  \tclass = \"fb-comments\" \n\t\t\t  \tdata-href = \"http:\/\/www.eloriente.net\/home\/2015\/06\/29\/se-confirma-para-martes-30-debate-en-congreso-de-oaxaca-para-reformar-constitucion\/\"\n\t\t\t  \tdata-numposts = \"10\"\n\t\t\t\tdata-colorscheme = \"dark\"\n\t\t\t\tdata-order-by = \"social\"\n\t\t\t\tdata-mobile=true>\n\t\t\t  <\/div>\n\t\t  <style>\n\t\t\t.fb_iframe_widget_fluid_desktop iframe {\n\t\t\t    width: 100% !important;\n\t\t\t}\n\t\t  <\/style>\n\t\t  ","protected":false},"excerpt":{"rendered":"<p>&nbsp; &nbsp; &nbsp; eloriente.net\/Congreso de Oaxaca 29 de junio de 2015 Raymundo Jalpan, Oaxaca., 29 junio 2015.-En Sesi\u00f3n Extraordinaria, la Diputaci\u00f3n Permanente convoc\u00f3 a las diputadas y \u00a0diputados integrantes de la LXII Legislatura del Congreso de Oaxaca al Primer Periodo Extraordinario de Sesiones correspondiente al Segundo A\u00f1o de Ejercicio Constitucional, que se efectuar\u00e1 el martes [&hellip;]<\/p>\n","protected":false},"author":1,"featured_media":37799,"comment_status":"open","ping_status":"open","sticky":false,"template":"","format":"standard","meta":{"_jetpack_memberships_contains_paid_content":false,"footnotes":""},"categories":[29,1588,91,32,63,464,21,31],"tags":[1677,3768],"class_list":["post-37798","post","type-post","status-publish","format-standard","has-post-thumbnail","hentry","category-capital","category-comunicados-y-boletines","category-congreso-y-justicia","category-entradas","category-estados","category-oaxaca-estados","category-politica-y-gobierno","category-principal","tag-congreso-de-oaxaca","tag-reformas-constitucion-de-oaxaca"],"jetpack_featured_media_url":"http:\/\/www.eloriente.net\/home\/wp-content\/uploads\/2015\/06\/Sesi\u00f3n-de-la-diputacion-permanente-3.jpg","jetpack_sharing_enabled":true,"_links":{"self":[{"href":"http:\/\/www.eloriente.net\/home\/wp-json\/wp\/v2\/posts\/37798"}],"collection":[{"href":"http:\/\/www.eloriente.net\/home\/wp-json\/wp\/v2\/posts"}],"about":[{"href":"http:\/\/www.eloriente.net\/home\/wp-json\/wp\/v2\/types\/post"}],"author":[{"embeddable":true,"href":"http:\/\/www.eloriente.net\/home\/wp-json\/wp\/v2\/users\/1"}],"replies":[{"embeddable":true,"href":"http:\/\/www.eloriente.net\/home\/wp-json\/wp\/v2\/comments?post=37798"}],"version-history":[{"count":1,"href":"http:\/\/www.eloriente.net\/home\/wp-json\/wp\/v2\/posts\/37798\/revisions"}],"predecessor-version":[{"id":37800,"href":"http:\/\/www.eloriente.net\/home\/wp-json\/wp\/v2\/posts\/37798\/revisions\/37800"}],"wp:featuredmedia":[{"embeddable":true,"href":"http:\/\/www.eloriente.net\/home\/wp-json\/wp\/v2\/media\/37799"}],"wp:attachment":[{"href":"http:\/\/www.eloriente.net\/home\/wp-json\/wp\/v2\/media?parent=37798"}],"wp:term":[{"taxonomy":"category","embeddable":true,"href":"http:\/\/www.eloriente.net\/home\/wp-json\/wp\/v2\/categories?post=37798"},{"taxonomy":"post_tag","embeddable":true,"href":"http:\/\/www.eloriente.net\/home\/wp-json\/wp\/v2\/tags?post=37798"}],"curies":[{"name":"wp","href":"https:\/\/api.w.org\/{rel}","templated":true}]}}