{"id":37801,"date":"2015-06-30T11:35:17","date_gmt":"2015-06-30T17:35:17","guid":{"rendered":"http:\/\/www.eloriente.net\/home\/?p=37801"},"modified":"2015-06-30T11:35:17","modified_gmt":"2015-06-30T17:35:17","slug":"semblanza-de-jose-vasconcelos-por-carlos-spindola-perez-guerrero","status":"publish","type":"post","link":"http:\/\/www.eloriente.net\/home\/2015\/06\/30\/semblanza-de-jose-vasconcelos-por-carlos-spindola-perez-guerrero\/","title":{"rendered":"Semblanza de Jos\u00e9 Vasconcelos, por Carlos Sp\u00edndola P\u00e9rez Guerrero"},"content":{"rendered":"<p><script src=\"\/\/pagead2.googlesyndication.com\/pagead\/js\/adsbygoogle.js\" async=\"\"><\/script><!-- BANNER ELORIENTE INCRUSTADO NOTAS --> <ins class=\"adsbygoogle\" style=\"display: inline-block; width: 300px; height: 250px;\" data-ad-client=\"ca-pub-1136171134853753\" data-ad-slot=\"7974633627\"><\/ins><script>\/\/ <![CDATA[\n(adsbygoogle = window.adsbygoogle || []).push({});\n\/\/ ]]><\/script><br \/>\n&nbsp;<\/p>\n<p>&nbsp;<\/p>\n<p>&nbsp;<\/p>\n<p>(www.eloriente.net, M\u00e9xico, 30 de junio de 2015. Por: Carlos Sp\u00edndola).- Jos\u00e9 Vasconcelos naci\u00f3 un 27 de febrero de 1882, en la Ciudad de Oaxaca. Por motivos del trabajo de su padre tuvo que salir del Estado muy ni\u00f1o y estudiar en diversos puntos del pa\u00eds y la frontera con los Estados Unidos.<\/p>\n<p>Pero fue en la Ciudad de M\u00e9xico donde se dio su eclosi\u00f3n, como \u00e9l mismo llamaba al florecimiento a plenitud de su ser.<\/p>\n<p>\u00bfD\u00f3nde en espec\u00edfico? En la Escuela Nacional Preparatoria, en la Escuela de Leyes y, sobre todo, en el contacto con una generaci\u00f3n asombrosa como fue la del Ateneo de la Juventudo.<\/p>\n<p>Alfonso Reyes, Antonio Caso, Mart\u00edn Luis Guzm\u00e1n, Carlos Gonz\u00e1lez Pe\u00f1a fueron nombres vinculados a este Ateneo de la Juventud, con el patronazgo intelectual de Pedro Henriquez Ure\u00f1a y no sin la complicidad de Justo Sierra. En 1909, entonces, comenz\u00f3 una etapa luminosa para el pensamiento y la acci\u00f3n positiva en nuestro pa\u00eds.<\/p>\n<p>Despu\u00e9s, vino la Revoluci\u00f3n Mexicana y Vasconcelos se adhiere a Madero, personaje con el que estuvo hasta el final y al que siempre, siempre sostuvo lealtad. \u201cNosotros representamos al bien\u201d, le dijo Madero d\u00edas antes de ser asesinado.<\/p>\n<p>Ir\u00f3nicamente, Jos\u00e9 Vasconcelos retom\u00f3 el lema porfirista \u201cSufragio efectivo, no reelecci\u00f3n\u201d y lo hizo masivo, hasta ser la bandera ideol\u00f3gica de la Revoluci\u00f3n Mexicana.<\/p>\n<p>Por su desavenencias, primero con Victoriano Huerta y luego con Venustiano Carranza, Vasconcelos tuvo que exiliarse a los Estados Unidos y el Sur de Am\u00e9rica, respectivamente. Al triunfar el obregonismo fue nombrado Rector de la Universidad Nacional y, luego, primer Secretario de Educaci\u00f3n P\u00fablica.<\/p>\n<p>Inicia, entonces, su etapa constructiva, la etapa m\u00e1s luminosa del M\u00e9xico moderno. La etapa de educar y de su ejemplo de fortaleza, de decisi\u00f3n, de hacer bien y por el bien las cosas.<\/p>\n<p>Sin embargo, esto fue rechazado por mexicanos que s\u00f3lo miran para s\u00ed, y Jos\u00e9 Vasconcelos se vio obligado a renunciar a la SEP y emprender fortuna pol\u00edtica.<\/p>\n<p>Intent\u00f3 ser gobernador de Oaxaca, en 1924, y Presidente de M\u00e9xico, en 1929. En ambos casos fue v\u00edctima de fraudes electorales. Lo que le motiv\u00f3 a, nuevamente, exiliarse y dedicarse a escribir.<\/p>\n<p>Ulises Criollo, La Tormenta, La Sonata M\u00e1gica, Divagaciones Literarias y la Raza C\u00f3smica son todas obras maestras y son escritura sincera, firme, inspiradora.<\/p>\n<p>Despu\u00e9s, sigui\u00f3 construyendo desde instituciones como la Biblioteca Nacional, la Biblioteca de M\u00e9xico, la Academia Mexicana de la Lengua y el Colegio Nacional.<\/p>\n<p>De su ideario, hacemos propias frases como \u201cPor mi raza hablar\u00e1 el esp\u00edritu\u201d, lema de nuestra m\u00e1xima casa de estudios. Pero existen otras de gran val\u00eda extra\u00eddas de la cuidadosa lectura de sus textos, como esta incluida en el Proconsulado, cuarto volumen de sus memorias: \u201cNunca hay que ser convicto de deslealtad con los propios ideales\u201d. O esta otra, de la Raza C\u00f3smica: \u201c\u00a1Sabios de la India! \u00a1Sabios de Grecia! \u00a1Sabios de la Teolog\u00eda! Hay una sola certidumbre en la vida, la certidumbre de las palabras amor, belleza, bondad y alma\u201d.<\/p>\n<p>Este fue Jos\u00e9 Vasconcelos, a quien hoy recordamos y de quien nos inspiramos a 56 a\u00f1os de su partida.<\/p>\n<p><a href=\"http:\/\/www.eloriente.net\/home\/wp-content\/uploads\/2015\/06\/JoseVasconcelosinah-e1435158005580.jpg\"><img loading=\"lazy\" decoding=\"async\" class=\"alignnone size-medium wp-image-37749\" src=\"http:\/\/www.eloriente.net\/home\/wp-content\/uploads\/2015\/06\/JoseVasconcelosinah-e1435158005580-300x204.jpg\" alt=\"JoseVasconcelosinah\" width=\"300\" height=\"204\" srcset=\"http:\/\/www.eloriente.net\/home\/wp-content\/uploads\/2015\/06\/JoseVasconcelosinah-e1435158005580-300x204.jpg 300w, http:\/\/www.eloriente.net\/home\/wp-content\/uploads\/2015\/06\/JoseVasconcelosinah-e1435158005580.jpg 535w\" sizes=\"(max-width: 300px) 100vw, 300px\" \/><\/a><\/p>\n<p>&nbsp;<\/p>\n<p>OTRAS ENTRADAS:<\/p>\n<h2 class=\"entry_title\"><a title=\"Enlace Permanente a El pensamiento latinoamericano: Jos\u00e9 Vasconcelos\" href=\"http:\/\/www.eloriente.net\/home\/2015\/06\/24\/el-pensamiento-latinoamericano-jose-vasconcelos\/\" rel=\"bookmark\">El pensamiento latinoamericano: Jos\u00e9 Vasconcelos<\/a><\/h2>\n<p><a href=\"http:\/\/www.eloriente.net\/home\/2015\/06\/24\/el-pensamiento-latinoamericano-jose-vasconcelos\/\" rel=\"bookmark\"><img decoding=\"async\" class=\"alignleft\" title=\"El pensamiento latinoamericano: Jos\u00e9 Vasconcelos\" src=\"http:\/\/www.eloriente.net\/home\/wp-content\/themes\/city-desk\/timthumb.php?src=http%3A%2F%2Fwww.eloriente.net%2Fhome%2Fwp-content%2Fuploads%2F2015%2F06%2FJoseVasconcelosinah-e1435158005580.jpg&amp;q=90&amp;w=160&amp;h=106&amp;zc=1\" alt=\"El pensamiento latinoamericano: Jos\u00e9 Vasconcelos\" \/><\/a><\/p>\n<p>(www.eloriente.net, M\u00e9xico, 24 de junio de 2015).- En la v\u00edspera del aniversario luctuoso de Jos\u00e9 Vasconcelos Calder\u00f3n (1882-1959), el pr\u00f3ximo 30 de junio, en el ELORIENTE.NET hemos decidido dedicar a su memoria una serie de contenido,\u00a0que actualice algunas l\u00edneas generales de su pensamiento y, sobre todo, a que seamos cada vez m\u00e1s [\u2026]<\/p>\n<p class=\"postmeta\"><span class=\"meta_date\">junio 24, 2015<\/span><\/p>\n<p>&nbsp;<\/p>\n<h2 class=\"entry_title\"><a title=\"Enlace Permanente a Aniversario Juan Jos\u00e9 Arreola; material de lectura y videos\" href=\"http:\/\/www.eloriente.net\/home\/2014\/09\/21\/aniversario-juan-jose-arreola-material-de-lectura-y-videos\/\" rel=\"bookmark\">Aniversario Juan Jos\u00e9 Arreola; material de lectura y videos<\/a><\/h2>\n<p><a href=\"http:\/\/www.eloriente.net\/home\/2014\/09\/21\/aniversario-juan-jose-arreola-material-de-lectura-y-videos\/\" rel=\"bookmark\"><img decoding=\"async\" class=\"alignleft\" title=\"Aniversario Juan Jos\u00e9 Arreola; material de lectura y videos\" src=\"http:\/\/www.eloriente.net\/home\/wp-content\/themes\/city-desk\/timthumb.php?src=http%3A%2F%2Fwww.eloriente.net%2Fhome%2Fwp-content%2Fuploads%2F2014%2F09%2FCaptura-de-pantalla-2014-09-21-a-las-12.48.02.png&amp;q=90&amp;w=160&amp;h=106&amp;zc=1\" alt=\"Aniversario Juan Jos\u00e9 Arreola; material de lectura y videos\" \/><\/a><\/p>\n<p>eloriente.net 21 de septiembre de 2014 Admirado escritor y oriente para quienes hacemos esta p\u00e1gina de internet (ELORIENTE.NET), Juan Jos\u00e9 Arreola naci\u00f3 un 21 de septiembre de 1918. Por esa raz\u00f3n (aunque cualquier d\u00eda es magn\u00edfico para leer al maestro de Zapotl\u00e1n), hoy te compartimos algunos recursos recomendados para acercarse a su creaci\u00f3n. Primero, sus [\u2026]<\/p>\n<p class=\"postmeta\"><span class=\"meta_date\">septiembre 21, 2014<\/span><\/p>\n<p>&nbsp;<\/p>\n\n\t\t\t  <div \n\t\t\t  \tclass = \"fb-comments\" \n\t\t\t  \tdata-href = \"http:\/\/www.eloriente.net\/home\/2015\/06\/30\/semblanza-de-jose-vasconcelos-por-carlos-spindola-perez-guerrero\/\"\n\t\t\t  \tdata-numposts = \"10\"\n\t\t\t\tdata-colorscheme = \"dark\"\n\t\t\t\tdata-order-by = \"social\"\n\t\t\t\tdata-mobile=true>\n\t\t\t  <\/div>\n\t\t  <style>\n\t\t\t.fb_iframe_widget_fluid_desktop iframe {\n\t\t\t    width: 100% !important;\n\t\t\t}\n\t\t  <\/style>\n\t\t  ","protected":false},"excerpt":{"rendered":"<p>&nbsp; &nbsp; &nbsp; (www.eloriente.net, M\u00e9xico, 30 de junio de 2015. Por: Carlos Sp\u00edndola).- Jos\u00e9 Vasconcelos naci\u00f3 un 27 de febrero de 1882, en la Ciudad de Oaxaca. Por motivos del trabajo de su padre tuvo que salir del Estado muy ni\u00f1o y estudiar en diversos puntos del pa\u00eds y la frontera con los Estados Unidos. [&hellip;]<\/p>\n","protected":false},"author":1,"featured_media":37749,"comment_status":"open","ping_status":"open","sticky":false,"template":"","format":"standard","meta":{"_jetpack_memberships_contains_paid_content":false,"footnotes":""},"categories":[18,32,13],"tags":[3077,3769,3770],"class_list":["post-37801","post","type-post","status-publish","format-standard","has-post-thumbnail","hentry","category-educacion-y-cultura","category-entradas","category-especiales","tag-historia-de-mexico","tag-jose-vasconcelos-aniversario","tag-semblanza-de-jose-vasconcelos"],"jetpack_featured_media_url":"http:\/\/www.eloriente.net\/home\/wp-content\/uploads\/2015\/06\/JoseVasconcelosinah-e1435158005580.jpg","jetpack_sharing_enabled":true,"_links":{"self":[{"href":"http:\/\/www.eloriente.net\/home\/wp-json\/wp\/v2\/posts\/37801"}],"collection":[{"href":"http:\/\/www.eloriente.net\/home\/wp-json\/wp\/v2\/posts"}],"about":[{"href":"http:\/\/www.eloriente.net\/home\/wp-json\/wp\/v2\/types\/post"}],"author":[{"embeddable":true,"href":"http:\/\/www.eloriente.net\/home\/wp-json\/wp\/v2\/users\/1"}],"replies":[{"embeddable":true,"href":"http:\/\/www.eloriente.net\/home\/wp-json\/wp\/v2\/comments?post=37801"}],"version-history":[{"count":1,"href":"http:\/\/www.eloriente.net\/home\/wp-json\/wp\/v2\/posts\/37801\/revisions"}],"predecessor-version":[{"id":37802,"href":"http:\/\/www.eloriente.net\/home\/wp-json\/wp\/v2\/posts\/37801\/revisions\/37802"}],"wp:featuredmedia":[{"embeddable":true,"href":"http:\/\/www.eloriente.net\/home\/wp-json\/wp\/v2\/media\/37749"}],"wp:attachment":[{"href":"http:\/\/www.eloriente.net\/home\/wp-json\/wp\/v2\/media?parent=37801"}],"wp:term":[{"taxonomy":"category","embeddable":true,"href":"http:\/\/www.eloriente.net\/home\/wp-json\/wp\/v2\/categories?post=37801"},{"taxonomy":"post_tag","embeddable":true,"href":"http:\/\/www.eloriente.net\/home\/wp-json\/wp\/v2\/tags?post=37801"}],"curies":[{"name":"wp","href":"https:\/\/api.w.org\/{rel}","templated":true}]}}