{"id":37858,"date":"2015-07-06T11:16:24","date_gmt":"2015-07-06T17:16:24","guid":{"rendered":"http:\/\/www.eloriente.net\/home\/?p=37858"},"modified":"2015-07-06T11:16:24","modified_gmt":"2015-07-06T17:16:24","slug":"nissan-y-general-motors-con-los-autos-mas-vendidos-en-mexico-se-logran-records-en-industria-automotriz","status":"publish","type":"post","link":"http:\/\/www.eloriente.net\/home\/2015\/07\/06\/nissan-y-general-motors-con-los-autos-mas-vendidos-en-mexico-se-logran-records-en-industria-automotriz\/","title":{"rendered":"Nissan y General Motors con los autos m\u00e1s vendidos en M\u00e9xico; se logran r\u00e9cords en industria automotriz"},"content":{"rendered":"<p><script src=\"\/\/pagead2.googlesyndication.com\/pagead\/js\/adsbygoogle.js\" async=\"\"><\/script><!-- BANNER ELORIENTE INCRUSTADO NOTAS --> <ins class=\"adsbygoogle\" style=\"display: inline-block; width: 300px; height: 250px;\" data-ad-client=\"ca-pub-1136171134853753\" data-ad-slot=\"7974633627\"><\/ins><script>\/\/ <![CDATA[\n(adsbygoogle = window.adsbygoogle || []).push({});\n\/\/ ]]><\/script><\/p>\n<p>&nbsp;<\/p>\n<p>&nbsp;<\/p>\n<p>(www.eloriente.net, M\u00e9xico, 6 de julio de 2015).- A\u00fan con el crecimiento que se ha generado en 2015, a\u00fan estamos por debajo del potencial de la industria automotriz en M\u00e9xico, se\u00f1alaron esta ma\u00f1ana\u00a0Guillermo Rosales Z\u00e1rate, director general adjunto de la Asociaci\u00f3n Mexicana de Automotores (AMDA) y Eduardo Solis, presidente ejecutivo de la Asociaci\u00f3n Mexicana de la Industria Automotriz (AMIA), al dar a conocer el reporte semestral del estado del sector en 2015.<\/p>\n<p>Sin embargo, el crecimiento ha sido sustancial\u00a0desde marzo de 2010, cuando se toc\u00f3 fondo de la crisis financiera de 2008 y 2009 y, de hecho, las cifras para 2015 son las mejores en los \u00faltimos a\u00f1os para el sector.<\/p>\n<p><em><strong>Producci\u00f3n<\/strong><\/em><\/p>\n<p>Entre las cifras dadas a conocer, en el tema de producci\u00f3n, M\u00e9xico alcanz\u00f3 1 mill\u00f3n 727 mil 557 veh\u00edculos nuevos fabricados en nuestro pa\u00eds. La cifra es r\u00e9cord para un primer semestre del a\u00f1o, con un crecimiento de 8.1% en relaci\u00f3n con el mismo periodo del a\u00f1o pasado.<\/p>\n<p><em><strong>Exportaci\u00f3n<\/strong><\/em><\/p>\n<p>Para exportaci\u00f3n, de la misma forma se alcanz\u00f3 tambi\u00e9n un nuevo r\u00e9cord hist\u00f3rico para el primer semestre del a\u00f1o, alcanzando una cifra de 1 mill\u00f3n 405 mil 458 unidades, con un crecimiento de 10.4% en relaci\u00f3n con 2014. De hecho, el mes de junio de 2015 ha sido el mejor junio en la historia del pa\u00eds.<\/p>\n<p>Estas exportaciones se dieron a Estados Unidos con 70%, a Canad\u00e1 10%, Latinoam\u00e9rica con 9% de participaci\u00f3n (cayendo 3.1% en el primer semestre del a\u00f1o, aunque con recuperaci\u00f3n en junio), entre otros. Es notorio que Am\u00e9rica del Norte se consolida como destino fundamental de las exportaciones mexicanas en el sector.<\/p>\n<p><em><strong>Balanza Comercial<\/strong><\/em><\/p>\n<p>La Balanza Comercial para M\u00e9xico es positiva, as\u00ed como sucedi\u00f3 en el a\u00f1o 2014 en la cual se dio un super\u00e1vit de cerca de 50 mil millones de d\u00f3lares; los \u00faltimos datos en este tema, que son de abril, indican que este super\u00e1vit ser\u00e1 a\u00fan superior a esa cifra del a\u00f1o pasado.<\/p>\n<p>1 de cada cuatro d\u00f3lares que M\u00e9xico exporta en las manufacturas son del sector automotriz, lo cual lo consolida como el m\u00e1s importante generador de divisas para el pa\u00eds, espec\u00edficamente para el tema de exportaciones.<\/p>\n<p><em><strong>Ventas<\/strong><\/em><\/p>\n<p>En cuanto a ventas, el segmento de autom\u00f3viles subcompactos obtiene el mayor n\u00famero de ventas para un mes de junio en el mercado mexicano. De la misma forma, el segmento usos m\u00faltiples tuvo un aumento superior al 30%. Cabe recordar que compactos y subcompactos son los grupos de autom\u00f3viles de mayor impacto en el pa\u00eds.<\/p>\n<p><a href=\"http:\/\/www.amda.mx\/images\/stories\/estadisticas\/coyuntura\/2015\/ventas\/0615_Comunicado_de_Prensa_-_Ventas_totales.pdf\" target=\"_blank\"><img loading=\"lazy\" decoding=\"async\" class=\"alignnone  wp-image-37859\" src=\"http:\/\/www.eloriente.net\/home\/wp-content\/uploads\/2015\/07\/Reporte-Industria-Automotriz-enero-junio-2015-eloriente.net_.png\" alt=\"Reporte Industria Automotriz enero junio 2015 eloriente.net\" width=\"632\" height=\"799\" srcset=\"http:\/\/www.eloriente.net\/home\/wp-content\/uploads\/2015\/07\/Reporte-Industria-Automotriz-enero-junio-2015-eloriente.net_.png 610w, http:\/\/www.eloriente.net\/home\/wp-content\/uploads\/2015\/07\/Reporte-Industria-Automotriz-enero-junio-2015-eloriente.net_-237x300.png 237w\" sizes=\"(max-width: 632px) 100vw, 632px\" \/><\/a><\/p>\n<p><a href=\"http:\/\/www.eloriente.net\/home\/wp-content\/uploads\/2015\/07\/Captura-de-pantalla-2015-07-06-a-las-12.10.441.png\"><img loading=\"lazy\" decoding=\"async\" class=\"alignnone size-full wp-image-37861\" src=\"http:\/\/www.eloriente.net\/home\/wp-content\/uploads\/2015\/07\/Captura-de-pantalla-2015-07-06-a-las-12.10.441.png\" alt=\"Captura de pantalla 2015-07-06 a la(s) 12.10.44\" width=\"570\" height=\"349\" srcset=\"http:\/\/www.eloriente.net\/home\/wp-content\/uploads\/2015\/07\/Captura-de-pantalla-2015-07-06-a-las-12.10.441.png 570w, http:\/\/www.eloriente.net\/home\/wp-content\/uploads\/2015\/07\/Captura-de-pantalla-2015-07-06-a-las-12.10.441-300x183.png 300w\" sizes=\"(max-width: 570px) 100vw, 570px\" \/><\/a><\/p>\n<p>&nbsp;<\/p>\n<p><em><strong>Preocupaci\u00f3n<\/strong><\/em><\/p>\n<p>Finalmente, la industria automotriz reiter\u00f3 su preocupaci\u00f3n por \u00abpresiones de las que hemos sido testigos\u00bb hacia el gobierno, por parte de algunas empresas relacionadas con el acero, lo cual puede afectar la competitividad de esta actividad en M\u00e9xico.<\/p>\n<p>A continuaci\u00f3n, el video de la Conferencia de Prensa realizada esta ma\u00f1ana, en la cual se present\u00f3 el comportamiento en ventas, producci\u00f3n y exportaci\u00f3n de unidades nuevas en junio de 2015 y el acumulado del a\u00f1o:<\/p>\n<p><iframe loading=\"lazy\" src=\"https:\/\/www.youtube.com\/embed\/qmLsEl2CdEs\" width=\"560\" height=\"315\" frameborder=\"0\" allowfullscreen=\"allowfullscreen\"><\/iframe><br \/>\n<strong>OTRAS ENTRADAS:<\/strong><\/p>\n<h2 class=\"posttitle list_posttitle \"><a title=\"Enlace Permanente a Prueban nuevo dispositivo m\u00f3vil para identificar Tequilas adulterados\" href=\"http:\/\/www.eloriente.net\/home\/2015\/06\/17\/prueban-nuevo-dispositivo-movil-para-identificar-tequilas-adulterados\/\" rel=\"bookmark\">Prueban nuevo dispositivo m\u00f3vil para identificar Tequilas adulterados<\/a><\/h2>\n<div class=\"toolbar-social\">\n<div class=\"social-widget\">\n<div id=\"sharing-widget\"><a class=\"button icon-share\">Compartir<\/a><span class=\"share-count\">10<\/span><\/div>\n<\/div>\n<\/div>\n<h2 class=\"posttitle list_posttitle lastpost\"><a title=\"Enlace Permanente a Testimonios ciudadanos en Toma de Gasolineras en Oaxaca; \u00bfc\u00f3mo ser\u00e1 la vida sin autom\u00f3vil?\" href=\"http:\/\/www.eloriente.net\/home\/2015\/06\/03\/testimonios-ciudadanos-en-toma-de-gasolineras-en-oaxaca-como-sera-la-vida-sin-automovil\/\" rel=\"bookmark\">Testimonios ciudadanos en Toma de Gasolineras en Oaxaca; \u00bfc\u00f3mo ser\u00e1 la vida sin autom\u00f3vil?<\/a><\/h2>\n<div class=\"toolbar-social\">\n<div class=\"social-widget\">\n<div id=\"sharing-widget\"><a class=\"button icon-share\">Compartir<\/a><span class=\"share-count\">34<\/span><\/div>\n<\/div>\n<\/div>\n<h2 class=\"posttitle list_posttitle \"><a title=\"Enlace Permanente a Oaxaca, un continente: \u00bfEn qu\u00e9 sexenio nos ha ido mejor en turismo?\" href=\"http:\/\/www.eloriente.net\/home\/2015\/05\/21\/oaxaca-un-continente-en-que-sexenio-nos-ha-ido-mejor-en-turismo\/\" rel=\"bookmark\">Oaxaca, un continente: \u00bfEn qu\u00e9 sexenio nos ha ido mejor en turismo?<\/a><\/h2>\n<div class=\"toolbar-social\">\n<div class=\"social-widget\">\n<div id=\"sharing-widget\"><a class=\"button icon-share\">Compartir<\/a><span class=\"share-count\">5<\/span><\/div>\n<\/div>\n<\/div>\n<p>&nbsp;<\/p>\n<p>&nbsp;<\/p>\n\n\t\t\t  <div \n\t\t\t  \tclass = \"fb-comments\" \n\t\t\t  \tdata-href = \"http:\/\/www.eloriente.net\/home\/2015\/07\/06\/nissan-y-general-motors-con-los-autos-mas-vendidos-en-mexico-se-logran-records-en-industria-automotriz\/\"\n\t\t\t  \tdata-numposts = \"10\"\n\t\t\t\tdata-colorscheme = \"dark\"\n\t\t\t\tdata-order-by = \"social\"\n\t\t\t\tdata-mobile=true>\n\t\t\t  <\/div>\n\t\t  <style>\n\t\t\t.fb_iframe_widget_fluid_desktop iframe {\n\t\t\t    width: 100% !important;\n\t\t\t}\n\t\t  <\/style>\n\t\t  ","protected":false},"excerpt":{"rendered":"<p>&nbsp; &nbsp; (www.eloriente.net, M\u00e9xico, 6 de julio de 2015).- A\u00fan con el crecimiento que se ha generado en 2015, a\u00fan estamos por debajo del potencial de la industria automotriz en M\u00e9xico, se\u00f1alaron esta ma\u00f1ana\u00a0Guillermo Rosales Z\u00e1rate, director general adjunto de la Asociaci\u00f3n Mexicana de Automotores (AMDA) y Eduardo Solis, presidente ejecutivo de la Asociaci\u00f3n Mexicana [&hellip;]<\/p>\n","protected":false},"author":1,"featured_media":37862,"comment_status":"open","ping_status":"open","sticky":false,"template":"","format":"standard","meta":{"_jetpack_memberships_contains_paid_content":false,"footnotes":""},"categories":[2435,32,10,24,19],"tags":[],"class_list":["post-37858","post","type-post","status-publish","format-standard","has-post-thumbnail","hentry","category-miercolesdeeconomia","category-entradas","category-lo-mas-reciente","category-mexico-y-el-mundo","category-turismo-y-negocios"],"jetpack_featured_media_url":"http:\/\/www.eloriente.net\/home\/wp-content\/uploads\/2015\/07\/Nissan-370Z-Nismo-licencia-cc-David-Villarreal-Fern\u00e1ndez.jpg","jetpack_sharing_enabled":true,"_links":{"self":[{"href":"http:\/\/www.eloriente.net\/home\/wp-json\/wp\/v2\/posts\/37858"}],"collection":[{"href":"http:\/\/www.eloriente.net\/home\/wp-json\/wp\/v2\/posts"}],"about":[{"href":"http:\/\/www.eloriente.net\/home\/wp-json\/wp\/v2\/types\/post"}],"author":[{"embeddable":true,"href":"http:\/\/www.eloriente.net\/home\/wp-json\/wp\/v2\/users\/1"}],"replies":[{"embeddable":true,"href":"http:\/\/www.eloriente.net\/home\/wp-json\/wp\/v2\/comments?post=37858"}],"version-history":[{"count":1,"href":"http:\/\/www.eloriente.net\/home\/wp-json\/wp\/v2\/posts\/37858\/revisions"}],"predecessor-version":[{"id":37863,"href":"http:\/\/www.eloriente.net\/home\/wp-json\/wp\/v2\/posts\/37858\/revisions\/37863"}],"wp:featuredmedia":[{"embeddable":true,"href":"http:\/\/www.eloriente.net\/home\/wp-json\/wp\/v2\/media\/37862"}],"wp:attachment":[{"href":"http:\/\/www.eloriente.net\/home\/wp-json\/wp\/v2\/media?parent=37858"}],"wp:term":[{"taxonomy":"category","embeddable":true,"href":"http:\/\/www.eloriente.net\/home\/wp-json\/wp\/v2\/categories?post=37858"},{"taxonomy":"post_tag","embeddable":true,"href":"http:\/\/www.eloriente.net\/home\/wp-json\/wp\/v2\/tags?post=37858"}],"curies":[{"name":"wp","href":"https:\/\/api.w.org\/{rel}","templated":true}]}}