{"id":37864,"date":"2015-07-06T11:31:49","date_gmt":"2015-07-06T17:31:49","guid":{"rendered":"http:\/\/www.eloriente.net\/home\/?p=37864"},"modified":"2015-07-06T11:33:09","modified_gmt":"2015-07-06T17:33:09","slug":"aplazar-la-paridad-en-ayuntamientos-no-es-traicion-es-menosprecio","status":"publish","type":"post","link":"http:\/\/www.eloriente.net\/home\/2015\/07\/06\/aplazar-la-paridad-en-ayuntamientos-no-es-traicion-es-menosprecio\/","title":{"rendered":"Aplazar la paridad en Ayuntamientos no es traici\u00f3n: es menosprecio"},"content":{"rendered":"<p><script src=\"\/\/pagead2.googlesyndication.com\/pagead\/js\/adsbygoogle.js\" async=\"\"><\/script><!-- BANNER ELORIENTE INCRUSTADO NOTAS --> <ins class=\"adsbygoogle\" style=\"display: inline-block; width: 300px; height: 250px;\" data-ad-client=\"ca-pub-1136171134853753\" data-ad-slot=\"7974633627\"><\/ins><script>\/\/ <![CDATA[\n(adsbygoogle = window.adsbygoogle || []).push({});\n\/\/ ]]><\/script><\/p>\n<p>&nbsp;<\/p>\n<p>&nbsp;<\/p>\n<p>&nbsp;<\/p>\n<p>&nbsp;<\/p>\n<p>(www.eloriente.net, M\u00e9xico, 6 de julio de 2015. Por. Adri\u00e1n Ortiz Romero <a href=\"https:\/\/twitter.com\/ortizromeroc\" target=\"_blank\">@ortizromeroc<\/a> <a href=\"http:\/\/columnaalmargen.mx\/\" target=\"_blank\">Al Margen<\/a>.- Uno de los temas m\u00e1s pol\u00e9micos, y que tendr\u00e1 mayores repercusiones judiciales, de la reforma pol\u00edtico electoral concretada la semana pasada por la LXII Legislatura, es la de la negativa a establecer la paridad de g\u00e9neros para la integraci\u00f3n de las planillas de candidatos a concejales en los Ayuntamientos de usos y costumbres. A juicio de los diputados esta fue una decisi\u00f3n responsable, aunque en realidad es claramente violatoria de derechos fundamentales y revela que los diputados apuestan por seguir tratando a la ciudadan\u00eda como menor de edad.<\/p>\n<p>En efecto, la paridad era uno de los temas que despertaba inter\u00e9s en sectores de mujeres interesadas en promover el acceso a la poblaci\u00f3n femenina en los cargos de elecci\u00f3n popular, y el punto central era lograr que la paridad de g\u00e9neros \u2014que la Constituci\u00f3n de la Rep\u00fablica la establece para las diputaciones federales y locales, lo cual obligaba a la adecuaci\u00f3n de la Constituci\u00f3n local\u2014 en la integraci\u00f3n de los Ayuntamientos regidos por sistemas normativos internos, o usos y costumbres. Quienes ten\u00edan ese objetivo fueron derrotadas por un Congreso que no discuti\u00f3 ni analiz\u00f3 el tema en serio, y tampoco alcanz\u00f3 a ver las fuertes implicaciones jurisdiccionales, en el \u00e1mbito de los derechos humanos, que tendr\u00e1 esa decisi\u00f3n.<\/p>\n<p>Pues resulta que esta misma semana, y coincidentemente frente a la reciente decisi\u00f3n del Congreso de Oaxaca respecto a la participaci\u00f3n de la mujer en la integraci\u00f3n de ayuntamientos ind\u00edgenas, el TEPJF emiti\u00f3 una tesis en la que estableci\u00f3 que los estados deben combatir las pr\u00e1cticas discriminatorias en contra de las mujeres, en todos los niveles, para garantizar su participaci\u00f3n efectiva en la toma de decisiones pol\u00edticas. La tesis es la XXX\/2015 y en ella se indica tambi\u00e9n que los sistemas ind\u00edgenas deben observar el principio de universalidad del sufragio y el de participaci\u00f3n pol\u00edtica de mujeres y hombres en igualdad de condiciones.<\/p>\n<p>En un comunicado, el Tribunal explic\u00f3 que la tesis con el nombre \u201cSistemas normativos ind\u00edgenas. Reducir la participaci\u00f3n de las mujeres a la validaci\u00f3n de las decisiones previamente tomadas constituye una pr\u00e1ctica discriminatoria (legislaci\u00f3n de Oaxaca)\u201d, instituy\u00f3 que el ejercicio pleno de los derechos de las mujeres en la vida pol\u00edtica de su comunidad implica necesariamente que tengan la oportunidad de participar activamente en la toma de acuerdos.<\/p>\n<p>Ahora bien, cuando se vot\u00f3 la reforma, la atenci\u00f3n se centr\u00f3 en la diputada Alejandra Garc\u00eda Morl\u00e1n, del PAN, a quien un grupo de activistas pro paridad de g\u00e9nero la calific\u00f3 como traidora. La legisladora fue quien subi\u00f3 a tribuna a defender la exclusi\u00f3n de la paridad de g\u00e9neros de los municipios regidos por usos y costumbres. La reacci\u00f3n iracunda de las activistas en ese momento no puede ser defendible, m\u00e1xime si se considera que la lucha no deb\u00edan darla haciendo un esc\u00e1ndalo en la sesi\u00f3n, sino defendiendo denodadamente el principio que el Congreso no se atrevi\u00f3 a incluir.<\/p>\n<p>Seg\u00fan la diputada Garc\u00eda Morl\u00e1n (Noticias 05.07.15, p\u00e1g. 12A), la raz\u00f3n por la que ella apoy\u00f3 que no se incluyera a los municipios de usos y costumbres en el principio de la paridad, se encuentra en que para ser parte del Cabildo \u201cprimero se debe cumplir una serie de requisitos, participar en el sistema de cargos y servicios es el primer escal\u00f3n. Y es precisamente aqu\u00ed donde estos pueblos est\u00e1n logrando ya una mayor apertura \u2026\u201d.<\/p>\n<p>Seg\u00fan ella, esta raz\u00f3n era suficiente para \u201cdejar pendiente\u201d la integraci\u00f3n de los municipios de usos y costumbres al principio de la paridad \u201cpero como un firme compromiso de revisar una ruta viable para ir garantizando una mayor participaci\u00f3n de las mujeres en los municipios regidos por sistemas normativos internos\u2026\u201d<\/p>\n<p>Si consideramos que el derecho \u2014y mucho m\u00e1s el de los derechos humanos\u2014 debe ser progresivo, y que debe ser adem\u00e1s la herramienta para impulsar la evoluci\u00f3n cultural y del goce de derechos, entonces queda claro que esta no fue una traici\u00f3n sino un menosprecio a la capacidad de los pueblos de adaptarse a principios constitucionales que no son potestativos ni est\u00e1n a discusi\u00f3n, y de las mujeres ind\u00edgenas a luchar por sus derechos a\u00fan frente al sistema de cargos y escalafones establecidos en los usos y costumbres.<\/p>\n<p><b>LA RUTA JURISDICCIONAL<\/b><\/p>\n<p>No ser\u00e1 dif\u00edcil ver, en el corto plazo, sentencias judiciales que declaren inconstitucional lo establecido en la Constituci\u00f3n de Oaxaca sobre la paridad de g\u00e9neros. La propia Constituci\u00f3n de la Rep\u00fablica estableci\u00f3 ese principio respecto a los cargos legislativos federales y locales como un referente para que, por lo menos, las entidades federativas armonizaran sus normas locales a esos principios, pero sobre todo como un incentivo a que los estados de la Rep\u00fablica ampliaran su propio cat\u00e1logo de derechos.<\/p>\n<p>Esa cuesti\u00f3n, junto con el alegato simple sobre la no discriminaci\u00f3n, que podr\u00eda hacer cualquier mujer para exigir respeto a su participaci\u00f3n \u2014individual o colectiva\u2014 en la integraci\u00f3n de una planilla de concejales en un ayuntamiento regido por sistemas normativos internos, har\u00edan viable una sentencia judicial que, de forma t\u00e1cita o expresa, terminara ampliando el l\u00edmite establecido por la Constituci\u00f3n del Estado y declarando inconstitucional la disposici\u00f3n que limita la paridad de g\u00e9neros en Oaxaca.<\/p>\n<p>Recordemos que una de uno de los principios constitucionales esenciales de los derechos humanos, es el de la progresividad. \u00c9ste principio implica tanto gradualidad como progreso. La gradualidad se refiere a que la efectividad de los derechos no va a lograrse de una vez y para siempre, sino que se trata de un proceso que supone definir metas a corto, mediano y largo plazo. El progreso patentiza que el disfrute de los derechos siempre debe mejorar. La progresividad requiere del dise\u00f1o de planes para avanzar hacia el mejoramiento de las condiciones de los derechos mediante el cumplimiento de dichos planes.<\/p>\n<p><b>\u00bfQU\u00c9 PLANES HAY?<\/b><\/p>\n<p>No basta con que el grupo parlamentario del PAN, una de sus diputadas, o todo el Congreso, se queden con el lugar com\u00fan (y la promesa demag\u00f3gica) de que hay un \u201cfirme compromiso\u201d para hacer progresiva la paridad de g\u00e9neros. Se trataba, en todo caso, de que establecieran un programa concreto para garantizar que dicha meta pudiera alcanzarse en el corto plazo. Nadie lo consider\u00f3, y por eso lo evidente es el claro menosprecio a la sociedad oaxaque\u00f1a, a la que insisten en seguir tratando como si fuera una menor de edad.<\/p>\n<p>&nbsp;<\/p>\n<p><a href=\"http:\/\/www.eloriente.net\/home\/wp-content\/uploads\/2015\/03\/politica-paz-budapest-cc-obbino.jpg\"><img loading=\"lazy\" decoding=\"async\" class=\"alignnone size-full wp-image-35880\" src=\"http:\/\/www.eloriente.net\/home\/wp-content\/uploads\/2015\/03\/politica-paz-budapest-cc-obbino.jpg\" alt=\"politica paz budapest cc obbino\" width=\"600\" height=\"450\" srcset=\"http:\/\/www.eloriente.net\/home\/wp-content\/uploads\/2015\/03\/politica-paz-budapest-cc-obbino.jpg 600w, http:\/\/www.eloriente.net\/home\/wp-content\/uploads\/2015\/03\/politica-paz-budapest-cc-obbino-300x225.jpg 300w\" sizes=\"(max-width: 600px) 100vw, 600px\" \/><\/a><\/p>\n<p>PAZ<\/p>\n<p><strong>OTRAS ENTRADAS:<\/strong><\/p>\n<div class=\"featuredpost\">\n<h2 class=\"posttitle bigposttitle\"><a title=\"Enlace Permanente a Litigantes en Oaxaca recibir\u00e1n notificaciones v\u00eda \u2018token\u2019\" href=\"http:\/\/www.eloriente.net\/home\/2015\/07\/06\/litigantes-en-oaxaca-recibiran-notificaciones-via-token\/\" rel=\"bookmark\">Litigantes en Oaxaca recibir\u00e1n notificaciones v\u00eda \u2018token\u2019<\/a><\/h2>\n<p>eloriente.net\/TSJEO 6 de julio de 2015 El titular del Poder Judicial de Oaxaca, magistrado Alfredo Rodrigo Lagunas\u2026<\/p>\n<p class=\"postmeta\"><span class=\"meta_date\">julio 6, 2015<\/span><\/p>\n<div class=\"toolbar-social\">\n<div class=\"social-widget\">\n<div id=\"sharing-widget\"><a class=\"button icon-share\">Compartir<\/a><span class=\"share-count\">0<\/span><\/div>\n<\/div>\n<\/div>\n<\/div>\n<div class=\"featuredpost\">\n<p><a href=\"http:\/\/www.eloriente.net\/home\/2015\/06\/30\/semblanza-de-jose-vasconcelos-por-carlos-spindola-perez-guerrero\/\" rel=\"bookmark\"><img decoding=\"async\" class=\"alignleft\" title=\"Semblanza de Jos\u00e9 Vasconcelos, por Carlos Sp\u00edndola P\u00e9rez Guerrero\" src=\"http:\/\/www.eloriente.net\/home\/wp-content\/themes\/city-desk\/timthumb.php?src=http%3A%2F%2Fwww.eloriente.net%2Fhome%2Fwp-content%2Fuploads%2F2015%2F06%2FJoseVasconcelosinah-e1435158005580.jpg&amp;q=90&amp;w=90&amp;h=83&amp;zc=1\" alt=\"Semblanza de Jos\u00e9 Vasconcelos, por Carlos Sp\u00edndola P\u00e9rez Guerrero\" \/><\/a><\/p>\n<h2 class=\"posttitle \"><a title=\"Enlace Permanente a Semblanza de Jos\u00e9 Vasconcelos, por Carlos Sp\u00edndola P\u00e9rez Guerrero\" href=\"http:\/\/www.eloriente.net\/home\/2015\/06\/30\/semblanza-de-jose-vasconcelos-por-carlos-spindola-perez-guerrero\/\" rel=\"bookmark\">Semblanza de Jos\u00e9 Vasconcelos, por Carlos Sp\u00edndola P\u00e9rez Guerrero<\/a><\/h2>\n<p>(www.eloriente.net, M\u00e9xico, 30 de junio de 2015. Por: Carlos Sp\u00edndola).- Jos\u00e9 Vasconcelos naci\u00f3 un 27 de febrero de 1882, en\u2026<\/p>\n<p class=\"postmeta\"><span class=\"meta_date\">junio 30, 2015<\/span><\/p>\n<div class=\"toolbar-social\">\n<div class=\"social-widget\">\n<div id=\"sharing-widget\"><a class=\"button icon-share\">Compartir<\/a><span class=\"share-count\">7<\/span><\/div>\n<\/div>\n<\/div>\n<\/div>\n<div class=\"featuredpost\">\n<p><a href=\"http:\/\/www.eloriente.net\/home\/2015\/06\/25\/las-escuchas-de-la-mafia-del-futbol-argentino-cuanto-por-empatar-video\/\" rel=\"bookmark\"><img decoding=\"async\" class=\"alignleft\" title=\"Las Escuchas de la Mafia del Futbol Argentino; \u00bfcu\u00e1nto por empatar? (Video)\" src=\"http:\/\/www.eloriente.net\/home\/wp-content\/themes\/city-desk\/timthumb.php?src=http%3A%2F%2Fwww.eloriente.net%2Fhome%2Fwp-content%2Fuploads%2F2015%2F06%2FLa-cornisa-futbol-argentina.png&amp;q=90&amp;w=90&amp;h=83&amp;zc=1\" alt=\"Las Escuchas de la Mafia del Futbol Argentino; \u00bfcu\u00e1nto por empatar? (Video)\" \/><\/a><\/p>\n<h2 class=\"posttitle \"><a title=\"Enlace Permanente a Las Escuchas de la Mafia del Futbol Argentino; \u00bfcu\u00e1nto por empatar? (Video)\" href=\"http:\/\/www.eloriente.net\/home\/2015\/06\/25\/las-escuchas-de-la-mafia-del-futbol-argentino-cuanto-por-empatar-video\/\" rel=\"bookmark\">Las Escuchas de la Mafia del Futbol Argentino; \u00bfcu\u00e1nto por empatar? (Video)<\/a><\/h2>\n<p>(www.eloriente.net, M\u00e9xico, 25 de junio de 2015).- Poco difundidas en M\u00e9xico pero profusamente extendidas en su pa\u00eds de origen, diversas\u2026<\/p>\n<p class=\"postmeta\"><span class=\"meta_date\">junio 25, 2015<\/span><\/p>\n<\/div>\n\n\t\t\t  <div \n\t\t\t  \tclass = \"fb-comments\" \n\t\t\t  \tdata-href = \"http:\/\/www.eloriente.net\/home\/2015\/07\/06\/aplazar-la-paridad-en-ayuntamientos-no-es-traicion-es-menosprecio\/\"\n\t\t\t  \tdata-numposts = \"10\"\n\t\t\t\tdata-colorscheme = \"dark\"\n\t\t\t\tdata-order-by = \"social\"\n\t\t\t\tdata-mobile=true>\n\t\t\t  <\/div>\n\t\t  <style>\n\t\t\t.fb_iframe_widget_fluid_desktop iframe {\n\t\t\t    width: 100% !important;\n\t\t\t}\n\t\t  <\/style>\n\t\t  ","protected":false},"excerpt":{"rendered":"<p>&nbsp; &nbsp; &nbsp; &nbsp; (www.eloriente.net, M\u00e9xico, 6 de julio de 2015. Por. Adri\u00e1n Ortiz Romero @ortizromeroc Al Margen.- Uno de los temas m\u00e1s pol\u00e9micos, y que tendr\u00e1 mayores repercusiones judiciales, de la reforma pol\u00edtico electoral concretada la semana pasada por la LXII Legislatura, es la de la negativa a establecer la paridad de g\u00e9neros para [&hellip;]<\/p>\n","protected":false},"author":2,"featured_media":35880,"comment_status":"open","ping_status":"open","sticky":false,"template":"","format":"standard","meta":{"_jetpack_memberships_contains_paid_content":false,"footnotes":""},"categories":[38,11,91,32,63,464,21],"tags":[1677,3803,3802],"class_list":["post-37864","post","type-post","status-publish","format-standard","has-post-thumbnail","hentry","category-adrian-ortiz-romero","category-colaboradores","category-congreso-y-justicia","category-entradas","category-estados","category-oaxaca-estados","category-politica-y-gobierno","tag-congreso-de-oaxaca","tag-legisladores-del-estado-de-oaxaca","tag-reforma-constitucional-en-oaxaca"],"jetpack_featured_media_url":"http:\/\/www.eloriente.net\/home\/wp-content\/uploads\/2015\/03\/politica-paz-budapest-cc-obbino.jpg","jetpack_sharing_enabled":true,"_links":{"self":[{"href":"http:\/\/www.eloriente.net\/home\/wp-json\/wp\/v2\/posts\/37864"}],"collection":[{"href":"http:\/\/www.eloriente.net\/home\/wp-json\/wp\/v2\/posts"}],"about":[{"href":"http:\/\/www.eloriente.net\/home\/wp-json\/wp\/v2\/types\/post"}],"author":[{"embeddable":true,"href":"http:\/\/www.eloriente.net\/home\/wp-json\/wp\/v2\/users\/2"}],"replies":[{"embeddable":true,"href":"http:\/\/www.eloriente.net\/home\/wp-json\/wp\/v2\/comments?post=37864"}],"version-history":[{"count":1,"href":"http:\/\/www.eloriente.net\/home\/wp-json\/wp\/v2\/posts\/37864\/revisions"}],"predecessor-version":[{"id":37865,"href":"http:\/\/www.eloriente.net\/home\/wp-json\/wp\/v2\/posts\/37864\/revisions\/37865"}],"wp:featuredmedia":[{"embeddable":true,"href":"http:\/\/www.eloriente.net\/home\/wp-json\/wp\/v2\/media\/35880"}],"wp:attachment":[{"href":"http:\/\/www.eloriente.net\/home\/wp-json\/wp\/v2\/media?parent=37864"}],"wp:term":[{"taxonomy":"category","embeddable":true,"href":"http:\/\/www.eloriente.net\/home\/wp-json\/wp\/v2\/categories?post=37864"},{"taxonomy":"post_tag","embeddable":true,"href":"http:\/\/www.eloriente.net\/home\/wp-json\/wp\/v2\/tags?post=37864"}],"curies":[{"name":"wp","href":"https:\/\/api.w.org\/{rel}","templated":true}]}}