{"id":37872,"date":"2015-07-07T14:33:14","date_gmt":"2015-07-07T20:33:14","guid":{"rendered":"http:\/\/www.eloriente.net\/home\/?p=37872"},"modified":"2015-07-07T14:33:14","modified_gmt":"2015-07-07T20:33:14","slug":"sin-puntos-de-encuentro-posturas-sobre-centro-de-convenciones-en-oaxaca-ccco","status":"publish","type":"post","link":"http:\/\/www.eloriente.net\/home\/2015\/07\/07\/sin-puntos-de-encuentro-posturas-sobre-centro-de-convenciones-en-oaxaca-ccco\/","title":{"rendered":"Sin puntos de encuentro posturas sobre Centro de Convenciones en Oaxaca #CCCO"},"content":{"rendered":"<p><script src=\"\/\/pagead2.googlesyndication.com\/pagead\/js\/adsbygoogle.js\" async=\"\"><\/script><!-- BANNER ELORIENTE INCRUSTADO NOTAS --> <ins class=\"adsbygoogle\" style=\"display: inline-block; width: 300px; height: 250px;\" data-ad-client=\"ca-pub-1136171134853753\" data-ad-slot=\"7974633627\"><\/ins><script>\/\/ <![CDATA[\n(adsbygoogle = window.adsbygoogle || []).push({});\n\/\/ ]]><\/script><\/p>\n<p>&nbsp;<\/p>\n<p>&nbsp;<\/p>\n<p>&nbsp;<\/p>\n<p>&nbsp;<\/p>\n<p>(www.eloriente.net, M\u00e9xico, 7 de julio de 2015. Por. Karla Ogarrio (Turismo El Oriente).- Por un lado, el Frente en Defensa del Fort\u00edn convoc\u00f3 a la ciudadan\u00eda para que los d\u00edas 9 y 1o de julio, asistan al Museo de Arte Contempor\u00e1neo de Oaxaca (MACO) a la presentaci\u00f3n de un par de propuestas alternas a la oficial, para erigir el Centro de Convenciones de Oaxaca.<\/p>\n<p>Por el otro, en un evento autodenominado \u00abSomos m\u00e1s los que queremos el Centro Cultural y de Convenciones, una serie de personas y representantes de organizaciones se manifestaron a favor de la propuesta del gobierno, tanto en su fundamentaci\u00f3n, objetivo y lugar de edificaci\u00f3n.<\/p>\n<p>Ambos actos se sucedieron hoy en Oaxaca de Ju\u00e1rez, enfatizando la polarizaci\u00f3n social que produce tema, principalmente en la ciudad capital.<\/p>\n<p>El evento del Frente mencionado se llev\u00f3 a cabo en las instalaciones del Instituto de Artes Gr\u00e1ficas de Oaxaca, con la presencia del pintor Francisco Toledo.<\/p>\n<p>&nbsp;<\/p>\n<blockquote class=\"twitter-tweet\" lang=\"es\">\n<p dir=\"ltr\" lang=\"es\">ProOax presenta proyecto alterno para construcci\u00f3n del <a href=\"https:\/\/twitter.com\/hashtag\/CCCO?src=hash\">#CCCO<\/a> en Cerro del Fort\u00edn <a href=\"https:\/\/twitter.com\/hashtag\/Oaxaca?src=hash\">#Oaxaca<\/a> <a href=\"https:\/\/twitter.com\/STyDE_GobOax\">@STyDE_GobOax<\/a> <a href=\"https:\/\/twitter.com\/GobCdOax\">@GobCdOax<\/a> <a href=\"http:\/\/t.co\/z8h2GRIX8d\">pic.twitter.com\/z8h2GRIX8d<\/a><\/p>\n<p>\u2014 agenciaoaxacanews (@agenciaoaxacane) <a href=\"https:\/\/twitter.com\/agenciaoaxacane\/status\/618487038526930944\">julio 7, 2015<\/a><\/p><\/blockquote>\n<p><script src=\"\/\/platform.twitter.com\/widgets.js\" async=\"\" charset=\"utf-8\"><\/script><br \/>\nAll\u00ed, se dieron detalles de las dos conferencias de presentaci\u00f3n de propuestas para el CCCO. El jueves 9 de julio a las 12 horas en el MACO se llevar\u00e1 a cabo la primera, a cargo del arquitecto Armando Ch\u00e1vez; mientras que el viernes 10 a la misma hora y lugar se llevar\u00e1 a cabo la segunda, a cargo de Fernando Alan\u00eds, de Ten Arquitectos.<\/p>\n<p>Jos\u00e9 M\u00e1rquez, presidente de ProOax, habl\u00f3 sobre la existencia de una Agenda para la Competitividad elaborada por el Instituto Polit\u00e9cnico Nacional donde se prioriza antes que un Centro de Convenciones uno de car\u00e1cter gastron\u00f3mico.<\/p>\n<p>En el caso del evento de respaldo a la <a href=\"http:\/\/www.oaxaca.gob.mx\/sociedad-civil-respalda-construccion-del-centro-cultural-y-de-convenciones-de-oaxaca\/\" target=\"_blank\">propuesta gubernamental<\/a>, se reunieron a representantes de c\u00e1maras empresariales, peque\u00f1os empresarios y locatarios. De hecho, se coloc\u00f3 una lona a modo de escenario donde se manifestaron diversos puntos de vista a favor del proyecto en marcha.<\/p>\n<p><a href=\"http:\/\/www.eloriente.net\/home\/wp-content\/uploads\/2015\/07\/ccco-opinion.jpg\"><img loading=\"lazy\" decoding=\"async\" class=\"alignnone size-medium wp-image-37873\" src=\"http:\/\/www.eloriente.net\/home\/wp-content\/uploads\/2015\/07\/ccco-opinion-300x225.jpg\" alt=\"ccco-opinion\" width=\"300\" height=\"225\" srcset=\"http:\/\/www.eloriente.net\/home\/wp-content\/uploads\/2015\/07\/ccco-opinion-300x225.jpg 300w, http:\/\/www.eloriente.net\/home\/wp-content\/uploads\/2015\/07\/ccco-opinion.jpg 400w\" sizes=\"(max-width: 300px) 100vw, 300px\" \/><\/a><\/p>\n<p>On\u00e9simo Bravo, presidente de la\u00a0C\u00e1mara Nacional de la Industria de Restaurantes y Alimentos Condimentados (CANIRAC)-Delegaci\u00f3n Oaxaca, dijo que \u00abes hora que la sociedad tome decisiones\u00bb, en referencia a que el CCCO es una necesidad que tienen aquellos que atienden directamente al turismo.<\/p>\n<p>Orlando Hern\u00e1ndez, presidente de la\u00a0C\u00e1mara Mexicana de la Industria de la Construcci\u00f3n (CMIC)-Delegaci\u00f3n Oaxaca, de la misma forma que, en su calidad de representante de un \u00f3rgano especializado en construcci\u00f3n, respaldan el proyecto oficial.<\/p>\n<p>Con ambas posturas, a\u00fan en total desencuentro, contin\u00faa el devenir de un proyecto que, a pesar de los puntos de vista, no encuentra hasta el momento visos de soluci\u00f3n.<\/p>\n<p>&nbsp;<\/p>\n<p><strong>OTRAS ENTRADAS:<\/strong><\/p>\n<div class=\"featuredpost\">\n<h2 class=\"posttitle bigposttitle\"><a title=\"Enlace Permanente a Litigantes en Oaxaca recibir\u00e1n notificaciones v\u00eda \u2018token\u2019\" href=\"http:\/\/www.eloriente.net\/home\/2015\/07\/06\/litigantes-en-oaxaca-recibiran-notificaciones-via-token\/\" rel=\"bookmark\">Litigantes en Oaxaca recibir\u00e1n notificaciones v\u00eda \u2018token\u2019<\/a><\/h2>\n<p>eloriente.net\/TSJEO 6 de julio de 2015 El titular del Poder Judicial de Oaxaca, magistrado Alfredo Rodrigo Lagunas\u2026<\/p>\n<p class=\"postmeta\"><span class=\"meta_date\">julio 6, 2015<\/span><\/p>\n<div class=\"toolbar-social\">\n<div class=\"social-widget\">\n<div id=\"sharing-widget\"><a class=\"button icon-share\">Compartir<\/a><span class=\"share-count\">30<\/span><\/div>\n<\/div>\n<\/div>\n<\/div>\n<div class=\"featuredpost\">\n<p><a href=\"http:\/\/www.eloriente.net\/home\/2015\/06\/30\/semblanza-de-jose-vasconcelos-por-carlos-spindola-perez-guerrero\/\" rel=\"bookmark\"><img decoding=\"async\" class=\"alignleft\" title=\"Semblanza de Jos\u00e9 Vasconcelos, por Carlos Sp\u00edndola P\u00e9rez Guerrero\" src=\"http:\/\/www.eloriente.net\/home\/wp-content\/themes\/city-desk\/timthumb.php?src=http%3A%2F%2Fwww.eloriente.net%2Fhome%2Fwp-content%2Fuploads%2F2015%2F06%2FJoseVasconcelosinah-e1435158005580.jpg&amp;q=90&amp;w=90&amp;h=83&amp;zc=1\" alt=\"Semblanza de Jos\u00e9 Vasconcelos, por Carlos Sp\u00edndola P\u00e9rez Guerrero\" \/><\/a><\/p>\n<h2 class=\"posttitle \"><a title=\"Enlace Permanente a Semblanza de Jos\u00e9 Vasconcelos, por Carlos Sp\u00edndola P\u00e9rez Guerrero\" href=\"http:\/\/www.eloriente.net\/home\/2015\/06\/30\/semblanza-de-jose-vasconcelos-por-carlos-spindola-perez-guerrero\/\" rel=\"bookmark\">Semblanza de Jos\u00e9 Vasconcelos, por Carlos Sp\u00edndola P\u00e9rez Guerrero<\/a><\/h2>\n<p>(www.eloriente.net, M\u00e9xico, 30 de junio de 2015. Por: Carlos Sp\u00edndola).- Jos\u00e9 Vasconcelos naci\u00f3 un 27 de febrero de 1882, en\u2026<\/p>\n<p class=\"postmeta\"><span class=\"meta_date\">junio 30, 2015<\/span><\/p>\n<div class=\"toolbar-social\">\n<div class=\"social-widget\">\n<div id=\"sharing-widget\"><a class=\"button icon-share\">Compartir<\/a><span class=\"share-count\">7<\/span><\/div>\n<\/div>\n<\/div>\n<\/div>\n<div class=\"featuredpost\">\n<p><a href=\"http:\/\/www.eloriente.net\/home\/2015\/06\/25\/las-escuchas-de-la-mafia-del-futbol-argentino-cuanto-por-empatar-video\/\" rel=\"bookmark\"><img decoding=\"async\" class=\"alignleft\" title=\"Las Escuchas de la Mafia del Futbol Argentino; \u00bfcu\u00e1nto por empatar? (Video)\" src=\"http:\/\/www.eloriente.net\/home\/wp-content\/themes\/city-desk\/timthumb.php?src=http%3A%2F%2Fwww.eloriente.net%2Fhome%2Fwp-content%2Fuploads%2F2015%2F06%2FLa-cornisa-futbol-argentina.png&amp;q=90&amp;w=90&amp;h=83&amp;zc=1\" alt=\"Las Escuchas de la Mafia del Futbol Argentino; \u00bfcu\u00e1nto por empatar? (Video)\" \/><\/a><\/p>\n<h2 class=\"posttitle \"><a title=\"Enlace Permanente a Las Escuchas de la Mafia del Futbol Argentino; \u00bfcu\u00e1nto por empatar? (Video)\" href=\"http:\/\/www.eloriente.net\/home\/2015\/06\/25\/las-escuchas-de-la-mafia-del-futbol-argentino-cuanto-por-empatar-video\/\" rel=\"bookmark\">Las Escuchas de la Mafia del Futbol Argentino; \u00bfcu\u00e1nto por empatar? (Video)<\/a><\/h2>\n<p>(www.eloriente.net, M\u00e9xico, 25 de junio de 2015).- Poco difundidas en M\u00e9xico pero profusamente extendidas en su pa\u00eds de origen, diversas\u2026<\/p>\n<p class=\"postmeta\"><span class=\"meta_date\">junio 25, 2015<\/span><\/p>\n<\/div>\n<p>&nbsp;<\/p>\n\n\t\t\t  <div \n\t\t\t  \tclass = \"fb-comments\" \n\t\t\t  \tdata-href = \"http:\/\/www.eloriente.net\/home\/2015\/07\/07\/sin-puntos-de-encuentro-posturas-sobre-centro-de-convenciones-en-oaxaca-ccco\/\"\n\t\t\t  \tdata-numposts = \"10\"\n\t\t\t\tdata-colorscheme = \"dark\"\n\t\t\t\tdata-order-by = \"social\"\n\t\t\t\tdata-mobile=true>\n\t\t\t  <\/div>\n\t\t  <style>\n\t\t\t.fb_iframe_widget_fluid_desktop iframe {\n\t\t\t    width: 100% !important;\n\t\t\t}\n\t\t  <\/style>\n\t\t  ","protected":false},"excerpt":{"rendered":"<p>&nbsp; &nbsp; &nbsp; &nbsp; (www.eloriente.net, M\u00e9xico, 7 de julio de 2015. Por. Karla Ogarrio (Turismo El Oriente).- Por un lado, el Frente en Defensa del Fort\u00edn convoc\u00f3 a la ciudadan\u00eda para que los d\u00edas 9 y 1o de julio, asistan al Museo de Arte Contempor\u00e1neo de Oaxaca (MACO) a la presentaci\u00f3n de un par de [&hellip;]<\/p>\n","protected":false},"author":1,"featured_media":37873,"comment_status":"open","ping_status":"open","sticky":false,"template":"","format":"standard","meta":{"_jetpack_memberships_contains_paid_content":false,"footnotes":""},"categories":[29,32,63,10,23,464,21,19],"tags":[3772,3755,3713],"class_list":["post-37872","post","type-post","status-publish","format-standard","has-post-thumbnail","hentry","category-capital","category-entradas","category-estados","category-lo-mas-reciente","category-municipios","category-oaxaca-estados","category-politica-y-gobierno","category-turismo-y-negocios","tag-ccco","tag-centro-de-convenciones-de-oaxaca","tag-oaxaca-turismo"],"jetpack_featured_media_url":"http:\/\/www.eloriente.net\/home\/wp-content\/uploads\/2015\/07\/ccco-opinion.jpg","jetpack_sharing_enabled":true,"_links":{"self":[{"href":"http:\/\/www.eloriente.net\/home\/wp-json\/wp\/v2\/posts\/37872"}],"collection":[{"href":"http:\/\/www.eloriente.net\/home\/wp-json\/wp\/v2\/posts"}],"about":[{"href":"http:\/\/www.eloriente.net\/home\/wp-json\/wp\/v2\/types\/post"}],"author":[{"embeddable":true,"href":"http:\/\/www.eloriente.net\/home\/wp-json\/wp\/v2\/users\/1"}],"replies":[{"embeddable":true,"href":"http:\/\/www.eloriente.net\/home\/wp-json\/wp\/v2\/comments?post=37872"}],"version-history":[{"count":1,"href":"http:\/\/www.eloriente.net\/home\/wp-json\/wp\/v2\/posts\/37872\/revisions"}],"predecessor-version":[{"id":37874,"href":"http:\/\/www.eloriente.net\/home\/wp-json\/wp\/v2\/posts\/37872\/revisions\/37874"}],"wp:featuredmedia":[{"embeddable":true,"href":"http:\/\/www.eloriente.net\/home\/wp-json\/wp\/v2\/media\/37873"}],"wp:attachment":[{"href":"http:\/\/www.eloriente.net\/home\/wp-json\/wp\/v2\/media?parent=37872"}],"wp:term":[{"taxonomy":"category","embeddable":true,"href":"http:\/\/www.eloriente.net\/home\/wp-json\/wp\/v2\/categories?post=37872"},{"taxonomy":"post_tag","embeddable":true,"href":"http:\/\/www.eloriente.net\/home\/wp-json\/wp\/v2\/tags?post=37872"}],"curies":[{"name":"wp","href":"https:\/\/api.w.org\/{rel}","templated":true}]}}