{"id":37889,"date":"2015-07-09T10:06:20","date_gmt":"2015-07-09T16:06:20","guid":{"rendered":"http:\/\/www.eloriente.net\/home\/?p=37889"},"modified":"2015-07-09T10:07:45","modified_gmt":"2015-07-09T16:07:45","slug":"oaxaca-un-continente-que-hacemos-para-preservar-nuestra-herencia-cultural-y-natural","status":"publish","type":"post","link":"http:\/\/www.eloriente.net\/home\/2015\/07\/09\/oaxaca-un-continente-que-hacemos-para-preservar-nuestra-herencia-cultural-y-natural\/","title":{"rendered":"Oaxaca, un Continente: \u00bfQu\u00e9 hacemos para preservar nuestra herencia cultural y natural?"},"content":{"rendered":"<p><script src=\"\/\/pagead2.googlesyndication.com\/pagead\/js\/adsbygoogle.js\" async=\"\"><\/script><!-- BANNER ELORIENTE INCRUSTADO NOTAS --> <ins class=\"adsbygoogle\" style=\"display: inline-block; width: 300px; height: 250px;\" data-ad-client=\"ca-pub-1136171134853753\" data-ad-slot=\"7974633627\"><\/ins><script>\/\/ <![CDATA[\n(adsbygoogle = window.adsbygoogle || []).push({});\n\/\/ ]]><\/script><br \/>\n&nbsp;<\/p>\n<p>&nbsp;<\/p>\n<p>&nbsp;<\/p>\n<p>&nbsp;<\/p>\n<p>(www.eloriente.net, M\u00e9xico, 9 de julio de 2015. Por: \u00c1ngel Osorio @senderosoax).- Oaxaca, sin duda, es uno de los lugares m\u00e1s diversos del pa\u00eds en t\u00e9rminos geogr\u00e1ficos, biol\u00f3gicos y culturales<\/p>\n<p>Esta riqueza es la que nos hace comparar a Oaxaca con un continente. El principal activo de un destino tur\u00edstico son sus atractivos, hoy hacemos un breve recuento de los grandes atributos que hacen tan especial a nuestro estado y por los cuales es reconocido.<\/p>\n<p>Nuestro estado cuenta con 2 de los 31 sitios que M\u00e9xico tiene inscritos en la Lista de Patrimonio Mundial: Centro Hist\u00f3rico de Oaxaca y Zona arqueol\u00f3gica de Monte Alb\u00e1n (catalogado como bien cultural desde 1987) y las <strong>Cuevas prehist\u00f3ricas de Yagul y Mitla en los Valles Centrales de Oaxaca (catalogado como bien cultural desde 2010).* <\/strong>Esta enorme riqueza cultural es la que sostiene, junto con el patrimonio cultural intangible, el turismo en la capital y los Valles Centrales.<\/p>\n<p>Sin embargo, no solo nuestra herencia cultural es reconocida, la naturaleza ha sido pr\u00f3diga y nos ha otorgado bosques, r\u00edos, playas, en fin, una enorme diversidad que atrae al viajero y que tambi\u00e9n nos favorecen en ese \u00e1mbito. El otro polo tur\u00edstico de mayor peso en el estado es nuestra costa, con grandes bellezas naturales y en donde destaca Playa Chahu\u00e9, reconocida con el distintivo \u201cBlue Flag\u201d<\/p>\n<p>\u201cBlue Flag\u201d es un reconocimiento que otorga la Foundation for Environmental Education (FEE) a playas que acreditan el cumplimiento de 33 criterios englobados en cuatro categor\u00edas:<strong> Informaci\u00f3n y Educaci\u00f3n Ambiental, Calidad de Agua, Gesti\u00f3n y Manejo Ambiental, Seguridad y Servicios***, s\u00f3lo 11 playas y una marina de 8 estados cuentan con este distintivo en nuestro pa\u00eds. <\/strong><\/p>\n<p>No pasamos por alto, tampoco el nombramiento como \u201cPueblo M\u00e1gico\u201d a Capulalpam de M\u00e9ndez, una de los hasta el momento, 83 poblaciones que cuentan con esta denominaci\u00f3n que les permite acceder a mayores recursos para destinar al fomento tur\u00edstico y desarrollo local.<\/p>\n<p>Las tendencias del turismo apuntan hoy hacia destinos sustentables, con pol\u00edticas ambientales y de respeto a la cultura local, las preguntas surgen de manera natural \u00bfest\u00e1 la sociedad contribuyendo a la preservaci\u00f3n de nuestra herencia? \u00bfEst\u00e1 la industria tur\u00edstica contribuyendo a la preservaci\u00f3n de nuestra herencia? \u00bfEst\u00e1 el gobierno contribuyendo con pol\u00edticas p\u00fablicas adecuadas a al preservaci\u00f3n de nuestra herencia?<\/p>\n<p>Como bien apunta la UNESCO, \u201cla inscripci\u00f3n de un sitio en la Lista del Patrimonio Mundial puede resultar en retos de preservaci\u00f3n concretos, lo cual hace que las pr\u00e1cticas de gesti\u00f3n apropiadas y sostenibles sean vitales para proteger su Valor Universal Excepcional\u201d de este tama\u00f1o es el reto de la preservaci\u00f3n de nuestra herencia cultural y natural.<\/p>\n<p>* http:\/\/www.unesco.org\/new\/es\/mexico\/work-areas\/culture\/world-heritage\/<\/p>\n<p>** Patrimonio mundial y buenas pr\u00e1cticas <a href=\"http:\/\/publishing.unesco.org\/details.aspx?Code_Livre=4988\">http:\/\/publishing.unesco.org\/details.aspx?Code_Livre=4988<\/a><\/p>\n<p>*** http:\/\/www.blueflagmexico.org\/Criterios.php<\/p>\n<p><a href=\"http:\/\/www.eloriente.net\/home\/wp-content\/uploads\/2014\/09\/Huatulco-Daniel-Lobo1.jpg\"><img loading=\"lazy\" decoding=\"async\" class=\"alignnone size-medium wp-image-32205\" src=\"http:\/\/www.eloriente.net\/home\/wp-content\/uploads\/2014\/09\/Huatulco-Daniel-Lobo1-300x225.jpg\" alt=\"Huatulco - Daniel Lobo\" width=\"300\" height=\"225\" srcset=\"http:\/\/www.eloriente.net\/home\/wp-content\/uploads\/2014\/09\/Huatulco-Daniel-Lobo1-300x225.jpg 300w, http:\/\/www.eloriente.net\/home\/wp-content\/uploads\/2014\/09\/Huatulco-Daniel-Lobo1-1024x768.jpg 1024w, http:\/\/www.eloriente.net\/home\/wp-content\/uploads\/2014\/09\/Huatulco-Daniel-Lobo1.jpg 2048w\" sizes=\"(max-width: 300px) 100vw, 300px\" \/><\/a><\/p>\n<p>IMAGEN:\u00a0Huatulco-Daniel-Lobo<\/p>\n<p><strong>OTRAS ENTRADAS:<\/strong><\/p>\n<div class=\"featuredpost\">\n<h2 class=\"posttitle bigposttitle\"><a title=\"Enlace Permanente a Litigantes en Oaxaca recibir\u00e1n notificaciones v\u00eda \u2018token\u2019\" href=\"http:\/\/www.eloriente.net\/home\/2015\/07\/06\/litigantes-en-oaxaca-recibiran-notificaciones-via-token\/\" rel=\"bookmark\">Litigantes en Oaxaca recibir\u00e1n notificaciones v\u00eda \u2018token\u2019<\/a><\/h2>\n<p>eloriente.net\/TSJEO 6 de julio de 2015 El titular del Poder Judicial de Oaxaca, magistrado Alfredo Rodrigo Lagunas\u2026<\/p>\n<p class=\"postmeta\"><span class=\"meta_date\">julio 6, 2015<\/span><\/p>\n<div class=\"toolbar-social\">\n<div class=\"social-widget\">\n<div id=\"sharing-widget\"><a class=\"button icon-share\">Compartir<\/a><span class=\"share-count\">295<\/span><\/div>\n<\/div>\n<\/div>\n<\/div>\n<div class=\"featuredpost\">\n<p><a href=\"http:\/\/www.eloriente.net\/home\/2015\/06\/30\/semblanza-de-jose-vasconcelos-por-carlos-spindola-perez-guerrero\/\" rel=\"bookmark\"><img decoding=\"async\" class=\"alignleft\" title=\"Semblanza de Jos\u00e9 Vasconcelos, por Carlos Sp\u00edndola P\u00e9rez Guerrero\" src=\"http:\/\/www.eloriente.net\/home\/wp-content\/themes\/city-desk\/timthumb.php?src=http%3A%2F%2Fwww.eloriente.net%2Fhome%2Fwp-content%2Fuploads%2F2015%2F06%2FJoseVasconcelosinah-e1435158005580.jpg&amp;q=90&amp;w=90&amp;h=83&amp;zc=1\" alt=\"Semblanza de Jos\u00e9 Vasconcelos, por Carlos Sp\u00edndola P\u00e9rez Guerrero\" \/><\/a><\/p>\n<h2 class=\"posttitle \"><a title=\"Enlace Permanente a Semblanza de Jos\u00e9 Vasconcelos, por Carlos Sp\u00edndola P\u00e9rez Guerrero\" href=\"http:\/\/www.eloriente.net\/home\/2015\/06\/30\/semblanza-de-jose-vasconcelos-por-carlos-spindola-perez-guerrero\/\" rel=\"bookmark\">Semblanza de Jos\u00e9 Vasconcelos, por Carlos Sp\u00edndola P\u00e9rez Guerrero<\/a><\/h2>\n<p>(www.eloriente.net, M\u00e9xico, 30 de junio de 2015. Por: Carlos Sp\u00edndola).- Jos\u00e9 Vasconcelos naci\u00f3 un 27 de febrero de 1882, en\u2026<\/p>\n<p class=\"postmeta\"><span class=\"meta_date\">junio 30, 2015<\/span><\/p>\n<div class=\"toolbar-social\">\n<div class=\"social-widget\">\n<div id=\"sharing-widget\"><a class=\"button icon-share\">Compartir<\/a><span class=\"share-count\">7<\/span><\/div>\n<\/div>\n<\/div>\n<\/div>\n<div class=\"featuredpost\">\n<p><a href=\"http:\/\/www.eloriente.net\/home\/2015\/06\/25\/las-escuchas-de-la-mafia-del-futbol-argentino-cuanto-por-empatar-video\/\" rel=\"bookmark\"><img decoding=\"async\" class=\"alignleft\" title=\"Las Escuchas de la Mafia del Futbol Argentino; \u00bfcu\u00e1nto por empatar? (Video)\" src=\"http:\/\/www.eloriente.net\/home\/wp-content\/themes\/city-desk\/timthumb.php?src=http%3A%2F%2Fwww.eloriente.net%2Fhome%2Fwp-content%2Fuploads%2F2015%2F06%2FLa-cornisa-futbol-argentina.png&amp;q=90&amp;w=90&amp;h=83&amp;zc=1\" alt=\"Las Escuchas de la Mafia del Futbol Argentino; \u00bfcu\u00e1nto por empatar? (Video)\" \/><\/a><\/p>\n<h2 class=\"posttitle \"><a title=\"Enlace Permanente a Las Escuchas de la Mafia del Futbol Argentino; \u00bfcu\u00e1nto por empatar? (Video)\" href=\"http:\/\/www.eloriente.net\/home\/2015\/06\/25\/las-escuchas-de-la-mafia-del-futbol-argentino-cuanto-por-empatar-video\/\" rel=\"bookmark\">Las Escuchas de la Mafia del Futbol Argentino; \u00bfcu\u00e1nto por empatar? (Video)<\/a><\/h2>\n<p>(www.eloriente.net, M\u00e9xico, 25 de junio de 2015).- Poco difundidas en M\u00e9xico pero profusamente extendidas en su pa\u00eds de origen, diversas\u2026<\/p>\n<p class=\"postmeta\"><span class=\"meta_date\">junio 25, 2015<\/span><\/p>\n<\/div>\n\n\t\t\t  <div \n\t\t\t  \tclass = \"fb-comments\" \n\t\t\t  \tdata-href = \"http:\/\/www.eloriente.net\/home\/2015\/07\/09\/oaxaca-un-continente-que-hacemos-para-preservar-nuestra-herencia-cultural-y-natural\/\"\n\t\t\t  \tdata-numposts = \"10\"\n\t\t\t\tdata-colorscheme = \"dark\"\n\t\t\t\tdata-order-by = \"social\"\n\t\t\t\tdata-mobile=true>\n\t\t\t  <\/div>\n\t\t  <style>\n\t\t\t.fb_iframe_widget_fluid_desktop iframe {\n\t\t\t    width: 100% !important;\n\t\t\t}\n\t\t  <\/style>\n\t\t  ","protected":false},"excerpt":{"rendered":"<p>&nbsp; &nbsp; &nbsp; &nbsp; (www.eloriente.net, M\u00e9xico, 9 de julio de 2015. Por: \u00c1ngel Osorio @senderosoax).- Oaxaca, sin duda, es uno de los lugares m\u00e1s diversos del pa\u00eds en t\u00e9rminos geogr\u00e1ficos, biol\u00f3gicos y culturales Esta riqueza es la que nos hace comparar a Oaxaca con un continente. El principal activo de un destino tur\u00edstico son sus [&hellip;]<\/p>\n","protected":false},"author":40,"featured_media":32205,"comment_status":"open","ping_status":"open","sticky":false,"template":"","format":"standard","meta":{"_jetpack_memberships_contains_paid_content":false,"footnotes":""},"categories":[3387,11,32,13,3719,24,23,31,19],"tags":[785,3814,3813],"class_list":["post-37889","post","type-post","status-publish","format-standard","has-post-thumbnail","hentry","category-angel-osorio-morales","category-colaboradores","category-entradas","category-especiales","category-huatulco-municipios","category-mexico-y-el-mundo","category-municipios","category-principal","category-turismo-y-negocios","tag-huatulco","tag-playas-de-mexico","tag-reconocimientos-a-oaxaca"],"jetpack_featured_media_url":"http:\/\/www.eloriente.net\/home\/wp-content\/uploads\/2014\/09\/Huatulco-Daniel-Lobo1.jpg","jetpack_sharing_enabled":true,"_links":{"self":[{"href":"http:\/\/www.eloriente.net\/home\/wp-json\/wp\/v2\/posts\/37889"}],"collection":[{"href":"http:\/\/www.eloriente.net\/home\/wp-json\/wp\/v2\/posts"}],"about":[{"href":"http:\/\/www.eloriente.net\/home\/wp-json\/wp\/v2\/types\/post"}],"author":[{"embeddable":true,"href":"http:\/\/www.eloriente.net\/home\/wp-json\/wp\/v2\/users\/40"}],"replies":[{"embeddable":true,"href":"http:\/\/www.eloriente.net\/home\/wp-json\/wp\/v2\/comments?post=37889"}],"version-history":[{"count":1,"href":"http:\/\/www.eloriente.net\/home\/wp-json\/wp\/v2\/posts\/37889\/revisions"}],"predecessor-version":[{"id":37890,"href":"http:\/\/www.eloriente.net\/home\/wp-json\/wp\/v2\/posts\/37889\/revisions\/37890"}],"wp:featuredmedia":[{"embeddable":true,"href":"http:\/\/www.eloriente.net\/home\/wp-json\/wp\/v2\/media\/32205"}],"wp:attachment":[{"href":"http:\/\/www.eloriente.net\/home\/wp-json\/wp\/v2\/media?parent=37889"}],"wp:term":[{"taxonomy":"category","embeddable":true,"href":"http:\/\/www.eloriente.net\/home\/wp-json\/wp\/v2\/categories?post=37889"},{"taxonomy":"post_tag","embeddable":true,"href":"http:\/\/www.eloriente.net\/home\/wp-json\/wp\/v2\/tags?post=37889"}],"curies":[{"name":"wp","href":"https:\/\/api.w.org\/{rel}","templated":true}]}}