{"id":37891,"date":"2015-07-09T10:15:02","date_gmt":"2015-07-09T16:15:02","guid":{"rendered":"http:\/\/www.eloriente.net\/home\/?p=37891"},"modified":"2015-07-14T06:06:26","modified_gmt":"2015-07-14T12:06:26","slug":"la-brecha-digital-en-oaxaca-por-diego-gonzalez","status":"publish","type":"post","link":"http:\/\/www.eloriente.net\/home\/2015\/07\/09\/la-brecha-digital-en-oaxaca-por-diego-gonzalez\/","title":{"rendered":"La Brecha Digital en Oaxaca, por Diego Gonz\u00e1lez"},"content":{"rendered":"<p><script src=\"\/\/pagead2.googlesyndication.com\/pagead\/js\/adsbygoogle.js\" async=\"\"><\/script><!-- BANNER ELORIENTE INCRUSTADO NOTAS --> <ins class=\"adsbygoogle\" style=\"display: inline-block; width: 300px; height: 250px;\" data-ad-client=\"ca-pub-1136171134853753\" data-ad-slot=\"7974633627\"><\/ins><script>\/\/ <![CDATA[\n(adsbygoogle = window.adsbygoogle || []).push({});\n\/\/ ]]><\/script><\/p>\n<p>&nbsp;<\/p>\n<p>&nbsp;<\/p>\n<p>&nbsp;<\/p>\n<p>&nbsp;<\/p>\n<p><em>Las nuevas tecnolog\u00edas son herramientas que nos maravillan cada d\u00eda y que suelen hacernos la vida m\u00e1s f\u00e1cil, sin embargo sino se aplican la pol\u00edticas adecuadas pueden convertirse tambi\u00e9n en herramientas que ayuden a agrandar las desigualdades y en separar cada vez a el mundo de las personas que conocen y tienen posibilidades de aquel de las personas que no lo hacen y quedan desconectadas. <\/em><\/p>\n<p style=\"text-align: right;\"><em>I Conferencia Internacional sobre Brecha Digital e Inclusi\u00f3n Social<\/em><\/p>\n<p>(www.eloriente.net, M\u00e9xico, 9 de julio de 2015. Por. Diego Gonz\u00e1lez Algara).- La pobreza en Oaxaca cada d\u00eda, cada mes, cada a\u00f1o es m\u00e1s compleja y dif\u00edcil. Al parecer no tenemos la capacidad para exigir a los gobiernos que se utilicen los recursos en donde deben, la corrupci\u00f3n sigue siendo la bandera de la mayor\u00eda de los pol\u00edticos y nosotros como individuos no tenemos las agallas ni el \u201ctiempo\u201d para poner un alto o para proponer alternativas para mejorar las circunstancias de la poblaci\u00f3n de Oaxaca.<\/p>\n<p>En el m\u00e1s reciente reporte del Programa de las Naciones Unidas para el Desarrollo (PNUD) referente a el \u00cdndice de Desarrollo Humano (IDH) para las entidades federativas, M\u00e9xico 2015; el querido estado de Oaxaca se encuentra en el mismo nivel que en el 2010, 0.681 equivalente al nivel de pa\u00edses africanos en contraste con la Cd. De M\u00e9xico o el Estado de Nuevo Le\u00f3n que se encuentran con niveles de desarrollo avanzados comparados con pa\u00edses como Andorra. El estado de Oaxaca tendr\u00eda posibilidades de alcanzar el desarrollo que tiene el D\u00cdA de HOY la cd. De M\u00e9xico, en t\u00e9rminos de salud, educaci\u00f3n e ingreso en el a\u00f1o 2073, en 58 a\u00f1os.<\/p>\n<p>Dentro de este panorama se suma otra problem\u00e1tica, la brecha digital.<\/p>\n<p>La pobreza digital est\u00e1 relacionada con la pobreza de comunicaci\u00f3n e informaci\u00f3n, que consiste en la privaci\u00f3n de las capacidades b\u00e1sicas de participaci\u00f3n en la tan citada sociedad de la informaci\u00f3n.<\/p>\n<p>En art\u00edculos previos analizamos opciones educativas gratuitas. Desde Youtube EDU hasta Coursera, ensalzando las posibilidades de estudiar desde cualquier lugar del planeta en las mejores universidades del mundo, la UNAM, Harvard, Stanford, La Universidad Cat\u00f3lica de Chile, entre muchas otras.<\/p>\n<p>Pero qu\u00e9 es lo que ocurre cuando no se tiene acceso ni siquiera a las necesidades m\u00e1s b\u00e1sicas.<\/p>\n<p>Hay un gran un barranco que ampl\u00eda abruptamente la distancia entre quienes tenemos la posibilidad de tener acceso a una computadora y el internet y de quienes no.<\/p>\n<p>Oaxaca es muestra de esta gran brecha digital. \u00bfPero qu\u00e9 se est\u00e1 haciendo desde el gobierno para incluir acercar las herramientas a la poblaci\u00f3n oaxaque\u00f1a?<\/p>\n<p>En la investigaci\u00f3n <em>Brecha digital y pobreza digital en el estado de Oaxaca <\/em>del Dr. Sergio R. Coria et al, publicado en Conciencia Tecnol\u00f3gica (No. 42, Julio-Diciembre 2011) hacen un recorrido profundo de la situaci\u00f3n de la entidad y de las acciones gubernamentales enfocadas a reducir la brecha digital<\/p>\n<p>Los especialistas de la Universidad de la Sierra Sur del Estado de Oaxaca, mencionan que el gobierno federal en a\u00f1o 2001 a trav\u00e9s de la Secretar\u00eda de Comunicaciones y Transportes instauraron el Sistema Nacional e-M\u00e9xico, con la finalidad de acercar a los ciudadanos mexicanos a la sociedad de la informaci\u00f3n.<\/p>\n<p><em>La Plataforma e-M\u00e9xico fue constituida por: la Red Nacional de Impulso a la Banda Ancha (Red NIBA), 32 redes estatales inal\u00e1mbricas de banda ancha, y redes convergentes satelitales de voz y datos para 60,000 mil lugares de acceso. Tambi\u00e9n, e-M\u00e9xico estableci\u00f3 la Campa\u00f1a Nacional por la Inclusi\u00f3n Digital Vasconcelos 2.0, para promover que adultos aprendan a usar Internet y herramientas complementarias. <\/em><\/p>\n<p>Dentro de esta tesitura de infraestructura gubernamental\u00a0\u00a0 la Secretar\u00eda de Desarrollo Social de la federaci\u00f3n, ha creado y supervisado los Centros Comunitarios de Aprendizaje (C.C.A.), con la participaci\u00f3n de gobiernos estatales y municipales. Los C.C.A. prestan (o rentan) computadoras con acceso a Internet. Existen 2,128 en todo el pa\u00eds y durante el periodo 2001-2010 se han instalado 356 en el Estado de Oaxaca, con una inversi\u00f3n federal de 66 millones 866 mil 981 pesos (Instala SEDESOL 54 Centros Comunitarios de Aprendizaje, en Ciudadan\u00eda Express. (2011): Oaxaca).<\/p>\n<p>Aunque este tipo de iniciativas han presentado problem\u00e1ticas que van desde la falta electricidad en algunos de los municipios beneficiados hasta problemas de operaci\u00f3n como lo son mala calidad de la conectividad a Internet, el personal que los administra carece de capacitaci\u00f3n, desinter\u00e9s de los gobiernos municipales lo que desemboca en nulo apoyo econ\u00f3mico, etc. Representan una luz en las tinieblas en que se encuentra el estado de Oaxaca.<\/p>\n<p>A partir de los C.C.A. se pueden aterrizar proyectos muy interesantes que van desde la educaci\u00f3n virtual para llevarles cursos que de otra forma ser\u00edan econ\u00f3micamente inaccesibles hasta generar redes de colaboraci\u00f3n con otras comunidades del resto del mundo para conocer casos de \u00e9xito en el desarrollo comunitario.<\/p>\n<p>En el documento\u201d La brecha digital en Am\u00e9rica Latina\u201d publicado por el Sistema de Informaci\u00f3n de Tendencias Educativas en Am\u00e9rica Latina en 2012 mencionan que:<\/p>\n<p><em> la integraci\u00f3n de las nuevas Tecnolog\u00edas de Informaci\u00f3n y Comunicaci\u00f3n en los distintos sistemas educativos de la regi\u00f3n (Latinoam\u00e9rica) se configura como una estrategia central para generar nuevas oportunidades de aprendizaje para aquellas personas que no tienen acceso a Internet en sus hogares. Incluso, el desarrollo de estas nuevas tecnolog\u00edas en el marco de infraestructuras p\u00fablicas de redes, abona al fortalecimiento de la integraci\u00f3n territorial, articulando la comunidad local con instancias provinciales, nacionales, regionales y globales. <\/em><\/p>\n<p>El estudio hace menci\u00f3n de Los programas de entrega de netbooks a estudiantes de nivel primario y secundario que han comenzado a implementar varias Secretar\u00edas o Ministerios de Educaci\u00f3n, garantizando la conectividad, son ejemplos relativamente recientes que dan cuenta de la contienda por reducir la brecha digital en la regi\u00f3n.<\/p>\n<p>Tambi\u00e9n es oportuno analizar los impactos que han tenido en otras regiones del continente programas similares al sistema nacional e- M\u00e9xico como: RCP Cabinas telef\u00f3nicas en Per\u00fa; Redes inal\u00e1mbricas educativas en Barbados; Ni\u00f1os de la Calle en Ecuador; y los centros de entrenamiento de Internet de la Uni\u00f3n Internacional de Telecomunicaciones.<\/p>\n<p>Es necesario poco a poco ir buscando alternativas que permitan terminar con la pobreza en el Estado de Oaxaca. Cerrar la brecha digital definitivamente abrir\u00e1 canales que permitan mejorar la calidad de vida.<\/p>\n<p><a href=\"http:\/\/www.eloriente.net\/home\/wp-content\/uploads\/2014\/02\/pobreza.jpg\"><img loading=\"lazy\" decoding=\"async\" class=\"alignnone size-medium wp-image-21544\" src=\"http:\/\/www.eloriente.net\/home\/wp-content\/uploads\/2014\/02\/pobreza-300x200.jpg\" alt=\"pobreza\" width=\"300\" height=\"200\" srcset=\"http:\/\/www.eloriente.net\/home\/wp-content\/uploads\/2014\/02\/pobreza-300x200.jpg 300w, http:\/\/www.eloriente.net\/home\/wp-content\/uploads\/2014\/02\/pobreza-1024x682.jpg 1024w\" sizes=\"(max-width: 300px) 100vw, 300px\" \/><\/a><\/p>\n<p><strong>OTRAS ENTRADAS:<\/strong><\/p>\n<div class=\"featuredpost\">\n<p><a href=\"http:\/\/www.eloriente.net\/home\/2015\/07\/01\/twitter-y-la-diplomacia-en-el-mundo-por-argel-rios\/\" rel=\"bookmark\"><img decoding=\"async\" class=\"alignleft\" title=\"Twitter y la Diplomacia en el Mundo, por Argel R\u00edos\" src=\"http:\/\/www.eloriente.net\/home\/wp-content\/themes\/city-desk\/timthumb.php?src=http%3A%2F%2Fwww.eloriente.net%2Fhome%2Fwp-content%2Fuploads%2F2015%2F07%2Ftwiplomacy2015-argel-rios.png&amp;q=90&amp;w=90&amp;h=83&amp;zc=1\" alt=\"Twitter y la Diplomacia en el Mundo, por Argel R\u00edos\" \/><\/a><\/p>\n<h2 class=\"posttitle bigposttitle\"><a title=\"Enlace Permanente a Twitter y la Diplomacia en el Mundo, por Argel R\u00edos\" href=\"http:\/\/www.eloriente.net\/home\/2015\/07\/01\/twitter-y-la-diplomacia-en-el-mundo-por-argel-rios\/\" rel=\"bookmark\">Twitter y la Diplomacia en el Mundo, por Argel R\u00edos<\/a><\/h2>\n<p>eloriente.net\/Argel R\u00edos 1 de julio de 2015 Por: Argel Rios\u00a0@argelrios En los a\u00f1os recientes la red social Twitter se ha convertido en el espacio donde\u2026<\/p>\n<p class=\"postmeta\"><span class=\"meta_date\">julio 1, 2015<\/span><\/p>\n<div class=\"toolbar-social\">\n<div class=\"social-widget\">\n<div id=\"sharing-widget\"><a class=\"button icon-share\">Compartir<\/a><span class=\"share-count\">11<\/span><\/div>\n<\/div>\n<\/div>\n<\/div>\n<div class=\"featuredpost\">\n<p><a href=\"http:\/\/www.eloriente.net\/home\/2015\/06\/30\/oaxaqueno-edgar-bruno-diaz-se-integra-a-lideres-del-manana\/\" rel=\"bookmark\"><img decoding=\"async\" class=\"alignleft\" title=\"Oaxaque\u00f1o Edgar Bruno D\u00edaz se integra a \u2018L\u00edderes del Ma\u00f1ana\u2019\" src=\"http:\/\/www.eloriente.net\/home\/wp-content\/themes\/city-desk\/timthumb.php?src=http%3A%2F%2Fwww.eloriente.net%2Fhome%2Fwp-content%2Fuploads%2F2015%2F06%2FEdgar-bruno-tec-de-monterrey1.jpg&amp;q=90&amp;w=90&amp;h=83&amp;zc=1\" alt=\"Oaxaque\u00f1o Edgar Bruno D\u00edaz se integra a \u2018L\u00edderes del Ma\u00f1ana\u2019\" \/><\/a><\/p>\n<h2 class=\"posttitle \"><a title=\"Enlace Permanente a Oaxaque\u00f1o Edgar Bruno D\u00edaz se integra a \u2018L\u00edderes del Ma\u00f1ana\u2019\" href=\"http:\/\/www.eloriente.net\/home\/2015\/06\/30\/oaxaqueno-edgar-bruno-diaz-se-integra-a-lideres-del-manana\/\" rel=\"bookmark\">Oaxaque\u00f1o Edgar Bruno D\u00edaz se integra a \u2018L\u00edderes del Ma\u00f1ana\u2019<\/a><\/h2>\n<p>eloriente.net\/Tec de Monterrey 30 de junio de 2015 A nivel nacional, la instituci\u00f3n universitaria ha entregado becas del 100% a m\u00e1s de 350 j\u00f3venes\u2026<\/p>\n<p class=\"postmeta\"><span class=\"meta_date\">junio 30, 2015<\/span><\/p>\n<\/div>\n\n\t\t\t  <div \n\t\t\t  \tclass = \"fb-comments\" \n\t\t\t  \tdata-href = \"http:\/\/www.eloriente.net\/home\/2015\/07\/09\/la-brecha-digital-en-oaxaca-por-diego-gonzalez\/\"\n\t\t\t  \tdata-numposts = \"10\"\n\t\t\t\tdata-colorscheme = \"dark\"\n\t\t\t\tdata-order-by = \"social\"\n\t\t\t\tdata-mobile=true>\n\t\t\t  <\/div>\n\t\t  <style>\n\t\t\t.fb_iframe_widget_fluid_desktop iframe {\n\t\t\t    width: 100% !important;\n\t\t\t}\n\t\t  <\/style>\n\t\t  ","protected":false},"excerpt":{"rendered":"<p>&nbsp; &nbsp; &nbsp; &nbsp; Las nuevas tecnolog\u00edas son herramientas que nos maravillan cada d\u00eda y que suelen hacernos la vida m\u00e1s f\u00e1cil, sin embargo sino se aplican la pol\u00edticas adecuadas pueden convertirse tambi\u00e9n en herramientas que ayuden a agrandar las desigualdades y en separar cada vez a el mundo de las personas que conocen y [&hellip;]<\/p>\n","protected":false},"author":42,"featured_media":21544,"comment_status":"open","ping_status":"open","sticky":false,"template":"","format":"standard","meta":{"_jetpack_memberships_contains_paid_content":false,"footnotes":""},"categories":[11,3677,18,32,23,21,17,19],"tags":[3815,3623],"class_list":["post-37891","post","type-post","status-publish","format-standard","has-post-thumbnail","hentry","category-colaboradores","category-diego-gonzalez-algara","category-educacion-y-cultura","category-entradas","category-municipios","category-politica-y-gobierno","category-tecnologia","category-turismo-y-negocios","tag-brecha-digital-en-oaxaca","tag-usuarios-de-internet-en-oaxaca"],"jetpack_featured_media_url":"http:\/\/www.eloriente.net\/home\/wp-content\/uploads\/2014\/02\/pobreza.jpg","jetpack_sharing_enabled":true,"_links":{"self":[{"href":"http:\/\/www.eloriente.net\/home\/wp-json\/wp\/v2\/posts\/37891"}],"collection":[{"href":"http:\/\/www.eloriente.net\/home\/wp-json\/wp\/v2\/posts"}],"about":[{"href":"http:\/\/www.eloriente.net\/home\/wp-json\/wp\/v2\/types\/post"}],"author":[{"embeddable":true,"href":"http:\/\/www.eloriente.net\/home\/wp-json\/wp\/v2\/users\/42"}],"replies":[{"embeddable":true,"href":"http:\/\/www.eloriente.net\/home\/wp-json\/wp\/v2\/comments?post=37891"}],"version-history":[{"count":1,"href":"http:\/\/www.eloriente.net\/home\/wp-json\/wp\/v2\/posts\/37891\/revisions"}],"predecessor-version":[{"id":37892,"href":"http:\/\/www.eloriente.net\/home\/wp-json\/wp\/v2\/posts\/37891\/revisions\/37892"}],"wp:featuredmedia":[{"embeddable":true,"href":"http:\/\/www.eloriente.net\/home\/wp-json\/wp\/v2\/media\/21544"}],"wp:attachment":[{"href":"http:\/\/www.eloriente.net\/home\/wp-json\/wp\/v2\/media?parent=37891"}],"wp:term":[{"taxonomy":"category","embeddable":true,"href":"http:\/\/www.eloriente.net\/home\/wp-json\/wp\/v2\/categories?post=37891"},{"taxonomy":"post_tag","embeddable":true,"href":"http:\/\/www.eloriente.net\/home\/wp-json\/wp\/v2\/tags?post=37891"}],"curies":[{"name":"wp","href":"https:\/\/api.w.org\/{rel}","templated":true}]}}