{"id":38020,"date":"2015-07-16T10:12:31","date_gmt":"2015-07-16T16:12:31","guid":{"rendered":"http:\/\/www.eloriente.net\/home\/?p=38020"},"modified":"2015-07-16T10:27:24","modified_gmt":"2015-07-16T16:27:24","slug":"promocion-y-difusion-del-turismo-i-por-angel-osorio","status":"publish","type":"post","link":"http:\/\/www.eloriente.net\/home\/2015\/07\/16\/promocion-y-difusion-del-turismo-i-por-angel-osorio\/","title":{"rendered":"Promoci\u00f3n y difusi\u00f3n del Turismo I, por \u00c1ngel Osorio"},"content":{"rendered":"<p><script src=\"\/\/pagead2.googlesyndication.com\/pagead\/js\/adsbygoogle.js\" async=\"\"><\/script><!-- BANNER ELORIENTE INCRUSTADO NOTAS --> <ins class=\"adsbygoogle\" style=\"display: inline-block; width: 300px; height: 250px;\" data-ad-client=\"ca-pub-1136171134853753\" data-ad-slot=\"7974633627\"><\/ins><script>\/\/ <![CDATA[\n(adsbygoogle = window.adsbygoogle || []).push({});\n\/\/ ]]><\/script><br \/>\n&nbsp;<\/p>\n<p>&nbsp;<\/p>\n<p>(www.eloriente.net, M\u00e9xico, 16 de julio de 2015. Por. <a href=\"http:\/\/www.eloriente.net\/home\/category\/colaboradores\/angel-osorio-morales\/\" target=\"_blank\">\u00c1ngel Osorio<\/a> <a href=\"https:\/\/twitter.com\/senderosoax\" target=\"_blank\">@senderosoax<\/a>).- El fen\u00f3meno tur\u00edstico, como todo sistema, depende de todas y cada una de sus partes funcionando de manera activa, eficiente e innovadora para lograr la competitividad. La promoci\u00f3n y difusi\u00f3n es, sin duda, un factor catalizador.<\/p>\n<p>La tendencia es hoy hacia viajes independientes, donde cada turista potencial ya no se sujeta a viajes organizados y estructurados por organismos y proveedores de servicios, sino que ellos mismos buscan y organizan su viaje.<\/p>\n<p>Hoy, la competencia por los visitantes se da en un contexto de ampliaci\u00f3n de oferta y demanda, de segmentaci\u00f3n de mercados a niveles casi microsc\u00f3picos, el surgimiento de nuevos productos tur\u00edsticos y, en medio de todo esto, se encuentran las nuevas tecnolog\u00edas de la informaci\u00f3n y de la comunicaci\u00f3n que juegan un papel importante, m\u00e1s all\u00e1 de la b\u00fasqueda de informaci\u00f3n, permiten ahora organizar el viaje de manera f\u00e1cil y sencilla.<\/p>\n<p>A pesar de estar en un nuevo paradigma, muchos planes y acciones de promoci\u00f3n siguen una inercia que ya no corresponde a las necesidades actuales y que impactan, por supuesto, en la competitividad de los destinos.<\/p>\n<p>El diagn\u00f3stico del Programa Sectorial de Turismo 2013 \u2013 2018 arroja algunas explicaciones: \u201cEn general, la promoci\u00f3n tur\u00edstica de M\u00e9xico ha sido limitada en cuanto a la diversidad de atractivos y productos que se dan a conocer al mundo, ya que se ha concentrado, principalmente, en el producto sol y playa.\u201d<\/p>\n<p>Y contin\u00faa: \u201cLas oportunidades que ofrece el turismo cultural, el turismo de naturaleza, aventura y el ecoturismo, el turismo de salud, religioso, de lujo y de reuniones, por mencionar algunos, han sido insuficientemente aprovechadas, pese a que representan un alto potencial de ingresos para el pa\u00eds, por el elevado gasto que realizan los turistas que buscan este tipo de experiencias de viaje\u201d.<\/p>\n<p>En este sentido, la comunicaci\u00f3n tur\u00edstica adquiere cada d\u00eda m\u00e1s relevancia. La pregunta es \u00bflas estrategias de promoci\u00f3n y difusi\u00f3n tur\u00edsticas que se est\u00e1n ejecutando en Oaxaca, son acordes a las demandas del mercado?<\/p>\n<p>El primer obst\u00e1culo que nos enfrentamos para hacer una an\u00e1lisis en la materia es el acceso a la informaci\u00f3n. No hay informes claros del impacto que las campa\u00f1as publicitarias ejecutadas han tenido sobre el n\u00famero de visitantes, tampoco hay informaci\u00f3n precisa de los presupuestos ejercidos en esta materia, los indicadores son reservados.<\/p>\n<p>En resumen, falta transparencia y rendici\u00f3n de cuentas en materia de promoci\u00f3n y difusi\u00f3n del turismo en Oaxaca.<\/p>\n<p><a href=\"http:\/\/www.eloriente.net\/home\/wp-content\/uploads\/2014\/11\/feria_mundial_de_turismo_cultural.jpg\"><img loading=\"lazy\" decoding=\"async\" class=\"alignnone  wp-image-34099\" src=\"http:\/\/www.eloriente.net\/home\/wp-content\/uploads\/2014\/11\/feria_mundial_de_turismo_cultural-1024x577.jpg\" alt=\"feria_mundial_de_turismo_cultural\" width=\"490\" height=\"276\" srcset=\"http:\/\/www.eloriente.net\/home\/wp-content\/uploads\/2014\/11\/feria_mundial_de_turismo_cultural-1024x577.jpg 1024w, http:\/\/www.eloriente.net\/home\/wp-content\/uploads\/2014\/11\/feria_mundial_de_turismo_cultural-300x169.jpg 300w, http:\/\/www.eloriente.net\/home\/wp-content\/uploads\/2014\/11\/feria_mundial_de_turismo_cultural.jpg 1920w\" sizes=\"(max-width: 490px) 100vw, 490px\" \/><\/a><\/p>\n<p>&nbsp;<\/p>\n<p><strong>OTRAS ENTRADAS:<\/strong><\/p>\n<div class=\"featuredpost\">\n<p><a href=\"http:\/\/www.eloriente.net\/home\/2015\/07\/15\/pena-nieto-con-aprobacion-de-39-de-mexicanos-dilma-con-10-consulta-mitofsky\/\" rel=\"bookmark\"><img decoding=\"async\" class=\"alignleft\" title=\"Pe\u00f1a Nieto con aprobaci\u00f3n de 39% de mexicanos; Dilma con 10%: Consulta Mitofsky\" src=\"http:\/\/www.eloriente.net\/home\/wp-content\/themes\/city-desk\/timthumb.php?src=http%3A%2F%2Fwww.eloriente.net%2Fhome%2Fwp-content%2Fuploads%2F2015%2F07%2FRanking-mandatarios-mitofsky-julio-2015-1-12.png&amp;q=90&amp;w=90&amp;h=83&amp;zc=1\" alt=\"Pe\u00f1a Nieto con aprobaci\u00f3n de 39% de mexicanos; Dilma con 10%: Consulta Mitofsky\" \/><\/a><\/p>\n<h2 class=\"posttitle bigposttitle\"><a title=\"Enlace Permanente a Pe\u00f1a Nieto con aprobaci\u00f3n de 39% de mexicanos; Dilma con 10%: Consulta Mitofsky\" href=\"http:\/\/www.eloriente.net\/home\/2015\/07\/15\/pena-nieto-con-aprobacion-de-39-de-mexicanos-dilma-con-10-consulta-mitofsky\/\" rel=\"bookmark\">Pe\u00f1a Nieto con aprobaci\u00f3n de 39% de mexicanos; Dilma con 10%: Consulta Mitofsky<\/a><\/h2>\n<p>(www.eloriente.net, M\u00e9xico, 15 de julio de 2015. Por. Roberto Morales).- Con 39% de aceptaci\u00f3n ciudadana, el presidente Enrique Pe\u00f1a Nieto afrontar\u00e1 la segunda parte de su\u2026<\/p>\n<p class=\"postmeta\"><span class=\"meta_date\">julio 15, 2015<\/span><\/p>\n<div class=\"toolbar-social\">\n<div class=\"social-widget\">\n<div id=\"sharing-widget\"><a class=\"button icon-share\">Compartir<\/a><span class=\"share-count\">1<\/span><\/div>\n<\/div>\n<\/div>\n<\/div>\n<div class=\"featuredpost\">\n<p><a href=\"http:\/\/www.eloriente.net\/home\/2015\/07\/11\/calificacion-crediticia-de-oaxaca-de-estable-a-negativa-moodys\/\" rel=\"bookmark\"><img decoding=\"async\" class=\"alignleft\" title=\"Calificaci\u00f3n crediticia de Oaxaca de estable a negativa: Moody\u2019s\" src=\"http:\/\/www.eloriente.net\/home\/wp-content\/themes\/city-desk\/timthumb.php?src=http%3A%2F%2Fwww.eloriente.net%2Fhome%2Fwp-content%2Fuploads%2F2015%2F07%2FMoodys-twitter.jpg&amp;q=90&amp;w=90&amp;h=83&amp;zc=1\" alt=\"Calificaci\u00f3n crediticia de Oaxaca de estable a negativa: Moody\u2019s\" \/><\/a><\/p>\n<h2 class=\"posttitle \"><a title=\"Enlace Permanente a Calificaci\u00f3n crediticia de Oaxaca de estable a negativa: Moody\u2019s\" href=\"http:\/\/www.eloriente.net\/home\/2015\/07\/11\/calificacion-crediticia-de-oaxaca-de-estable-a-negativa-moodys\/\" rel=\"bookmark\">Calificaci\u00f3n crediticia de Oaxaca de estable a negativa: Moody\u2019s<\/a><\/h2>\n<p>(www.eloriente.net, M\u00e9xico, 11 de julio de 2015. Por: Karla Ogarrio (Turismo y Negocios El Oriente).- En una revisi\u00f3n anunciada ayer por la Moody\u00b4s de M\u00e9xico, la agencia\u2026<\/p>\n<p class=\"postmeta\"><span class=\"meta_date\">julio 11, 2015<\/span><\/p>\n<\/div>\n\n\t\t\t  <div \n\t\t\t  \tclass = \"fb-comments\" \n\t\t\t  \tdata-href = \"http:\/\/www.eloriente.net\/home\/2015\/07\/16\/promocion-y-difusion-del-turismo-i-por-angel-osorio\/\"\n\t\t\t  \tdata-numposts = \"10\"\n\t\t\t\tdata-colorscheme = \"dark\"\n\t\t\t\tdata-order-by = \"social\"\n\t\t\t\tdata-mobile=true>\n\t\t\t  <\/div>\n\t\t  <style>\n\t\t\t.fb_iframe_widget_fluid_desktop iframe {\n\t\t\t    width: 100% !important;\n\t\t\t}\n\t\t  <\/style>\n\t\t  ","protected":false},"excerpt":{"rendered":"<p>&nbsp; &nbsp; (www.eloriente.net, M\u00e9xico, 16 de julio de 2015. Por. \u00c1ngel Osorio @senderosoax).- El fen\u00f3meno tur\u00edstico, como todo sistema, depende de todas y cada una de sus partes funcionando de manera activa, eficiente e innovadora para lograr la competitividad. La promoci\u00f3n y difusi\u00f3n es, sin duda, un factor catalizador. La tendencia es hoy hacia viajes [&hellip;]<\/p>\n","protected":false},"author":40,"featured_media":34099,"comment_status":"open","ping_status":"open","sticky":false,"template":"","format":"standard","meta":{"_jetpack_memberships_contains_paid_content":false,"footnotes":""},"categories":[2435,3387,11,32,63,464,19],"tags":[3859,3858],"class_list":["post-38020","post","type-post","status-publish","format-standard","has-post-thumbnail","hentry","category-miercolesdeeconomia","category-angel-osorio-morales","category-colaboradores","category-entradas","category-estados","category-oaxaca-estados","category-turismo-y-negocios","tag-promocion-de-la-cultura","tag-turismo-de-oaxaca"],"jetpack_featured_media_url":"http:\/\/www.eloriente.net\/home\/wp-content\/uploads\/2014\/11\/feria_mundial_de_turismo_cultural.jpg","jetpack_sharing_enabled":true,"_links":{"self":[{"href":"http:\/\/www.eloriente.net\/home\/wp-json\/wp\/v2\/posts\/38020"}],"collection":[{"href":"http:\/\/www.eloriente.net\/home\/wp-json\/wp\/v2\/posts"}],"about":[{"href":"http:\/\/www.eloriente.net\/home\/wp-json\/wp\/v2\/types\/post"}],"author":[{"embeddable":true,"href":"http:\/\/www.eloriente.net\/home\/wp-json\/wp\/v2\/users\/40"}],"replies":[{"embeddable":true,"href":"http:\/\/www.eloriente.net\/home\/wp-json\/wp\/v2\/comments?post=38020"}],"version-history":[{"count":1,"href":"http:\/\/www.eloriente.net\/home\/wp-json\/wp\/v2\/posts\/38020\/revisions"}],"predecessor-version":[{"id":38022,"href":"http:\/\/www.eloriente.net\/home\/wp-json\/wp\/v2\/posts\/38020\/revisions\/38022"}],"wp:featuredmedia":[{"embeddable":true,"href":"http:\/\/www.eloriente.net\/home\/wp-json\/wp\/v2\/media\/34099"}],"wp:attachment":[{"href":"http:\/\/www.eloriente.net\/home\/wp-json\/wp\/v2\/media?parent=38020"}],"wp:term":[{"taxonomy":"category","embeddable":true,"href":"http:\/\/www.eloriente.net\/home\/wp-json\/wp\/v2\/categories?post=38020"},{"taxonomy":"post_tag","embeddable":true,"href":"http:\/\/www.eloriente.net\/home\/wp-json\/wp\/v2\/tags?post=38020"}],"curies":[{"name":"wp","href":"https:\/\/api.w.org\/{rel}","templated":true}]}}