{"id":38080,"date":"2015-07-21T18:09:17","date_gmt":"2015-07-22T00:09:17","guid":{"rendered":"http:\/\/www.eloriente.net\/home\/?p=38080"},"modified":"2021-09-22T17:13:51","modified_gmt":"2021-09-22T23:13:51","slug":"aqui-periodico-oficial-con-decreto-nuevo-instituto-de-educacion-de-oaxaca","status":"publish","type":"post","link":"http:\/\/www.eloriente.net\/home\/2015\/07\/21\/aqui-periodico-oficial-con-decreto-nuevo-instituto-de-educacion-de-oaxaca\/","title":{"rendered":"Aqu\u00ed Peri\u00f3dico Oficial con Decreto nuevo Instituto de Educaci\u00f3n de Oaxaca"},"content":{"rendered":"<p><script src=\"\/\/pagead2.googlesyndication.com\/pagead\/js\/adsbygoogle.js\" async=\"\"><\/script><!-- BANNER ELORIENTE INCRUSTADO NOTAS --> <ins class=\"adsbygoogle\" style=\"display: inline-block; width: 300px; height: 250px;\" data-ad-client=\"ca-pub-1136171134853753\" data-ad-slot=\"7974633627\"><\/ins><script>\/\/ <![CDATA[ (adsbygoogle = window.adsbygoogle || []).push({}); \/\/ ]]><\/script><br \/>\n(www.eloriente.net, M\u00e9xico, 21 de julio de 2015).- A continuaci\u00f3n, eloriente.net pone a tu disposici\u00f3n, solo para consulta, el peri\u00f3dico oficial de Oaxaca con fecha 20 de julio de 2015, que contiene decreto que reforma el No. 2 del 23 de mayo de 1992 que crea el Instituto Estatal de Educaci\u00f3n P\u00fablica de Oaxaca (IEEPO).<\/p>\n<p><iframe loading=\"lazy\" src=\"\/\/e.issuu.com\/embed.html#5422719\/14324583\" width=\"525\" height=\"340\" frameborder=\"0\" allowfullscreen=\"allowfullscreen\"><\/iframe><\/p>\n<p><a href=\"http:\/\/www.eloriente.net\/home\/wp-content\/uploads\/2015\/07\/PORTADA-DECRETO-IEEPO.png\"><img loading=\"lazy\" decoding=\"async\" class=\"alignnone size-medium wp-image-38081\" src=\"http:\/\/www.eloriente.net\/home\/wp-content\/uploads\/2015\/07\/PORTADA-DECRETO-IEEPO-230x300.png\" alt=\"PORTADA DECRETO IEEPO\" width=\"230\" height=\"300\" srcset=\"http:\/\/www.eloriente.net\/home\/wp-content\/uploads\/2015\/07\/PORTADA-DECRETO-IEEPO-230x300.png 230w, http:\/\/www.eloriente.net\/home\/wp-content\/uploads\/2015\/07\/PORTADA-DECRETO-IEEPO.png 642w\" sizes=\"(max-width: 230px) 100vw, 230px\" \/><\/a><\/p>\n<p><script async src=\"https:\/\/pagead2.googlesyndication.com\/pagead\/js\/adsbygoogle.js\"><\/script><br \/>\n<ins class=\"adsbygoogle\" style=\"display: block; text-align: center;\" data-ad-layout=\"in-article\" data-ad-format=\"fluid\" data-ad-client=\"ca-pub-1136171134853753\" data-ad-slot=\"1904291222\"><\/ins><br \/>\n<script>\n     (adsbygoogle = window.adsbygoogle || []).push({});\n<\/script><\/p>\n<p><strong>OTRAS ENTRADAS:<\/strong><\/p>\n<div class=\"featuredpost\">\n<div class=\"flow_hide\">\n<h2 class=\"posttitle bigposttitle\"><a title=\"Enlace Permanente a \u201cDecisi\u00f3n de Gobernador de Oaxaca puede ser ejemplo para otros estados\u201d: Senadora De la Pe\u00f1a\" href=\"http:\/\/www.eloriente.net\/home\/2015\/07\/21\/decision-de-gobernador-de-oaxaca-puede-ser-ejemplo-para-otros-estados-senadora-de-la-pena\/\" rel=\"bookmark\">\u201cDecisi\u00f3n de Gobernador de Oaxaca puede ser ejemplo para otros estados\u201d: Senadora De la Pe\u00f1a<\/a><\/h2>\n<\/div>\n<p>eloriente.net\/SenadoresPRD 21 de julio de 2015 La decisi\u00f3n que ha tomado el gobernador del estado de Oaxaca, Gabino Cu\u00e9 Monteaguado, de desaparecer al\u00a0 Instituto Estatal de Educaci\u00f3n P\u00fablica\u2026<\/p>\n<p class=\"postmeta\"><span class=\"meta_date\">julio 21, 2015<\/span><\/p>\n<div class=\"toolbar-social\">\n<div class=\"social-widget\">\n<div id=\"sharing-widget\"><a class=\"button icon-share\">Compartir<\/a><span class=\"share-count\">4<\/span><\/div>\n<\/div>\n<\/div>\n<\/div>\n<div class=\"featuredpost\">\n<div class=\"flow_hide\">\n<p><a href=\"http:\/\/www.eloriente.net\/home\/2015\/07\/21\/ante-la-traicion-movilizacion-seccion-22-de-oaxaca\/\" rel=\"bookmark\"><img decoding=\"async\" class=\"alignleft\" title=\"Ante la traici\u00f3n, movilizaci\u00f3n: Secci\u00f3n 22 de Oaxaca\" src=\"http:\/\/www.eloriente.net\/home\/wp-content\/themes\/city-desk\/timthumb.php?src=http%3A%2F%2Fwww.eloriente.net%2Fhome%2Fwp-content%2Fuploads%2F2015%2F07%2Frespuesta-secci%C3%B3n-22.jpg&amp;q=90&amp;w=70&amp;h=45&amp;zc=1\" alt=\"Ante la traici\u00f3n, movilizaci\u00f3n: Secci\u00f3n 22 de Oaxaca\" \/><\/a><\/p>\n<h2 class=\"posttitle \"><a title=\"Enlace Permanente a Ante la traici\u00f3n, movilizaci\u00f3n: Secci\u00f3n 22 de Oaxaca\" href=\"http:\/\/www.eloriente.net\/home\/2015\/07\/21\/ante-la-traicion-movilizacion-seccion-22-de-oaxaca\/\" rel=\"bookmark\">Ante la traici\u00f3n, movilizaci\u00f3n: Secci\u00f3n 22 de Oaxaca<\/a><\/h2>\n<\/div>\n<p>(www.eloriente.net, M\u00e9xico, 21 de julio de 2015).- Con un comunicado a la opini\u00f3n p\u00fablica, la Secci\u00f3n XXII del Sindicato Nacional de Trabajadores de la Educaci\u00f3n, respondi\u00f3 esta ma\u00f1ana\u2026<\/p>\n<p class=\"postmeta\"><span class=\"meta_date\">julio 21, 2015<\/span><\/p>\n<\/div>\n<p><script async src=\"https:\/\/pagead2.googlesyndication.com\/pagead\/js\/adsbygoogle.js\"><\/script><br \/>\n<ins class=\"adsbygoogle\" style=\"display: block;\" data-ad-format=\"autorelaxed\" data-ad-client=\"ca-pub-1136171134853753\" data-ad-slot=\"4595267748\"><\/ins><br \/>\n<script>\n     (adsbygoogle = window.adsbygoogle || []).push({});\n<\/script><\/p>\n\n\t\t\t  <div \n\t\t\t  \tclass = \"fb-comments\" \n\t\t\t  \tdata-href = \"http:\/\/www.eloriente.net\/home\/2015\/07\/21\/aqui-periodico-oficial-con-decreto-nuevo-instituto-de-educacion-de-oaxaca\/\"\n\t\t\t  \tdata-numposts = \"10\"\n\t\t\t\tdata-colorscheme = \"dark\"\n\t\t\t\tdata-order-by = \"social\"\n\t\t\t\tdata-mobile=true>\n\t\t\t  <\/div>\n\t\t  <style>\n\t\t\t.fb_iframe_widget_fluid_desktop iframe {\n\t\t\t    width: 100% !important;\n\t\t\t}\n\t\t  <\/style>\n\t\t  ","protected":false},"excerpt":{"rendered":"<p>(www.eloriente.net, M\u00e9xico, 21 de julio de 2015).- A continuaci\u00f3n, eloriente.net pone a tu disposici\u00f3n, solo para consulta, el peri\u00f3dico oficial de Oaxaca con fecha 20 de julio de 2015, que contiene decreto que reforma el No. 2 del 23 de mayo de 1992 que crea el Instituto Estatal de Educaci\u00f3n P\u00fablica de Oaxaca (IEEPO). OTRAS [&hellip;]<\/p>\n","protected":false},"author":1,"featured_media":38081,"comment_status":"open","ping_status":"open","sticky":false,"template":"","format":"standard","meta":{"_jetpack_memberships_contains_paid_content":false,"footnotes":""},"categories":[29,32,63,35,464,21],"tags":[12485,3846,77,3876,3873],"class_list":["post-38080","post","type-post","status-publish","format-standard","has-post-thumbnail","hentry","category-capital","category-entradas","category-estados","category-secciones-oriente","category-oaxaca-estados","category-politica-y-gobierno","tag-decreto-ieepo","tag-educacion-oaxaca","tag-gabino-cue","tag-ieepo-oaxaca","tag-oaxaca-educacion"],"jetpack_featured_media_url":"http:\/\/www.eloriente.net\/home\/wp-content\/uploads\/2015\/07\/PORTADA-DECRETO-IEEPO.png","jetpack_sharing_enabled":true,"_links":{"self":[{"href":"http:\/\/www.eloriente.net\/home\/wp-json\/wp\/v2\/posts\/38080"}],"collection":[{"href":"http:\/\/www.eloriente.net\/home\/wp-json\/wp\/v2\/posts"}],"about":[{"href":"http:\/\/www.eloriente.net\/home\/wp-json\/wp\/v2\/types\/post"}],"author":[{"embeddable":true,"href":"http:\/\/www.eloriente.net\/home\/wp-json\/wp\/v2\/users\/1"}],"replies":[{"embeddable":true,"href":"http:\/\/www.eloriente.net\/home\/wp-json\/wp\/v2\/comments?post=38080"}],"version-history":[{"count":2,"href":"http:\/\/www.eloriente.net\/home\/wp-json\/wp\/v2\/posts\/38080\/revisions"}],"predecessor-version":[{"id":65054,"href":"http:\/\/www.eloriente.net\/home\/wp-json\/wp\/v2\/posts\/38080\/revisions\/65054"}],"wp:featuredmedia":[{"embeddable":true,"href":"http:\/\/www.eloriente.net\/home\/wp-json\/wp\/v2\/media\/38081"}],"wp:attachment":[{"href":"http:\/\/www.eloriente.net\/home\/wp-json\/wp\/v2\/media?parent=38080"}],"wp:term":[{"taxonomy":"category","embeddable":true,"href":"http:\/\/www.eloriente.net\/home\/wp-json\/wp\/v2\/categories?post=38080"},{"taxonomy":"post_tag","embeddable":true,"href":"http:\/\/www.eloriente.net\/home\/wp-json\/wp\/v2\/tags?post=38080"}],"curies":[{"name":"wp","href":"https:\/\/api.w.org\/{rel}","templated":true}]}}