{"id":38138,"date":"2015-07-27T11:22:38","date_gmt":"2015-07-27T17:22:38","guid":{"rendered":"http:\/\/www.eloriente.net\/home\/?p=38138"},"modified":"2015-07-27T11:22:38","modified_gmt":"2015-07-27T17:22:38","slug":"pri-cambio-de-paradigma-por-martin-vasquez-villanueva","status":"publish","type":"post","link":"http:\/\/www.eloriente.net\/home\/2015\/07\/27\/pri-cambio-de-paradigma-por-martin-vasquez-villanueva\/","title":{"rendered":"PRI, Cambio de Paradigma, por Mart\u00edn V\u00e1squez Villanueva"},"content":{"rendered":"<p><script src=\"\/\/pagead2.googlesyndication.com\/pagead\/js\/adsbygoogle.js\" async=\"\"><\/script><!-- BANNER ELORIENTE INCRUSTADO NOTAS --> <ins class=\"adsbygoogle\" style=\"display: inline-block; width: 300px; height: 250px;\" data-ad-client=\"ca-pub-1136171134853753\" data-ad-slot=\"7974633627\"><\/ins><script>\/\/ <![CDATA[\n(adsbygoogle = window.adsbygoogle || []).push({});\n\/\/ ]]><\/script><br \/>\n&nbsp;<\/p>\n<p>eloriente.net<\/p>\n<p>27 de julio de 2015<\/p>\n<p style=\"text-align: right;\">Por: Dip. Mart\u00edn V\u00e1squez Villanueva*<\/p>\n<p><em><strong>PRI, CAMBIO DE PARADIGMA<\/strong><\/em><\/p>\n<p>Es momento de que el PRI se renueve y actualice su organizaci\u00f3n y estructura para reflejar las nuevas condiciones y din\u00e1micas sociales del pa\u00eds, entre las que destaca una mayor participaci\u00f3n de la juventud, por lo que es preciso ir al reencuentro con las universidades, convoc\u00f3 el presidente Enrique Pe\u00f1a Nieto a la militancia de su partido, en la reuni\u00f3n de este s\u00e1bado 25 de julio, denominada \u201cUnidad para Continuar con la Transformaci\u00f3n de M\u00e9xico\u201d.<\/p>\n<p>Se trata, como el presidente dijo, de un nuevo paradigma: un PRI como cabeza del cambio pero en estrecha interlocuci\u00f3n con los distintos segmentos de la sociedad civil, especialmente quienes miran al futuro.<\/p>\n<p>Tambi\u00e9n subray\u00f3 la importancia de que, en este partido art\u00edfice de las reformas estructurales, no haya distracciones con agendas personales: \u201cHoy no hay espacios para proyectos personales, hoy es momento de un proyecto de naci\u00f3n. Si algo distingue al PRI, si algo caracteriza al PRI, es su responsabilidad y seriedad para ofrecer soluciones viables a los problemas nacionales\u00bb.<\/p>\n<p>Cuidar y fortalecer ese proyecto nacional significa estar alertas contra falsos cantos de sirenas: \u201cNo podemos confiarnos. Hoy la sombra del populismo y la demagogia amenaza a las sociedades democr\u00e1ticas del mundo. En varias naciones, est\u00e1n surgiendo opciones pol\u00edticas que, en su ambici\u00f3n de poder, prometen soluciones m\u00e1gicas que en realidad terminan por empobrecer a las familias y restringir las libertades ciudadanas (&#8230;) M\u00e9xico tiene que estar consciente de estos riesgos\u201d.<\/p>\n<p>En este contexto de responsabilidad p\u00fablica, responsabilidad de Estado, y no de golpes efectistas, se inscribe la decisi\u00f3n de retomar en Oaxaca, con el auspicio del gobierno federal, la rector\u00eda estatal sobre la educaci\u00f3n, una materia sensible, ineludible, para que esta entidad del sur, hoy rezagada, acceda al desarrollo.<\/p>\n<p>Las acciones para reconfigurar la estructura jur\u00eddica y administrativa del IEEPO son indispensables para que la reforma educativa, que ya est\u00e1 en marcha pr\u00e1cticamente en todo el territorio nacional, no deje fuera a Oaxaca de la modernizaci\u00f3n y la lucha por la calidad educativa.<\/p>\n<p>Tambi\u00e9n es preciso que las reformas estructurales, cuya importancia subray\u00f3 el presidente en la reuni\u00f3n con la militancia priista, se apliquen a cabalidad para que los indicadores de calidad de vida se eleven y se reflejen en la mesa de las familias.<\/p>\n<p>Las cifras dadas a conocer por el CONEVAL en su ejercicio de monitoreo 2014 dejan muy claro que el combate a la pobreza sigue siendo un reto monumental, una asignatura que no se ha cubierto a plenitud, y que exige revisar estrategias, pol\u00edticas p\u00fablicas y programas espec\u00edficos y, adem\u00e1s, redoblar esfuerzos para que M\u00e9xico sea un pa\u00eds donde la inmensa mayor\u00eda, y no apenas poco m\u00e1s de la mitad de la poblaci\u00f3n, tenga un piso b\u00e1sico de satisfactores materiales, autosuficiencia alimentaria, educaci\u00f3n, salud, vestido.<\/p>\n<p>Hay que apuntar sin embargo que para el primer trimestre del 2015 la propia agencia especializada en medir la funcionalidad o ineficacia de la pol\u00edtica social revela una mejor\u00eda sustancial en los indicadores, pero hasta el corte del a\u00f1o pasado es inadmisible que dos millones de mexicanas y mexicanos m\u00e1s se hayan incorporado al segmento de poblaci\u00f3n, ya de por s\u00ed muy amplio, que est\u00e1 por debajo de la l\u00ednea del bienestar, es decir, en estado de pobreza.<\/p>\n<p>Ese es el reto de las reformas aprobadas en el primer tercio de esta administraci\u00f3n, la reforma laboral, la reforma energ\u00e9tica, la reforma fiscal, la reforma financiera, la reforma para la competitividad, la reforma para una mayor transparencia y rendici\u00f3n de cuentas, la reforma para agilizar la administraci\u00f3n de justicia, entre otras.<\/p>\n<p>La pol\u00edtica social es s\u00f3lo el instrumento para apoyar y dignificar las condiciones de vida de los deciles m\u00e1s vulnerables de la sociedad, los m\u00e1s pobres y marginados, y no para demoler las causas estructurales de la falta de prosperidad y bajo poder adquisitivo de la poblaci\u00f3n mexicana, el nulo crecimiento real de la econom\u00eda desde fines del siglo pasado, panorama recrudecido en las dos \u00faltimas administraciones federales, la oportunidad perdida de la derecha.<\/p>\n<p>No podemos aceptar un M\u00e9xico en donde de los 32 estados del pa\u00eds, 14 no hayan logrado mejorar sus \u00edndices de pobreza en los \u00faltimos dos a\u00f1os, en tanto que tres m\u00e1s registraron un aumento de la poblaci\u00f3n en situaci\u00f3n extrema.<\/p>\n<p>Como ha ocurrido desde hace d\u00e9cadas, son los estados del sur y los del sureste mexicano los que siguen padeciendo las expresiones m\u00e1s agudas del flagelo de la pobreza<\/p>\n<p>Chiapas sigue encabezando la lista de las entidades con mayor poblaci\u00f3n en condiciones de pobreza, pues tuvo un incremento del 74.7 al 76.2 por ciento, para llegar a 3 millones 961 mil personas en alg\u00fan nivel de pobreza, moderada o extrema.<\/p>\n<p>Guerrero, hoy pr\u00e1cticamente en quiebra financiera, seg\u00fan declar\u00f3 el gobernador Rogelio Ortega ante la comisi\u00f3n permanente del congreso federal, sigue siendo el segundo estado con mayor pobreza en t\u00e9rminos relativos y la situaci\u00f3n no mejor\u00f3 los \u00faltimos dos a\u00f1os.<\/p>\n<p>Algo que nos lastima, de manera muy directa, es que Oaxaca encabece a los estados con mayor n\u00famero de personas en pobreza extrema, circunstancia que empeor\u00f3 el a\u00f1o pasado. De 2012 a 2014, en efecto, nos dice la CONEVAL, la pobreza extrema pas\u00f3 del 23.3 al 28.3 por ciento de su poblaci\u00f3n, lo cual significa un mill\u00f3n 130 personas.<\/p>\n<p>Son cifras de desigualdad y pobreza que, de manera muy semejante, ya nos hab\u00eda revelado el destacado investigador Gerardo Esquivel, el mayor especialista mexicano en el tema de la pobreza, egresado de la UNAM, con maestr\u00eda en El Colegio de M\u00e9xico y doctorado en Harvard, hoy consultor de organismos internacionales.<\/p>\n<p>Hace apenas un mes estuvo en Oaxaca, disertando en la Sala Burgoa del complejo cultural de Santo Domingo, ante profesores, estudiantes, legisladores y servidores p\u00fablicos estatales y municipales, en el marco del ciclo de conferencias \u201cOaxaca en el debate nacional\u201d, auspiciado por la UABJO y por la Comisi\u00f3n de Cultura de la C\u00e1mara de Diputados de Congreso Federal, de la que me distingue formar parte.<\/p>\n<p>El combate a la pobreza tiene que darse con pol\u00edticas sociales efectivas, pero sobre todo con reformas estructurales como las impulsadas por el presidente Enrique Pe\u00f1a Nieto, cuya implementaci\u00f3n apenas ha iniciado y pronto rendir\u00e1n mayores frutos: un crecimiento por encima de las modestas tasas de los \u00faltimos 15 a\u00f1os, ligeramente superiores al crecimiento demogr\u00e1fico.<\/p>\n<p><a href=\"http:\/\/www.eloriente.net\/home\/wp-content\/uploads\/2015\/07\/martin_20vazquez_5_400x400.jpg\"><img loading=\"lazy\" decoding=\"async\" class=\"alignnone  wp-image-38139\" src=\"http:\/\/www.eloriente.net\/home\/wp-content\/uploads\/2015\/07\/martin_20vazquez_5_400x400-300x300.jpg\" alt=\"martin_20vazquez_5_400x400\" width=\"197\" height=\"197\" srcset=\"http:\/\/www.eloriente.net\/home\/wp-content\/uploads\/2015\/07\/martin_20vazquez_5_400x400-300x300.jpg 300w, http:\/\/www.eloriente.net\/home\/wp-content\/uploads\/2015\/07\/martin_20vazquez_5_400x400-150x150.jpg 150w, http:\/\/www.eloriente.net\/home\/wp-content\/uploads\/2015\/07\/martin_20vazquez_5_400x400-50x50.jpg 50w, http:\/\/www.eloriente.net\/home\/wp-content\/uploads\/2015\/07\/martin_20vazquez_5_400x400-144x144.jpg 144w, http:\/\/www.eloriente.net\/home\/wp-content\/uploads\/2015\/07\/martin_20vazquez_5_400x400.jpg 400w\" sizes=\"(max-width: 197px) 100vw, 197px\" \/><\/a><\/p>\n<p>&nbsp;<\/p>\n<p>*Imagen y Texto: @EquipoMVV<\/p>\n<p><strong>OTRAS ENTRADAS:<\/strong><\/p>\n<div class=\"featuredpost\">\n<h2 class=\"posttitle bigposttitle\"><a title=\"Enlace Permanente a Nuevo Sistema de Justicia Penal, \u00bfdeja libre a delincuentes?, por Paz Espino\" href=\"http:\/\/www.eloriente.net\/home\/2015\/07\/27\/nuevo-sistema-de-justicia-penal-deja-libre-a-delincuentes-por-paz-espino\/\" rel=\"bookmark\">Nuevo Sistema de Justicia Penal, \u00bfdeja libre a delincuentes?, por Paz Espino<\/a><\/h2>\n<p>(www.eloriente.net, M\u00e9xico, 27 de Julio de 2015. Por: Paz Espino).- Hace unas semanas se llev\u00f3 a cabo simult\u00e1neamente en las 32 entidades\u2026<\/p>\n<p class=\"postmeta\"><span class=\"meta_date\">julio 27, 2015<\/span><\/p>\n<div class=\"toolbar-social\">\n<div class=\"social-widget\">\n<div id=\"sharing-widget\"><a class=\"button icon-share\">Compartir<\/a><span class=\"share-count\">2<\/span><\/div>\n<\/div>\n<\/div>\n<\/div>\n<div class=\"featuredpost\">\n<p><a href=\"http:\/\/www.eloriente.net\/home\/2015\/07\/21\/aguila-en-el-mar-de-la-tranquilidad-oaxaqueno-en-la-luna-por-juan-pablo-vasconcelos\/\" rel=\"bookmark\"><img decoding=\"async\" class=\"alignleft\" title=\"\u00c1guila en el Mar de la Tranquilidad. Oaxaque\u00f1o en la Luna, por Juan Pablo Vasconcelos\" src=\"http:\/\/www.eloriente.net\/home\/wp-content\/themes\/city-desk\/timthumb.php?src=http%3A%2F%2Fwww.eloriente.net%2Fhome%2Fwp-content%2Fuploads%2F2012%2F08%2Fhector_hdz-4.jpg&amp;q=90&amp;w=90&amp;h=83&amp;zc=1\" alt=\"\u00c1guila en el Mar de la Tranquilidad. Oaxaque\u00f1o en la Luna, por Juan Pablo Vasconcelos\" \/><\/a><\/p>\n<h2 class=\"posttitle \"><a title=\"Enlace Permanente a \u00c1guila en el Mar de la Tranquilidad. Oaxaque\u00f1o en la Luna, por Juan Pablo Vasconcelos\" href=\"http:\/\/www.eloriente.net\/home\/2015\/07\/21\/aguila-en-el-mar-de-la-tranquilidad-oaxaqueno-en-la-luna-por-juan-pablo-vasconcelos\/\" rel=\"bookmark\">\u00c1guila en el Mar de la Tranquilidad. Oaxaque\u00f1o en la Luna, por Juan Pablo Vasconcelos<\/a><\/h2>\n<p>eloriente.net 20\/julio\/2014 Por: Juan Pablo Vasconcelos* Es com\u00fan que los seres humanos nos pensemos extra\u00f1os a los acontecimientos m\u00e1s fascinantes, a los momentos\u2026<\/p>\n<p class=\"postmeta\"><span class=\"meta_date\">julio 21, 2015<\/span><\/p>\n<div class=\"toolbar-social\">\n<div class=\"social-widget\">\n<div id=\"sharing-widget\"><a class=\"button icon-share\">Compartir<\/a><span class=\"share-count\">19<\/span><\/div>\n<\/div>\n<\/div>\n<\/div>\n\n\t\t\t  <div \n\t\t\t  \tclass = \"fb-comments\" \n\t\t\t  \tdata-href = \"http:\/\/www.eloriente.net\/home\/2015\/07\/27\/pri-cambio-de-paradigma-por-martin-vasquez-villanueva\/\"\n\t\t\t  \tdata-numposts = \"10\"\n\t\t\t\tdata-colorscheme = \"dark\"\n\t\t\t\tdata-order-by = \"social\"\n\t\t\t\tdata-mobile=true>\n\t\t\t  <\/div>\n\t\t  <style>\n\t\t\t.fb_iframe_widget_fluid_desktop iframe {\n\t\t\t    width: 100% !important;\n\t\t\t}\n\t\t  <\/style>\n\t\t  ","protected":false},"excerpt":{"rendered":"<p>&nbsp; eloriente.net 27 de julio de 2015 Por: Dip. Mart\u00edn V\u00e1squez Villanueva* PRI, CAMBIO DE PARADIGMA Es momento de que el PRI se renueve y actualice su organizaci\u00f3n y estructura para reflejar las nuevas condiciones y din\u00e1micas sociales del pa\u00eds, entre las que destaca una mayor participaci\u00f3n de la juventud, por lo que es preciso [&hellip;]<\/p>\n","protected":false},"author":1,"featured_media":38139,"comment_status":"open","ping_status":"open","sticky":false,"template":"","format":"standard","meta":{"_jetpack_memberships_contains_paid_content":false,"footnotes":""},"categories":[29,91,32,63,23,464,21],"tags":[1330,3898],"class_list":["post-38138","post","type-post","status-publish","format-standard","has-post-thumbnail","hentry","category-capital","category-congreso-y-justicia","category-entradas","category-estados","category-municipios","category-oaxaca-estados","category-politica-y-gobierno","tag-elecciones-oaxaca","tag-martin-vasquez-villanueva"],"jetpack_featured_media_url":"http:\/\/www.eloriente.net\/home\/wp-content\/uploads\/2015\/07\/martin_20vazquez_5_400x400.jpg","jetpack_sharing_enabled":true,"_links":{"self":[{"href":"http:\/\/www.eloriente.net\/home\/wp-json\/wp\/v2\/posts\/38138"}],"collection":[{"href":"http:\/\/www.eloriente.net\/home\/wp-json\/wp\/v2\/posts"}],"about":[{"href":"http:\/\/www.eloriente.net\/home\/wp-json\/wp\/v2\/types\/post"}],"author":[{"embeddable":true,"href":"http:\/\/www.eloriente.net\/home\/wp-json\/wp\/v2\/users\/1"}],"replies":[{"embeddable":true,"href":"http:\/\/www.eloriente.net\/home\/wp-json\/wp\/v2\/comments?post=38138"}],"version-history":[{"count":1,"href":"http:\/\/www.eloriente.net\/home\/wp-json\/wp\/v2\/posts\/38138\/revisions"}],"predecessor-version":[{"id":38140,"href":"http:\/\/www.eloriente.net\/home\/wp-json\/wp\/v2\/posts\/38138\/revisions\/38140"}],"wp:featuredmedia":[{"embeddable":true,"href":"http:\/\/www.eloriente.net\/home\/wp-json\/wp\/v2\/media\/38139"}],"wp:attachment":[{"href":"http:\/\/www.eloriente.net\/home\/wp-json\/wp\/v2\/media?parent=38138"}],"wp:term":[{"taxonomy":"category","embeddable":true,"href":"http:\/\/www.eloriente.net\/home\/wp-json\/wp\/v2\/categories?post=38138"},{"taxonomy":"post_tag","embeddable":true,"href":"http:\/\/www.eloriente.net\/home\/wp-json\/wp\/v2\/tags?post=38138"}],"curies":[{"name":"wp","href":"https:\/\/api.w.org\/{rel}","templated":true}]}}