{"id":38142,"date":"2015-07-27T13:47:20","date_gmt":"2015-07-27T19:47:20","guid":{"rendered":"http:\/\/www.eloriente.net\/home\/?p=38142"},"modified":"2015-07-27T13:47:20","modified_gmt":"2015-07-27T19:47:20","slug":"maestros-interinos-son-contemplados-en-oaxaca-emilio-chuayffet","status":"publish","type":"post","link":"http:\/\/www.eloriente.net\/home\/2015\/07\/27\/maestros-interinos-son-contemplados-en-oaxaca-emilio-chuayffet\/","title":{"rendered":"Maestros Interinos son contemplados en Oaxaca: Emilio Chuayffet"},"content":{"rendered":"<p><script src=\"\/\/pagead2.googlesyndication.com\/pagead\/js\/adsbygoogle.js\" async=\"\"><\/script><!-- BANNER ELORIENTE INCRUSTADO NOTAS --> <ins class=\"adsbygoogle\" style=\"display: inline-block; width: 300px; height: 250px;\" data-ad-client=\"ca-pub-1136171134853753\" data-ad-slot=\"7974633627\"><\/ins><script>\/\/ <![CDATA[\n(adsbygoogle = window.adsbygoogle || []).push({});\n\/\/ ]]><\/script><br \/>\n&nbsp;<\/p>\n<p>(www.eloriente.net, M\u00e9xico, 27 de julio de 2015).- En el caso de que haya maestras y maestros que no se presenten a trabajar el 24 de agosto, cuando se inicie el nuevo ciclo escolar, tenemos contempladas diversas estrategias, incluidos maestros interinos, dijo este mediod\u00eda Emilio Chuayffet, Secretario de Educaci\u00f3n P\u00fablica del gobierno federal.<\/p>\n<p>Durante una conversaci\u00f3n en el espacio radiof\u00f3nico de Joaqu\u00edn L\u00f3pez D\u00f3riga en Radio F\u00f3rmula, Chuayffet se\u00f1al\u00f3 que tanto el gobierno federal como el estatal tienen contemplados todo tipo de eventos que pretendan tratar de &#8216;siniestrar&#8217; las medidas anunciadas la semana pasada para retomar la rector\u00eda del sector para el Estado.<\/p>\n<p>Dijo que seguramente ahora que terminan las vacaciones y la Guelaguetza en Oaxaca, los maestros y maestras tendr\u00e1n ya m\u00e1s \u00abtiempo para reunirse y establecer estrategias para combatir las decisiones, pero para todas tenemos respuestas\u00bb.<\/p>\n<p>A pregunta del entrevistador, el secretario coment\u00f3 que desde hace tiempo se efectuaron conversaciones para tomar las determinaciones anunciadas, mismas que eran conducidas por el propio gobernador de Oaxaca, Gabino Cu\u00e9.\u00a0\u00abNadie conoce mejor a la entidad y sus circunstancias que el gobernador en turno\u00bb.<\/p>\n<p>En su momento, el presidente Pe\u00f1a Nieto instruy\u00f3 a una parte de su equipo para que trabajara con el gobernador Cu\u00e9 para que llevara a cabo la reforma educativa en Oaxaca. \u00abEn esas conversaciones lo fundamental era que ya nadie quer\u00eda que la Secci\u00f3n 22 fuera trabajador y patr\u00f3n al mismo tiempo\u00bb, se\u00f1al\u00f3 Chuayffet.<\/p>\n<p>Y es que Oaxaca padece, refiri\u00f3, los peores indicadores en la materia:\u00a0el menor avance en alfabetizaci\u00f3n y capacitaci\u00f3n de maestros, as\u00ed como el mayor porcentaje de reprobaci\u00f3n.<\/p>\n<p>&nbsp;<\/p>\n<p><a href=\"http:\/\/www.eloriente.net\/home\/wp-content\/uploads\/2013\/04\/Emilio-Chuayffet-y-Enrique.jpg\"><img loading=\"lazy\" decoding=\"async\" class=\"alignnone size-medium wp-image-10504\" src=\"http:\/\/www.eloriente.net\/home\/wp-content\/uploads\/2013\/04\/Emilio-Chuayffet-y-Enrique-300x200.jpg\" alt=\"Emilio Chuayffet y Enrique\" width=\"300\" height=\"200\" srcset=\"http:\/\/www.eloriente.net\/home\/wp-content\/uploads\/2013\/04\/Emilio-Chuayffet-y-Enrique-300x200.jpg 300w, http:\/\/www.eloriente.net\/home\/wp-content\/uploads\/2013\/04\/Emilio-Chuayffet-y-Enrique.jpg 900w\" sizes=\"(max-width: 300px) 100vw, 300px\" \/><\/a><\/p>\n<p>Imagen: Archivo<\/p>\n<p>&nbsp;<\/p>\n<p><strong>OTRAS ENTRADAS:<\/strong><\/p>\n<div class=\"featuredpost\">\n<p><a href=\"http:\/\/www.eloriente.net\/home\/2015\/07\/16\/promocion-y-difusion-del-turismo-i-por-angel-osorio\/\" rel=\"bookmark\"><img decoding=\"async\" class=\"aligncenter\" title=\"Promoci\u00f3n y difusi\u00f3n del Turismo I, por \u00c1ngel Osorio\" src=\"http:\/\/www.eloriente.net\/home\/wp-content\/themes\/city-desk\/timthumb.php?src=http%3A%2F%2Fwww.eloriente.net%2Fhome%2Fwp-content%2Fuploads%2F2014%2F11%2Fferia_mundial_de_turismo_cultural.jpg&amp;q=90&amp;w=470&amp;h=280&amp;zc=1\" alt=\"Promoci\u00f3n y difusi\u00f3n del Turismo I, por \u00c1ngel Osorio\" \/><\/a><\/p>\n<h2 class=\"posttitle\"><a title=\"Enlace Permanente a Promoci\u00f3n y difusi\u00f3n del Turismo I, por \u00c1ngel Osorio\" href=\"http:\/\/www.eloriente.net\/home\/2015\/07\/16\/promocion-y-difusion-del-turismo-i-por-angel-osorio\/\" rel=\"bookmark\">Promoci\u00f3n y difusi\u00f3n del Turismo I, por \u00c1ngel Osorio<\/a><\/h2>\n<p>(www.eloriente.net, M\u00e9xico, 16 de julio de 2015. Por. \u00c1ngel Osorio @senderosoax).- El fen\u00f3meno tur\u00edstico, como todo sistema, depende de todas y cada una\u2026<\/p>\n<p class=\"postmeta\"><span class=\"meta_date\">julio 16, 2015<\/span><\/p>\n<div class=\"toolbar-social\">\n<div class=\"social-widget\">\n<div id=\"sharing-widget\"><a class=\"button icon-share\">Compartir<\/a><span class=\"share-count\">14<\/span><\/div>\n<\/div>\n<\/div>\n<\/div>\n<h2 class=\"posttitle list_posttitle \"><a title=\"Enlace Permanente a Nissan y General Motors con los autos m\u00e1s vendidos en M\u00e9xico; se logran r\u00e9cords en industria automotriz\" href=\"http:\/\/www.eloriente.net\/home\/2015\/07\/06\/nissan-y-general-motors-con-los-autos-mas-vendidos-en-mexico-se-logran-records-en-industria-automotriz\/\" rel=\"bookmark\">Nissan y General Motors con los autos m\u00e1s vendidos en M\u00e9xico; se logran r\u00e9cords en industria automotriz<\/a><\/h2>\n<div class=\"toolbar-social\">\n<div class=\"social-widget\">\n<div id=\"sharing-widget\"><a class=\"button icon-share\">Compartir<\/a><span class=\"share-count\">5<\/span><\/div>\n<\/div>\n<\/div>\n\n\t\t\t  <div \n\t\t\t  \tclass = \"fb-comments\" \n\t\t\t  \tdata-href = \"http:\/\/www.eloriente.net\/home\/2015\/07\/27\/maestros-interinos-son-contemplados-en-oaxaca-emilio-chuayffet\/\"\n\t\t\t  \tdata-numposts = \"10\"\n\t\t\t\tdata-colorscheme = \"dark\"\n\t\t\t\tdata-order-by = \"social\"\n\t\t\t\tdata-mobile=true>\n\t\t\t  <\/div>\n\t\t  <style>\n\t\t\t.fb_iframe_widget_fluid_desktop iframe {\n\t\t\t    width: 100% !important;\n\t\t\t}\n\t\t  <\/style>\n\t\t  ","protected":false},"excerpt":{"rendered":"<p>&nbsp; (www.eloriente.net, M\u00e9xico, 27 de julio de 2015).- En el caso de que haya maestras y maestros que no se presenten a trabajar el 24 de agosto, cuando se inicie el nuevo ciclo escolar, tenemos contempladas diversas estrategias, incluidos maestros interinos, dijo este mediod\u00eda Emilio Chuayffet, Secretario de Educaci\u00f3n P\u00fablica del gobierno federal. Durante una [&hellip;]<\/p>\n","protected":false},"author":1,"featured_media":37741,"comment_status":"open","ping_status":"open","sticky":false,"template":"","format":"standard","meta":{"_jetpack_memberships_contains_paid_content":false,"footnotes":""},"categories":[29,18,32,63,10,464,31],"tags":[3762,3242,375],"class_list":["post-38142","post","type-post","status-publish","format-standard","has-post-thumbnail","hentry","category-capital","category-educacion-y-cultura","category-entradas","category-estados","category-lo-mas-reciente","category-oaxaca-estados","category-principal","tag-educacion-en-oaxaca","tag-emilio-chuayffet","tag-ieepo"],"jetpack_featured_media_url":"http:\/\/www.eloriente.net\/home\/wp-content\/uploads\/2015\/06\/EMILIO-CHUAYFFET-SEP-e1435078567414.jpg","jetpack_sharing_enabled":true,"_links":{"self":[{"href":"http:\/\/www.eloriente.net\/home\/wp-json\/wp\/v2\/posts\/38142"}],"collection":[{"href":"http:\/\/www.eloriente.net\/home\/wp-json\/wp\/v2\/posts"}],"about":[{"href":"http:\/\/www.eloriente.net\/home\/wp-json\/wp\/v2\/types\/post"}],"author":[{"embeddable":true,"href":"http:\/\/www.eloriente.net\/home\/wp-json\/wp\/v2\/users\/1"}],"replies":[{"embeddable":true,"href":"http:\/\/www.eloriente.net\/home\/wp-json\/wp\/v2\/comments?post=38142"}],"version-history":[{"count":1,"href":"http:\/\/www.eloriente.net\/home\/wp-json\/wp\/v2\/posts\/38142\/revisions"}],"predecessor-version":[{"id":38143,"href":"http:\/\/www.eloriente.net\/home\/wp-json\/wp\/v2\/posts\/38142\/revisions\/38143"}],"wp:featuredmedia":[{"embeddable":true,"href":"http:\/\/www.eloriente.net\/home\/wp-json\/wp\/v2\/media\/37741"}],"wp:attachment":[{"href":"http:\/\/www.eloriente.net\/home\/wp-json\/wp\/v2\/media?parent=38142"}],"wp:term":[{"taxonomy":"category","embeddable":true,"href":"http:\/\/www.eloriente.net\/home\/wp-json\/wp\/v2\/categories?post=38142"},{"taxonomy":"post_tag","embeddable":true,"href":"http:\/\/www.eloriente.net\/home\/wp-json\/wp\/v2\/tags?post=38142"}],"curies":[{"name":"wp","href":"https:\/\/api.w.org\/{rel}","templated":true}]}}