{"id":38157,"date":"2015-07-29T09:38:49","date_gmt":"2015-07-29T15:38:49","guid":{"rendered":"http:\/\/www.eloriente.net\/home\/?p=38157"},"modified":"2015-07-29T09:38:49","modified_gmt":"2015-07-29T15:38:49","slug":"urgente-que-universidades-cambien-ante-nuevo-sistema-de-justicia","status":"publish","type":"post","link":"http:\/\/www.eloriente.net\/home\/2015\/07\/29\/urgente-que-universidades-cambien-ante-nuevo-sistema-de-justicia\/","title":{"rendered":"Urgente que universidades cambien ante Nuevo Sistema de Justicia"},"content":{"rendered":"<p><script src=\"\/\/pagead2.googlesyndication.com\/pagead\/js\/adsbygoogle.js\" async=\"\"><\/script><!-- BANNER ELORIENTE INCRUSTADO NOTAS --> <ins class=\"adsbygoogle\" style=\"display: inline-block; width: 300px; height: 250px;\" data-ad-client=\"ca-pub-1136171134853753\" data-ad-slot=\"7974633627\"><\/ins><script>\/\/ <![CDATA[\n(adsbygoogle = window.adsbygoogle || []).push({});\n\/\/ ]]><\/script><br \/>\n&nbsp;<\/p>\n<p>eloriente.net\/TSJEO<\/p>\n<p>29 de julio de 2015<\/p>\n<ul>\n<li><span lang=\"ES-MX\">Instituciones de educaci\u00f3n superior contemplan actualizar sus programas de estudios, considerando la ense\u00f1anza y pr\u00e1ctica de mecanismos alternativos de soluci\u00f3n de controversias<\/span><\/li>\n<\/ul>\n<p><span lang=\"ES-MX\">Las universidades representan una plataforma importante, no s\u00f3lo para difundir el papel de los Mecanismos Alternativos de Soluci\u00f3n de Controversias (MASC), dentro del nuevo sistema de justicia penal, sino tambi\u00e9n para operarlos al interior de las instituciones y profesionalizar a los futuros facilitadores judiciales, afirm\u00f3 en Oaxaca el secretario t\u00e9cnico del Consejo Nacional de Certificaci\u00f3n en Sede Judicial, Roberto Montoya Gonz\u00e1lez.<\/span><\/p>\n<p><span lang=\"ES-MX\">Al destacar que en algunas entidades como Nuevo Le\u00f3n y el Estado de M\u00e9xico, las universidades incluyen en su programa acad\u00e9mico la formaci\u00f3n en mecanismos alternativos y cuentan con sus propios centros de mediaci\u00f3n universitaria; recalc\u00f3 que hoy en d\u00eda las y los egresados en Derecho requieren una preparaci\u00f3n especializada para practicar dichos mecanismos como v\u00edas alternas al juicio en la soluci\u00f3n de conflictos.<\/span><\/p>\n<p><span lang=\"ES-MX\">En el marco del Foro Regional de Mecanismos Alternativos de Soluci\u00f3n de Controversias en Materia Penal celebrado en Oaxaca, rectores de las universidades, coordinadores de las escuelas de Derecho, as\u00ed como representantes de la Secretar\u00eda T\u00e9cnica del Consejo de Coordinaci\u00f3n para la Implementaci\u00f3n del Sistema de Justicia Penal (SETEC), analizaron aspectos sobre la certificaci\u00f3n de facilitadores por parte del Gobierno Federal, as\u00ed como la inclusi\u00f3n de los MASC en los curr\u00edculos obligatorios de las instituciones de educaci\u00f3n superior.<\/span><\/p>\n<p><span lang=\"ES-MX\">En este sentido, acad\u00e9micos y funcionarios coincidieron en la urgencia de brindar a las y los alumnos una preparaci\u00f3n adecuada a los est\u00e1ndares de conocimientos y aptitudes que demanda el nuevo sistema de justicia penal, entre ellos, temas como la mediaci\u00f3n, conciliaci\u00f3n y justicia restaurativa.<\/span><\/p>\n<p><span lang=\"ES-MX\">Se\u00f1alaron que la evaluaci\u00f3n a las instituciones sobre el soporte te\u00f3rico y pr\u00e1ctico que actualmente ofrecen a las y los alumnos en esta materia, es una oportunidad para avanzar y mejorar su nivel de ense\u00f1anza, el cual permitir\u00e1 formar a egresados conocedores del derecho y las \u00e1reas complementarias, con conocimientos, valores y sentido de responsabilidad social.<\/span><\/p>\n<p><span lang=\"ES-MX\">Por otro lado, refrendaron el compromiso de las instituciones educativas ante el gobierno federal, de fortalecer y consolidar los mecanismos desde la academia, adecuar sus curr\u00edculos a la realidad e incluir aspectos te\u00f3ricos y pr\u00e1cticos sobre la aplicaci\u00f3n de estas herramientas indispensables para la soluci\u00f3n de los asuntos judicializados<\/span><\/p>\n<p><span lang=\"ES-MX\">En la mesa de trabajo participaron tambi\u00e9n el director de Mecanismos Alternativos de Soluci\u00f3n de Controversias en Materia Penal de Tabasco, Tenoch Ocampo; la directora general adjunta de capacitaci\u00f3n de la SETEC, Ala Nery Pego; el rector de la Universidad Vasconcelos, Hugo L\u00f3pez Hern\u00e1ndez; la coordinadora de la Escuela de Derecho de la Universidad Mesoamericana, Yanet Morales Delgado y el coordinador de la extensi\u00f3n acad\u00e9mica del Instituto de Ciencias Jur\u00eddicas de Oaxaca, V\u00edctor Quiroz Arellanes.<\/span><\/p>\n<p><a href=\"http:\/\/www.eloriente.net\/home\/wp-content\/uploads\/2015\/07\/El-secretario-t\u00e9cnico-del-Consejo-Nacional-de-Certificaci\u00f3n-en-Sede-Judicial-Roberto-Montoya-Gonz\u00e1lez.jpg\"><img loading=\"lazy\" decoding=\"async\" class=\"alignnone size-medium wp-image-38159\" src=\"http:\/\/www.eloriente.net\/home\/wp-content\/uploads\/2015\/07\/El-secretario-t\u00e9cnico-del-Consejo-Nacional-de-Certificaci\u00f3n-en-Sede-Judicial-Roberto-Montoya-Gonz\u00e1lez-300x192.jpg\" alt=\"El secretario t\u00e9cnico del Consejo Nacional de Certificaci\u00f3n en Sede Judicial, Roberto Montoya Gonz\u00e1lez\" width=\"300\" height=\"192\" srcset=\"http:\/\/www.eloriente.net\/home\/wp-content\/uploads\/2015\/07\/El-secretario-t\u00e9cnico-del-Consejo-Nacional-de-Certificaci\u00f3n-en-Sede-Judicial-Roberto-Montoya-Gonz\u00e1lez-300x192.jpg 300w, http:\/\/www.eloriente.net\/home\/wp-content\/uploads\/2015\/07\/El-secretario-t\u00e9cnico-del-Consejo-Nacional-de-Certificaci\u00f3n-en-Sede-Judicial-Roberto-Montoya-Gonz\u00e1lez.jpg 900w\" sizes=\"(max-width: 300px) 100vw, 300px\" \/><\/a><\/p>\n<p>Imagen: Secretario te\u0301cnico del Consejo Nacional de Certificacio\u0301n en Sede Judicial, Roberto Montoya Gonza\u0301lez<\/p>\n<p><strong>OTRAS ENTRADAS:<\/strong><\/p>\n<div class=\"featuredpost\">\n<div class=\"flow_hide\">\n<h2 class=\"posttitle bigposttitle\"><a title=\"Enlace Permanente a 5 Vacantes Editor de Contenido #MartesdeVacantes\" href=\"http:\/\/www.eloriente.net\/home\/2015\/07\/28\/5-vacantes-editor-de-contenido-martesdevacantes\/\" rel=\"bookmark\">5 Vacantes Editor de Contenido #MartesdeVacantes<\/a><\/h2>\n<\/div>\n<p>(www.eloriente.net, M\u00e9xico, 28 de julio de 2015. Por: Fernando Trueba). Conscientes de la importancia para la ciudadan\u00eda en general de la b\u00fasqueda de nuevas oportunidades de crecimiento\u2026<\/p>\n<p class=\"postmeta\"><span class=\"meta_date\">julio 28, 2015<\/span><\/p>\n<div class=\"toolbar-social\">\n<div class=\"social-widget\">\n<div id=\"sharing-widget\"><a class=\"button icon-share\">Compartir<\/a><span class=\"share-count\">3<\/span><\/div>\n<\/div>\n<\/div>\n<\/div>\n<div class=\"featuredpost\">\n<div class=\"flow_hide\">\n<p><a href=\"http:\/\/www.eloriente.net\/home\/2015\/07\/27\/maestros-interinos-son-contemplados-en-oaxaca-emilio-chuayffet\/\" rel=\"bookmark\"><img decoding=\"async\" class=\"alignleft\" title=\"Maestros Interinos son contemplados en Oaxaca: Emilio Chuayffet\" src=\"http:\/\/www.eloriente.net\/home\/wp-content\/themes\/city-desk\/timthumb.php?src=http%3A%2F%2Fwww.eloriente.net%2Fhome%2Fwp-content%2Fuploads%2F2015%2F06%2FEMILIO-CHUAYFFET-SEP-e1435078567414.jpg&amp;q=90&amp;w=70&amp;h=45&amp;zc=1\" alt=\"Maestros Interinos son contemplados en Oaxaca: Emilio Chuayffet\" \/><\/a><\/p>\n<h2 class=\"posttitle \"><a title=\"Enlace Permanente a Maestros Interinos son contemplados en Oaxaca: Emilio Chuayffet\" href=\"http:\/\/www.eloriente.net\/home\/2015\/07\/27\/maestros-interinos-son-contemplados-en-oaxaca-emilio-chuayffet\/\" rel=\"bookmark\">Maestros Interinos son contemplados en Oaxaca: Emilio Chuayffet<\/a><\/h2>\n<\/div>\n<p>(www.eloriente.net, M\u00e9xico, 27 de julio de 2015).- En el caso de que haya maestras y maestros que no se presenten a trabajar el 24 de agosto, cuando\u2026<\/p>\n<p class=\"postmeta\"><span class=\"meta_date\">julio 27, 2015<\/span><\/p>\n<div class=\"toolbar-social\">\n<div class=\"social-widget\">\n<div id=\"sharing-widget\"><a class=\"button icon-share\">Compartir<\/a><span class=\"share-count\">8<\/span><\/div>\n<\/div>\n<\/div>\n<\/div>\n<p>&nbsp;<\/p>\n\n\t\t\t  <div \n\t\t\t  \tclass = \"fb-comments\" \n\t\t\t  \tdata-href = \"http:\/\/www.eloriente.net\/home\/2015\/07\/29\/urgente-que-universidades-cambien-ante-nuevo-sistema-de-justicia\/\"\n\t\t\t  \tdata-numposts = \"10\"\n\t\t\t\tdata-colorscheme = \"dark\"\n\t\t\t\tdata-order-by = \"social\"\n\t\t\t\tdata-mobile=true>\n\t\t\t  <\/div>\n\t\t  <style>\n\t\t\t.fb_iframe_widget_fluid_desktop iframe {\n\t\t\t    width: 100% !important;\n\t\t\t}\n\t\t  <\/style>\n\t\t  ","protected":false},"excerpt":{"rendered":"<p>&nbsp; eloriente.net\/TSJEO 29 de julio de 2015 Instituciones de educaci\u00f3n superior contemplan actualizar sus programas de estudios, considerando la ense\u00f1anza y pr\u00e1ctica de mecanismos alternativos de soluci\u00f3n de controversias Las universidades representan una plataforma importante, no s\u00f3lo para difundir el papel de los Mecanismos Alternativos de Soluci\u00f3n de Controversias (MASC), dentro del nuevo sistema de [&hellip;]<\/p>\n","protected":false},"author":1,"featured_media":38159,"comment_status":"open","ping_status":"open","sticky":false,"template":"","format":"standard","meta":{"_jetpack_memberships_contains_paid_content":false,"footnotes":""},"categories":[1588,91,22,32,63,464,21],"tags":[3906,3905],"class_list":["post-38157","post","type-post","status-publish","format-standard","has-post-thumbnail","hentry","category-comunicados-y-boletines","category-congreso-y-justicia","category-derechos-humanos","category-entradas","category-estados","category-oaxaca-estados","category-politica-y-gobierno","tag-nuevo-sistema-de-justicia-penal","tag-universidades-oaxaca"],"jetpack_featured_media_url":"http:\/\/www.eloriente.net\/home\/wp-content\/uploads\/2015\/07\/El-secretario-t\u00e9cnico-del-Consejo-Nacional-de-Certificaci\u00f3n-en-Sede-Judicial-Roberto-Montoya-Gonz\u00e1lez.jpg","jetpack_sharing_enabled":true,"_links":{"self":[{"href":"http:\/\/www.eloriente.net\/home\/wp-json\/wp\/v2\/posts\/38157"}],"collection":[{"href":"http:\/\/www.eloriente.net\/home\/wp-json\/wp\/v2\/posts"}],"about":[{"href":"http:\/\/www.eloriente.net\/home\/wp-json\/wp\/v2\/types\/post"}],"author":[{"embeddable":true,"href":"http:\/\/www.eloriente.net\/home\/wp-json\/wp\/v2\/users\/1"}],"replies":[{"embeddable":true,"href":"http:\/\/www.eloriente.net\/home\/wp-json\/wp\/v2\/comments?post=38157"}],"version-history":[{"count":2,"href":"http:\/\/www.eloriente.net\/home\/wp-json\/wp\/v2\/posts\/38157\/revisions"}],"predecessor-version":[{"id":38160,"href":"http:\/\/www.eloriente.net\/home\/wp-json\/wp\/v2\/posts\/38157\/revisions\/38160"}],"wp:featuredmedia":[{"embeddable":true,"href":"http:\/\/www.eloriente.net\/home\/wp-json\/wp\/v2\/media\/38159"}],"wp:attachment":[{"href":"http:\/\/www.eloriente.net\/home\/wp-json\/wp\/v2\/media?parent=38157"}],"wp:term":[{"taxonomy":"category","embeddable":true,"href":"http:\/\/www.eloriente.net\/home\/wp-json\/wp\/v2\/categories?post=38157"},{"taxonomy":"post_tag","embeddable":true,"href":"http:\/\/www.eloriente.net\/home\/wp-json\/wp\/v2\/tags?post=38157"}],"curies":[{"name":"wp","href":"https:\/\/api.w.org\/{rel}","templated":true}]}}