{"id":38161,"date":"2015-07-29T13:28:34","date_gmt":"2015-07-29T19:28:34","guid":{"rendered":"http:\/\/www.eloriente.net\/home\/?p=38161"},"modified":"2015-07-29T13:28:34","modified_gmt":"2015-07-29T19:28:34","slug":"llegan-2500-nuevos-libros-a-facultad-de-idiomas-en-oaxaca","status":"publish","type":"post","link":"http:\/\/www.eloriente.net\/home\/2015\/07\/29\/llegan-2500-nuevos-libros-a-facultad-de-idiomas-en-oaxaca\/","title":{"rendered":"Llegan 2,500 nuevos libros a Facultad de Idiomas en Oaxaca"},"content":{"rendered":"<p><script src=\"\/\/pagead2.googlesyndication.com\/pagead\/js\/adsbygoogle.js\" async=\"\"><\/script><!-- BANNER ELORIENTE INCRUSTADO NOTAS --> <ins class=\"adsbygoogle\" style=\"display: inline-block; width: 300px; height: 250px;\" data-ad-client=\"ca-pub-1136171134853753\" data-ad-slot=\"7974633627\"><\/ins><script>\/\/ <![CDATA[\n(adsbygoogle = window.adsbygoogle || []).push({});\n\/\/ ]]><\/script><br \/>\n&nbsp;<\/p>\n<p>eloriente.net\/UABJO<\/p>\n<p>29 de julio de 2015<\/p>\n<p>Un total de 2 mil paquetes de libros de la materia de ingl\u00e9s fueron donados a la Facultad de Idiomas de la Universidad Aut\u00f3noma \u201cBenito Ju\u00e1rez\u201d de Oaxaca (UABJO) a trav\u00e9s de la Comisi\u00f3n Estatal de Libros de Texto y Materiales Educativos del Instituto Estatal de Educaci\u00f3n P\u00fablica de Oaxaca (IEEPO).<\/p>\n<p>La entrega formal de dichos materiales se realiz\u00f3 en las instalaciones de la Rector\u00eda, en Ciudad Universitaria, y cont\u00f3 con la presencia del Rector, Eduardo Mart\u00ednez Helmes; Jos\u00e9 de Jes\u00fas Silva Pineda, Secretario T\u00e9cnico del IEEPO; Guadalupe \u00c1ngela Ram\u00edrez, Directora de la Facultad de Idiomas y Isaura Lilia Gonz\u00e1lez Cruz, Coordinadora de la Comisi\u00f3n Estatal de Libros de Texto y Materiales Educativos.<\/p>\n<p>De acuerdo con Silva Pineda, la donaci\u00f3n de estos materiales tiene como objetivo contribuir al fortalecimiento en el aprendizaje del idioma ingl\u00e9s entre estudiantes de educaci\u00f3n b\u00e1sica y sienta un precedente de trabajo coordinado entre el IEEPO y la M\u00e1xima casa de Estudios en nuestro estado.<\/p>\n<p>\u201cEstos materiales, compuestos por un libro de trabajo y un libro de actividades, han sido evaluados por parte del IEEPO a fin de que corroborar que su contenido corresponda con las necesidades requeridas por parte de los alumnos; en este mismo sentido, la Facultad de Idiomas los ha aprobado a trav\u00e9s de una evaluaci\u00f3n propia, por lo que estamos seguros ser\u00e1n una importante herramienta en el desarrollo de los estudiantes\u201d coment\u00f3 el funcionario.<\/p>\n<p>Por su parte, Mart\u00ednez Helmes se\u00f1al\u00f3 que esta acci\u00f3n es una buena oportunidad para sumar los esfuerzos institucionales y potenciar los beneficios a favor de los estudiantes.<\/p>\n<p>De manera espec\u00edfica, esta donaci\u00f3n beneficiar\u00e1 a m\u00e1s de una tercera parte de los estudiantes que actualmente atiende la Facultad de Idiomas en la Ciudad de Oaxaca, Tehuantepec y Puerto Escondido.<\/p>\n<p><a href=\"http:\/\/www.eloriente.net\/home\/wp-content\/uploads\/2015\/07\/Libros-idiomas-UABJO.jpg\"><img loading=\"lazy\" decoding=\"async\" class=\"alignnone size-medium wp-image-38162\" src=\"http:\/\/www.eloriente.net\/home\/wp-content\/uploads\/2015\/07\/Libros-idiomas-UABJO-300x193.jpg\" alt=\"Libros idiomas UABJO\" width=\"300\" height=\"193\" srcset=\"http:\/\/www.eloriente.net\/home\/wp-content\/uploads\/2015\/07\/Libros-idiomas-UABJO-300x193.jpg 300w, http:\/\/www.eloriente.net\/home\/wp-content\/uploads\/2015\/07\/Libros-idiomas-UABJO.jpg 900w\" sizes=\"(max-width: 300px) 100vw, 300px\" \/><\/a><\/p>\n<p><strong>OTRAS ENTRADAS:<\/strong><\/p>\n<div class=\"featuredpost\">\n<p><a href=\"http:\/\/www.eloriente.net\/home\/2015\/07\/23\/la-redencion-del-sexenio-por-bruno-torres\/\" rel=\"bookmark\"><img decoding=\"async\" class=\"alignleft\" title=\"La Redenci\u00f3n del Sexenio, por Bruno Torres\" src=\"http:\/\/www.eloriente.net\/home\/wp-content\/themes\/city-desk\/timthumb.php?src=http%3A%2F%2Fwww.eloriente.net%2Fhome%2Fwp-content%2Fuploads%2F2015%2F07%2FGOBERNADOR-GABINO-CU%C3%89-gabinocue.org_1-e1437060582493.jpg&amp;q=90&amp;w=90&amp;h=83&amp;zc=1\" alt=\"La Redenci\u00f3n del Sexenio, por Bruno Torres\" \/><\/a><\/p>\n<h2 class=\"posttitle \"><a title=\"Enlace Permanente a La Redenci\u00f3n del Sexenio, por Bruno Torres\" href=\"http:\/\/www.eloriente.net\/home\/2015\/07\/23\/la-redencion-del-sexenio-por-bruno-torres\/\" rel=\"bookmark\">La Redenci\u00f3n del Sexenio, por Bruno Torres<\/a><\/h2>\n<p>(www.eloriente.net, M\u00e9xico, 23 de julio de 2015. Por: Bruno Torres Carbajal).- Cualquiera puede hacer un recuento de la nota principal de la agenda\u2026<\/p>\n<p class=\"postmeta\"><span class=\"meta_date\">julio 23, 2015<\/span><\/p>\n<div class=\"toolbar-social\">\n<div class=\"social-widget\">\n<div id=\"sharing-widget\"><a class=\"button icon-share\">Compartir<\/a><span class=\"share-count\">11<\/span><\/div>\n<\/div>\n<\/div>\n<\/div>\n<div class=\"featuredpost\">\n<p><a href=\"http:\/\/www.eloriente.net\/home\/2015\/07\/21\/aguila-en-el-mar-de-la-tranquilidad-oaxaqueno-en-la-luna-por-juan-pablo-vasconcelos\/\" rel=\"bookmark\"><img decoding=\"async\" class=\"alignleft\" title=\"\u00c1guila en el Mar de la Tranquilidad. Oaxaque\u00f1o en la Luna, por Juan Pablo Vasconcelos\" src=\"http:\/\/www.eloriente.net\/home\/wp-content\/themes\/city-desk\/timthumb.php?src=http%3A%2F%2Fwww.eloriente.net%2Fhome%2Fwp-content%2Fuploads%2F2012%2F08%2Fhector_hdz-4.jpg&amp;q=90&amp;w=90&amp;h=83&amp;zc=1\" alt=\"\u00c1guila en el Mar de la Tranquilidad. Oaxaque\u00f1o en la Luna, por Juan Pablo Vasconcelos\" \/><\/a><\/p>\n<h2 class=\"posttitle \"><a title=\"Enlace Permanente a \u00c1guila en el Mar de la Tranquilidad. Oaxaque\u00f1o en la Luna, por Juan Pablo Vasconcelos\" href=\"http:\/\/www.eloriente.net\/home\/2015\/07\/21\/aguila-en-el-mar-de-la-tranquilidad-oaxaqueno-en-la-luna-por-juan-pablo-vasconcelos\/\" rel=\"bookmark\">\u00c1guila en el Mar de la Tranquilidad. Oaxaque\u00f1o en la Luna, por Juan Pablo Vasconcelos<\/a><\/h2>\n<p>eloriente.net 20\/julio\/2014 Por: Juan Pablo Vasconcelos* Es com\u00fan que los seres humanos nos pensemos extra\u00f1os a los acontecimientos m\u00e1s fascinantes, a los momentos\u2026<\/p>\n<p class=\"postmeta\"><span class=\"meta_date\">julio 21, 2015<\/span><\/p>\n<div class=\"toolbar-social\">\n<div class=\"social-widget\">\n<div id=\"sharing-widget\"><a class=\"button icon-share\">Compartir<\/a><span class=\"share-count\">19<\/span><\/div>\n<\/div>\n<\/div>\n<\/div>\n\n\t\t\t  <div \n\t\t\t  \tclass = \"fb-comments\" \n\t\t\t  \tdata-href = \"http:\/\/www.eloriente.net\/home\/2015\/07\/29\/llegan-2500-nuevos-libros-a-facultad-de-idiomas-en-oaxaca\/\"\n\t\t\t  \tdata-numposts = \"10\"\n\t\t\t\tdata-colorscheme = \"dark\"\n\t\t\t\tdata-order-by = \"social\"\n\t\t\t\tdata-mobile=true>\n\t\t\t  <\/div>\n\t\t  <style>\n\t\t\t.fb_iframe_widget_fluid_desktop iframe {\n\t\t\t    width: 100% !important;\n\t\t\t}\n\t\t  <\/style>\n\t\t  ","protected":false},"excerpt":{"rendered":"<p>&nbsp; eloriente.net\/UABJO 29 de julio de 2015 Un total de 2 mil paquetes de libros de la materia de ingl\u00e9s fueron donados a la Facultad de Idiomas de la Universidad Aut\u00f3noma \u201cBenito Ju\u00e1rez\u201d de Oaxaca (UABJO) a trav\u00e9s de la Comisi\u00f3n Estatal de Libros de Texto y Materiales Educativos del Instituto Estatal de Educaci\u00f3n P\u00fablica [&hellip;]<\/p>\n","protected":false},"author":1,"featured_media":38162,"comment_status":"open","ping_status":"open","sticky":false,"template":"","format":"standard","meta":{"_jetpack_memberships_contains_paid_content":false,"footnotes":""},"categories":[29,1588,32,63,464],"tags":[3909,3907,3908],"class_list":["post-38161","post","type-post","status-publish","format-standard","has-post-thumbnail","hentry","category-capital","category-comunicados-y-boletines","category-entradas","category-estados","category-oaxaca-estados","tag-educacion-universitaria","tag-facultad-de-idiomas-uabjo","tag-libros-oaxaca"],"jetpack_featured_media_url":"http:\/\/www.eloriente.net\/home\/wp-content\/uploads\/2015\/07\/Libros-idiomas-UABJO.jpg","jetpack_sharing_enabled":true,"_links":{"self":[{"href":"http:\/\/www.eloriente.net\/home\/wp-json\/wp\/v2\/posts\/38161"}],"collection":[{"href":"http:\/\/www.eloriente.net\/home\/wp-json\/wp\/v2\/posts"}],"about":[{"href":"http:\/\/www.eloriente.net\/home\/wp-json\/wp\/v2\/types\/post"}],"author":[{"embeddable":true,"href":"http:\/\/www.eloriente.net\/home\/wp-json\/wp\/v2\/users\/1"}],"replies":[{"embeddable":true,"href":"http:\/\/www.eloriente.net\/home\/wp-json\/wp\/v2\/comments?post=38161"}],"version-history":[{"count":1,"href":"http:\/\/www.eloriente.net\/home\/wp-json\/wp\/v2\/posts\/38161\/revisions"}],"predecessor-version":[{"id":38163,"href":"http:\/\/www.eloriente.net\/home\/wp-json\/wp\/v2\/posts\/38161\/revisions\/38163"}],"wp:featuredmedia":[{"embeddable":true,"href":"http:\/\/www.eloriente.net\/home\/wp-json\/wp\/v2\/media\/38162"}],"wp:attachment":[{"href":"http:\/\/www.eloriente.net\/home\/wp-json\/wp\/v2\/media?parent=38161"}],"wp:term":[{"taxonomy":"category","embeddable":true,"href":"http:\/\/www.eloriente.net\/home\/wp-json\/wp\/v2\/categories?post=38161"},{"taxonomy":"post_tag","embeddable":true,"href":"http:\/\/www.eloriente.net\/home\/wp-json\/wp\/v2\/tags?post=38161"}],"curies":[{"name":"wp","href":"https:\/\/api.w.org\/{rel}","templated":true}]}}