{"id":38169,"date":"2015-07-30T20:02:38","date_gmt":"2015-07-31T02:02:38","guid":{"rendered":"http:\/\/www.eloriente.net\/home\/?p=38169"},"modified":"2015-07-30T20:15:47","modified_gmt":"2015-07-31T02:15:47","slug":"oaxaca-un-continente-como-andan-los-numeros-de-turismo-de-naturaleza-por-angel-osorio","status":"publish","type":"post","link":"http:\/\/www.eloriente.net\/home\/2015\/07\/30\/oaxaca-un-continente-como-andan-los-numeros-de-turismo-de-naturaleza-por-angel-osorio\/","title":{"rendered":"Oaxaca, Un Continente: \u00bfc\u00f3mo andan los n\u00fameros de Turismo de naturaleza?, por \u00c1ngel Osorio"},"content":{"rendered":"<p><script src=\"\/\/pagead2.googlesyndication.com\/pagead\/js\/adsbygoogle.js\" async=\"\"><\/script><!-- BANNER ELORIENTE INCRUSTADO NOTAS --> <ins class=\"adsbygoogle\" style=\"display: inline-block; width: 300px; height: 250px;\" data-ad-client=\"ca-pub-1136171134853753\" data-ad-slot=\"7974633627\"><\/ins><script>\/\/ <![CDATA[\n(adsbygoogle = window.adsbygoogle || []).push({});\n\/\/ ]]><\/script><br \/>\n(<a href=\"www.eloriente.net\" target=\"_blank\">www.eloriente.net<\/a>, M\u00e9xico, 30 de julio de 2015. por \u00c1ngel Osorio @senderosoax).- Ya en una entrega hablamos del ecoturismo como una gran promesa para el estado de Oaxaca. Por primera ocasi\u00f3n, quien esto escribe, encuentra informaci\u00f3n estad\u00edstica del rubro que nos apasiona, los datos son del reporte de indicadores de la actividad tur\u00edstica. Abril 2015, de la Secretar\u00eda de Turismo y Desarrollo Econ\u00f3mico (STYDE). *<\/p>\n<p>No entremos en el debate te\u00f3rico, los n\u00fameros de los que hablamos en esta entrega incluyen turismo de naturaleza, de aventura, rural, lo importante es la informaci\u00f3n que nos ofrecen. \u00bfSon buenos n\u00fameros? No del todo. El hecho de reportar una ocupaci\u00f3n promedio porcentual de 33.41 % en el lugar n\u00famero uno y de 17.45 % en el segundo lugar (de ah\u00ed hacia abajo) nos habla de una tendencia a lo estacional, al turismo solamente en puentes y fines de semana. El promedio de estad\u00eda tambi\u00e9n es bajo, apenas una noche pr\u00e1cticamente en todos los destinos.<\/p>\n<p><a href=\"http:\/\/www.eloriente.net\/home\/wp-content\/uploads\/2015\/07\/44.png\"><img loading=\"lazy\" decoding=\"async\" class=\"alignnone size-medium wp-image-38170\" src=\"http:\/\/www.eloriente.net\/home\/wp-content\/uploads\/2015\/07\/44-300x199.png\" alt=\"turismo naturaleza @senderosoax\" width=\"300\" height=\"199\" srcset=\"http:\/\/www.eloriente.net\/home\/wp-content\/uploads\/2015\/07\/44-300x199.png 300w, http:\/\/www.eloriente.net\/home\/wp-content\/uploads\/2015\/07\/44.png 852w\" sizes=\"(max-width: 300px) 100vw, 300px\" \/><\/a><\/p>\n<p>Cuando ordenamos los resultados a partir del n\u00famero total de turistas (en la tabla, STYDE, aclara de que estos n\u00fameros consideran solamente las pernoctas) encontramos que la Sierra Norte es la gran ganadora, pues los primeros 10 lugares pertenecen a esta regi\u00f3n, lo que pone de manifiesto un trabajo consistente y organizado de las comunidades involucradas.<\/p>\n<p>El primer lugar lo ocupa Capul\u00e1lpam, lo que demuestra que la denominaci\u00f3n de Pueblo M\u00e1gico s\u00ed pesa, y considerablemente, pues triplica en n\u00famero de visitantes al segundo lugar que es Ixtl\u00e1n, de ah\u00ed hacia abajo la competencia es m\u00e1s pareja. Curiosamente (y de manera preocupante tambi\u00e9n) no se reporta un solo turista extranjero pernoctando en nuestro \u00fanico Pueblo M\u00e1gico.<\/p>\n<p>Los siguientes 10 lugares se encuentran salpicados de localidades de la Costa, Papaloapan, Mixteca y Sierra Norte tambi\u00e9n. Al momento de revisar el ranking a la luz de turistas nacionales no hay muchos cambios, casi el mismo orden con Capul\u00e1lpam a la cabeza. Respecto a los turistas extranjeros, algo est\u00e1n haciendo bien Latuvi, Cuajimoloyas, Llano Grande y Never\u00eda, pues ocupan los primeros lugares (en ese orden). Llama tambi\u00e9n la atenci\u00f3n Yaves\u00eda y Cerro Quemado que tienen estad\u00edas largas.<\/p>\n<p>No podemos dejar de mencionar que la informaci\u00f3n es muy incompleta, apenas 20 localidades de casi un centenar. Solamente en la Ca\u00f1ada, Mixteca y Papaloapan hay decenas de proyectos ecotur\u00edsticos \u00bfqui\u00e9n est\u00e1 registrando esta actividad\u00bf \u00bfQui\u00e9n est\u00e1 planificando su crecimiento y desarrollo?<\/p>\n<p>Concluimos como en nuestra entrega anterior en el tema: En nuestro estado son las propias comunidades las que han impulsado esta oferta tur\u00edstica, ya por cuenta propia, con apoyo de la federaci\u00f3n o incluso organismos internacionales. La falta de objetivos claros se traduce en falta de inter\u00e9s por parte de las instancias del gobierno local involucradas, esto impide el desarrollo y crecimiento ordenado de esta actividad con gran potencial.<\/p>\n<p><a href=\"http:\/\/www.eloriente.net\/home\/wp-content\/uploads\/2015\/07\/70.png\"><img loading=\"lazy\" decoding=\"async\" class=\"alignnone size-medium wp-image-38171\" src=\"http:\/\/www.eloriente.net\/home\/wp-content\/uploads\/2015\/07\/70-300x199.png\" alt=\"Turismo de naturaleza @senderosoax\" width=\"300\" height=\"199\" srcset=\"http:\/\/www.eloriente.net\/home\/wp-content\/uploads\/2015\/07\/70-300x199.png 300w, http:\/\/www.eloriente.net\/home\/wp-content\/uploads\/2015\/07\/70.png 852w\" sizes=\"(max-width: 300px) 100vw, 300px\" \/><\/a><\/p>\n<p>De seguir con esta tendencia, el ecoturismo no representar\u00e1 para Oaxaca una opci\u00f3n real que contribuya al desarrollo econ\u00f3mico o sustentable sino que, por el contrario, permanecer\u00e1 como hasta ahora, como una gran promesa.<\/p>\n<p><strong>Resumen de indicadores de Turismo de Naturaleza 2014 \/p<\/strong><\/p>\n<p><a href=\"http:\/\/www.eloriente.net\/home\/wp-content\/uploads\/2015\/07\/Captura-de-pantalla-2015-07-30-a-las-21.13.35.png\"><img loading=\"lazy\" decoding=\"async\" class=\"alignnone size-full wp-image-38176\" src=\"http:\/\/www.eloriente.net\/home\/wp-content\/uploads\/2015\/07\/Captura-de-pantalla-2015-07-30-a-las-21.13.35.png\" alt=\"Captura de pantalla 2015-07-30 a la(s) 21.13.35\" width=\"575\" height=\"372\" srcset=\"http:\/\/www.eloriente.net\/home\/wp-content\/uploads\/2015\/07\/Captura-de-pantalla-2015-07-30-a-las-21.13.35.png 575w, http:\/\/www.eloriente.net\/home\/wp-content\/uploads\/2015\/07\/Captura-de-pantalla-2015-07-30-a-las-21.13.35-300x194.png 300w\" sizes=\"(max-width: 575px) 100vw, 575px\" \/><\/a><\/p>\n<p>*http:\/\/www.styde.oaxaca.gob.mx\/sites\/www.styde.oaxaca.gob.mx\/pdf\/indicadores_tur_abril2015.pdf<\/p>\n<p>** se refiere a los turistas que pernoctan en la localidad P\/cifras preliminares<\/p>\n<p>Fuente: Departamento de Identificaci\u00f3n de Vocaciones Tur\u00edsticas<\/p>\n<p><strong>OTRAS ENTRADAS:<\/strong><\/p>\n<div id=\"post-38093\" class=\"post-38093 post type-post status-publish format-standard has-post-thumbnail hentry category-angel-osorio-morales category-articulistas category-colaboradores category-entradas category-estados category-municipios category-oaxaca-estados category-turismo-y-negocios tag-promocion-turistica tag-turismo-en-oaxaca entry loop-default border_bottom_30\">\n<h2 class=\"entry_title\"><a title=\"Enlace Permanente a Promoci\u00f3n y difusi\u00f3n del Turismo II, por \u00c1ngel Osorio\" href=\"http:\/\/www.eloriente.net\/home\/2015\/07\/23\/promocion-y-difusion-del-turismo-ii-por-angel-osorio\/\" rel=\"bookmark\">Promoci\u00f3n y difusi\u00f3n del Turismo II, por \u00c1ngel Osorio<\/a><\/h2>\n<p><a href=\"http:\/\/www.eloriente.net\/home\/2015\/07\/23\/promocion-y-difusion-del-turismo-ii-por-angel-osorio\/\" rel=\"bookmark\"><img decoding=\"async\" class=\"alignleft\" title=\"Promoci\u00f3n y difusi\u00f3n del Turismo II, por \u00c1ngel Osorio\" src=\"http:\/\/www.eloriente.net\/home\/wp-content\/themes\/city-desk\/timthumb.php?src=http%3A%2F%2Fwww.eloriente.net%2Fhome%2Fwp-content%2Fuploads%2F2014%2F02%2Fturismo.jpg&amp;q=90&amp;w=160&amp;h=106&amp;zc=1\" alt=\"Promoci\u00f3n y difusi\u00f3n del Turismo II, por \u00c1ngel Osorio\" \/><\/a>(www.eloriente.net, M\u00e9xico, 23 de julio de 2015. Por. \u00c1ngel Osorio @senderosoax).- En alg\u00fan momento hablamos en este espacio del peso que tiene Oaxaca en el turismo nacional, oscilando entre los lugares 18 y 13 seg\u00fan distintos indicadores. En aquel momento conclu\u00edamos tambi\u00e9n que el crecimiento incluso de un punto porcentual pod\u00eda hacer la diferencia en [\u2026]<\/p>\n<div class=\"toolbar-social\">\n<div class=\"social-widget\">\n<div id=\"sharing-widget\"><a class=\"button icon-share\">Compartir<\/a><span class=\"share-count\">7<\/span><\/div>\n<\/div>\n<\/div>\n<p class=\"postmeta\"><span class=\"meta_date\">julio 23, 2015<\/span><\/p>\n<\/div>\n<div id=\"post-38020\" class=\"post-38020 post type-post status-publish format-standard has-post-thumbnail hentry category-miercolesdeeconomia category-angel-osorio-morales category-colaboradores category-entradas category-estados category-oaxaca-estados category-turismo-y-negocios tag-promocion-de-la-cultura tag-turismo-de-oaxaca entry loop-default border_bottom_30\">\n<h2 class=\"entry_title\"><a title=\"Enlace Permanente a Promoci\u00f3n y difusi\u00f3n del Turismo I, por \u00c1ngel Osorio\" href=\"http:\/\/www.eloriente.net\/home\/2015\/07\/16\/promocion-y-difusion-del-turismo-i-por-angel-osorio\/\" rel=\"bookmark\">Promoci\u00f3n y difusi\u00f3n del Turismo I, por \u00c1ngel Osorio<\/a><\/h2>\n<p><a href=\"http:\/\/www.eloriente.net\/home\/2015\/07\/16\/promocion-y-difusion-del-turismo-i-por-angel-osorio\/\" rel=\"bookmark\"><img decoding=\"async\" class=\"alignleft\" title=\"Promoci\u00f3n y difusi\u00f3n del Turismo I, por \u00c1ngel Osorio\" src=\"http:\/\/www.eloriente.net\/home\/wp-content\/themes\/city-desk\/timthumb.php?src=http%3A%2F%2Fwww.eloriente.net%2Fhome%2Fwp-content%2Fuploads%2F2014%2F11%2Fferia_mundial_de_turismo_cultural.jpg&amp;q=90&amp;w=160&amp;h=106&amp;zc=1\" alt=\"Promoci\u00f3n y difusi\u00f3n del Turismo I, por \u00c1ngel Osorio\" \/><\/a>\u00a0 \u00a0 (www.eloriente.net, M\u00e9xico, 16 de julio de 2015. Por. \u00c1ngel Osorio @senderosoax).- El fen\u00f3meno tur\u00edstico, como todo sistema, depende de todas y cada una de sus partes funcionando de manera activa, eficiente e innovadora para lograr la competitividad. La promoci\u00f3n y difusi\u00f3n es, sin duda, un factor catalizador. La tendencia es hoy hacia viajes [\u2026]<\/p>\n<div class=\"toolbar-social\">\n<div class=\"social-widget\">\n<div id=\"sharing-widget\"><a class=\"button icon-share\">Compartir<\/a><span class=\"share-count\">14<\/span><\/div>\n<\/div>\n<\/div>\n<p class=\"postmeta\"><span class=\"meta_date\">julio 16, 2015<\/span><\/p>\n<\/div>\n<div id=\"post-37889\" class=\"post-37889 post type-post status-publish format-standard has-post-thumbnail hentry category-angel-osorio-morales category-colaboradores category-entradas category-especiales category-huatulco-municipios category-mexico-y-el-mundo category-municipios category-principal category-turismo-y-negocios tag-huatulco tag-playas-de-mexico tag-reconocimientos-a-oaxaca entry loop-default border_bottom_30\">\n<h2 class=\"entry_title\"><a title=\"Enlace Permanente a Oaxaca, un Continente: \u00bfQu\u00e9 hacemos para preservar nuestra herencia cultural y natural?\" href=\"http:\/\/www.eloriente.net\/home\/2015\/07\/09\/oaxaca-un-continente-que-hacemos-para-preservar-nuestra-herencia-cultural-y-natural\/\" rel=\"bookmark\">Oaxaca, un Continente: \u00bfQu\u00e9 hacemos para preservar nuestra herencia cultural y natural?<\/a><\/h2>\n<p><a href=\"http:\/\/www.eloriente.net\/home\/2015\/07\/09\/oaxaca-un-continente-que-hacemos-para-preservar-nuestra-herencia-cultural-y-natural\/\" rel=\"bookmark\"><img decoding=\"async\" class=\"alignleft\" title=\"Oaxaca, un Continente: \u00bfQu\u00e9 hacemos para preservar nuestra herencia cultural y natural?\" src=\"http:\/\/www.eloriente.net\/home\/wp-content\/themes\/city-desk\/timthumb.php?src=http%3A%2F%2Fwww.eloriente.net%2Fhome%2Fwp-content%2Fuploads%2F2014%2F09%2FHuatulco-Daniel-Lobo1.jpg&amp;q=90&amp;w=160&amp;h=106&amp;zc=1\" alt=\"Oaxaca, un Continente: \u00bfQu\u00e9 hacemos para preservar nuestra herencia cultural y natural?\" \/><\/a>\u00a0 \u00a0 \u00a0 \u00a0 (www.eloriente.net, M\u00e9xico, 9 de julio de 2015. Por: \u00c1ngel Osorio @senderosoax).- Oaxaca, sin duda, es uno de los lugares m\u00e1s diversos del pa\u00eds en t\u00e9rminos geogr\u00e1ficos, biol\u00f3gicos y culturales Esta riqueza es la que nos hace comparar a Oaxaca con un continente. El principal activo de un destino tur\u00edstico son sus [\u2026]<\/p>\n<div class=\"toolbar-social\">\n<div class=\"social-widget\">\n<div id=\"sharing-widget\"><a class=\"button icon-share active\">Compartir<\/a><span class=\"share-count\">14<\/span><\/div>\n<\/div>\n<div class=\"tooltip-wrapper\"><\/div>\n<\/div>\n<p class=\"postmeta\"><span class=\"meta_date\">julio 9, 2015<\/span><\/p>\n<\/div>\n\n\t\t\t  <div \n\t\t\t  \tclass = \"fb-comments\" \n\t\t\t  \tdata-href = \"http:\/\/www.eloriente.net\/home\/2015\/07\/30\/oaxaca-un-continente-como-andan-los-numeros-de-turismo-de-naturaleza-por-angel-osorio\/\"\n\t\t\t  \tdata-numposts = \"10\"\n\t\t\t\tdata-colorscheme = \"dark\"\n\t\t\t\tdata-order-by = \"social\"\n\t\t\t\tdata-mobile=true>\n\t\t\t  <\/div>\n\t\t  <style>\n\t\t\t.fb_iframe_widget_fluid_desktop iframe {\n\t\t\t    width: 100% !important;\n\t\t\t}\n\t\t  <\/style>\n\t\t  ","protected":false},"excerpt":{"rendered":"<p>(www.eloriente.net, M\u00e9xico, 30 de julio de 2015. por \u00c1ngel Osorio @senderosoax).- Ya en una entrega hablamos del ecoturismo como una gran promesa para el estado de Oaxaca. Por primera ocasi\u00f3n, quien esto escribe, encuentra informaci\u00f3n estad\u00edstica del rubro que nos apasiona, los datos son del reporte de indicadores de la actividad tur\u00edstica. Abril 2015, de [&hellip;]<\/p>\n","protected":false},"author":40,"featured_media":38170,"comment_status":"open","ping_status":"open","sticky":false,"template":"","format":"standard","meta":{"_jetpack_memberships_contains_paid_content":false,"footnotes":""},"categories":[3387,11,49,32,63,10,24,23,464,31,19],"tags":[3913,1682],"class_list":["post-38169","post","type-post","status-publish","format-standard","has-post-thumbnail","hentry","category-angel-osorio-morales","category-colaboradores","category-destacadas","category-entradas","category-estados","category-lo-mas-reciente","category-mexico-y-el-mundo","category-municipios","category-oaxaca-estados","category-principal","category-turismo-y-negocios","tag-turismo-de-naturaleza","tag-turismo-oaxaca"],"jetpack_featured_media_url":"http:\/\/www.eloriente.net\/home\/wp-content\/uploads\/2015\/07\/44.png","jetpack_sharing_enabled":true,"_links":{"self":[{"href":"http:\/\/www.eloriente.net\/home\/wp-json\/wp\/v2\/posts\/38169"}],"collection":[{"href":"http:\/\/www.eloriente.net\/home\/wp-json\/wp\/v2\/posts"}],"about":[{"href":"http:\/\/www.eloriente.net\/home\/wp-json\/wp\/v2\/types\/post"}],"author":[{"embeddable":true,"href":"http:\/\/www.eloriente.net\/home\/wp-json\/wp\/v2\/users\/40"}],"replies":[{"embeddable":true,"href":"http:\/\/www.eloriente.net\/home\/wp-json\/wp\/v2\/comments?post=38169"}],"version-history":[{"count":5,"href":"http:\/\/www.eloriente.net\/home\/wp-json\/wp\/v2\/posts\/38169\/revisions"}],"predecessor-version":[{"id":38177,"href":"http:\/\/www.eloriente.net\/home\/wp-json\/wp\/v2\/posts\/38169\/revisions\/38177"}],"wp:featuredmedia":[{"embeddable":true,"href":"http:\/\/www.eloriente.net\/home\/wp-json\/wp\/v2\/media\/38170"}],"wp:attachment":[{"href":"http:\/\/www.eloriente.net\/home\/wp-json\/wp\/v2\/media?parent=38169"}],"wp:term":[{"taxonomy":"category","embeddable":true,"href":"http:\/\/www.eloriente.net\/home\/wp-json\/wp\/v2\/categories?post=38169"},{"taxonomy":"post_tag","embeddable":true,"href":"http:\/\/www.eloriente.net\/home\/wp-json\/wp\/v2\/tags?post=38169"}],"curies":[{"name":"wp","href":"https:\/\/api.w.org\/{rel}","templated":true}]}}