{"id":38178,"date":"2015-08-03T15:04:31","date_gmt":"2015-08-03T21:04:31","guid":{"rendered":"http:\/\/www.eloriente.net\/home\/?p=38178"},"modified":"2015-08-04T14:58:45","modified_gmt":"2015-08-04T20:58:45","slug":"inah-recomendo-a-gobierno-de-oaxaca-no-ubicar-centro-de-convenciones-en-fortin","status":"publish","type":"post","link":"http:\/\/www.eloriente.net\/home\/2015\/08\/03\/inah-recomendo-a-gobierno-de-oaxaca-no-ubicar-centro-de-convenciones-en-fortin\/","title":{"rendered":"INAH recomend\u00f3 a Gobierno de Oaxaca no ubicar Centro de Convenciones en Fort\u00edn"},"content":{"rendered":"<p><script src=\"\/\/pagead2.googlesyndication.com\/pagead\/js\/adsbygoogle.js\" async=\"\"><\/script><!-- BANNER ELORIENTE INCRUSTADO NOTAS --> <ins class=\"adsbygoogle\" style=\"display: inline-block; width: 300px; height: 250px;\" data-ad-client=\"ca-pub-1136171134853753\" data-ad-slot=\"7974633627\"><\/ins><script>\/\/ <![CDATA[\n(adsbygoogle = window.adsbygoogle || []).push({});\n\/\/ ]]><\/script><\/p>\n<div style=\"box-sizing: border-box; font-family: Arial, Helvetica, sans-serif; line-height: 18.5714302062988px;\"><\/div>\n<div style=\"box-sizing: border-box; font-family: Arial, Helvetica, sans-serif; line-height: 18.5714302062988px;\"><\/div>\n<div style=\"box-sizing: border-box; font-family: Arial, Helvetica, sans-serif; line-height: 18.5714302062988px;\"><\/div>\n<div style=\"box-sizing: border-box; font-family: Arial, Helvetica, sans-serif; line-height: 18.5714302062988px;\">eloriente.net\/INAH<\/div>\n<div style=\"box-sizing: border-box; font-family: Arial, Helvetica, sans-serif; line-height: 18.5714302062988px;\"><\/div>\n<div style=\"box-sizing: border-box; font-family: Arial, Helvetica, sans-serif; line-height: 18.5714302062988px;\">3 de agosto de 2015*<\/div>\n<div style=\"box-sizing: border-box; font-family: Arial, Helvetica, sans-serif; line-height: 18.5714302062988px;\"><\/div>\n<div style=\"box-sizing: border-box; font-family: Arial, Helvetica, sans-serif; line-height: 18.5714302062988px;\">El Instituto Nacional de Antropolog\u00eda e Historia no autoriz\u00f3 el proyecto del Centro Cultural y de Convenciones de la Ciudad de Oaxaca de Ju\u00e1rez, Oax.<\/div>\n<div style=\"box-sizing: border-box; font-family: Arial, Helvetica, sans-serif; line-height: 18.5714302062988px;\"><\/div>\n<div style=\"box-sizing: border-box; font-family: Arial, Helvetica, sans-serif; line-height: 18.5714302062988px;\">El proyecto enviado por la Secretar\u00eda de Turismo del Estado de Oaxaca fue evaluado por el Instituto y \u00e9ste emiti\u00f3 una recomendaci\u00f3n al Gobierno del Estado de Oaxaca para que el mismo no se ubique\u00a0<span style=\"box-sizing: border-box; font-weight: bold;\">en el Cerro del Fort\u00edn<\/span>, pues las estructuras arquitect\u00f3nicas propuestas representan una afectaci\u00f3n severa al paisaje cultural e hist\u00f3rico de la ciudad.<\/div>\n<div style=\"box-sizing: border-box; font-family: Arial, Helvetica, sans-serif; line-height: 18.5714302062988px;\"><\/div>\n<div style=\"box-sizing: border-box; font-family: Arial, Helvetica, sans-serif; line-height: 18.5714302062988px;\">Las obras no han sido suspendidas debido a que en este caso el INAH carece de competencia legal para emitir o negar una autorizaci\u00f3n, toda vez que los sondeos practicados en el terreno permitieron descartar la presencia de vestigios arqueol\u00f3gicos, aunado a que la construcci\u00f3n se ubica fuera de los per\u00edmetros de protecci\u00f3n de las declaratorias federales de la Zona de Monumentos Hist\u00f3ricos del Centro Hist\u00f3rico de la Ciudad de Oaxaca y del correspondiente a la Zona Arqueol\u00f3gica de Monte Alb\u00e1n.<\/div>\n<div style=\"box-sizing: border-box; font-family: Arial, Helvetica, sans-serif; line-height: 18.5714302062988px;\"><\/div>\n<div style=\"box-sizing: border-box; font-family: Arial, Helvetica, sans-serif; line-height: 18.5714302062988px;\">Se trata de un riqu\u00edsimo patrimonio de los oaxaque\u00f1os y de la naci\u00f3n mexicana que ha sido inscrito por la UNESCO en la lista del Patrimonio Mundial. Todos debemos protegerlo.<\/div>\n<div style=\"box-sizing: border-box; font-family: Arial, Helvetica, sans-serif; line-height: 18.5714302062988px;\"><\/div>\n<div style=\"box-sizing: border-box; font-family: Arial, Helvetica, sans-serif; line-height: 18.5714302062988px;\"><a href=\"http:\/\/www.eloriente.net\/home\/wp-content\/uploads\/2015\/06\/Centro-de-Convenciones-@GObOax.jpg\"><img loading=\"lazy\" decoding=\"async\" class=\"alignnone size-medium wp-image-37628\" src=\"http:\/\/www.eloriente.net\/home\/wp-content\/uploads\/2015\/06\/Centro-de-Convenciones-@GObOax-300x200.jpg\" alt=\"Centro de Convenciones @GObOax\" width=\"300\" height=\"200\" srcset=\"http:\/\/www.eloriente.net\/home\/wp-content\/uploads\/2015\/06\/Centro-de-Convenciones-@GObOax-300x200.jpg 300w, http:\/\/www.eloriente.net\/home\/wp-content\/uploads\/2015\/06\/Centro-de-Convenciones-@GObOax.jpg 720w\" sizes=\"(max-width: 300px) 100vw, 300px\" \/><\/a><\/div>\n<div style=\"box-sizing: border-box; font-family: Arial, Helvetica, sans-serif; line-height: 18.5714302062988px;\"><\/div>\n<div style=\"box-sizing: border-box; font-family: Arial, Helvetica, sans-serif; line-height: 18.5714302062988px;\">*Comunicado original 1 de agosto de 2015<\/div>\n<div style=\"box-sizing: border-box; font-family: Arial, Helvetica, sans-serif; line-height: 18.5714302062988px;\"><\/div>\n<div style=\"box-sizing: border-box; font-family: Arial, Helvetica, sans-serif; line-height: 18.5714302062988px;\"><strong>OTRAS ENTRADAS:<\/strong><\/div>\n<div style=\"box-sizing: border-box; font-family: Arial, Helvetica, sans-serif; line-height: 18.5714302062988px;\">\n<div class=\"featuredpost\"><a href=\"http:\/\/www.eloriente.net\/home\/2015\/07\/21\/aqui-periodico-oficial-con-decreto-nuevo-instituto-de-educacion-de-oaxaca\/\" rel=\"bookmark\"><img decoding=\"async\" class=\"alignleft\" title=\"Aqu\u00ed Peri\u00f3dico Oficial con Decreto nuevo Instituto de Educaci\u00f3n de Oaxaca\" src=\"http:\/\/www.eloriente.net\/home\/wp-content\/themes\/city-desk\/timthumb.php?src=http%3A%2F%2Fwww.eloriente.net%2Fhome%2Fwp-content%2Fuploads%2F2015%2F07%2FPORTADA-DECRETO-IEEPO.png&amp;q=90&amp;w=90&amp;h=83&amp;zc=1\" alt=\"Aqu\u00ed Peri\u00f3dico Oficial con Decreto nuevo Instituto de Educaci\u00f3n de Oaxaca\" \/><\/a><\/p>\n<h2 class=\"posttitle \"><a title=\"Enlace Permanente a Aqu\u00ed Peri\u00f3dico Oficial con Decreto nuevo Instituto de Educaci\u00f3n de Oaxaca\" href=\"http:\/\/www.eloriente.net\/home\/2015\/07\/21\/aqui-periodico-oficial-con-decreto-nuevo-instituto-de-educacion-de-oaxaca\/\" rel=\"bookmark\">Aqu\u00ed Peri\u00f3dico Oficial con Decreto nuevo Instituto de Educaci\u00f3n de Oaxaca<\/a><\/h2>\n<p>(www.eloriente.net, M\u00e9xico, 21 de julio de 2015).- A continuaci\u00f3n, eloriente.net pone a tu disposici\u00f3n, solo para consulta, el peri\u00f3dico oficial de Oaxaca con fecha 20 de\u2026<\/p>\n<p class=\"postmeta\"><span class=\"meta_date\">julio 21, 2015<\/span><\/p>\n<div class=\"toolbar-social\">\n<div class=\"social-widget\">\n<div id=\"sharing-widget\"><a class=\"button icon-share\">Compartir<\/a><span class=\"share-count\">77<\/span><\/div>\n<\/div>\n<\/div>\n<\/div>\n<div class=\"featuredpost\"><a href=\"http:\/\/www.eloriente.net\/home\/2015\/07\/15\/pena-nieto-con-aprobacion-de-39-de-mexicanos-dilma-con-10-consulta-mitofsky\/\" rel=\"bookmark\"><img decoding=\"async\" class=\"alignleft\" title=\"Pe\u00f1a Nieto con aprobaci\u00f3n de 39% de mexicanos; Dilma con 10%: Consulta Mitofsky\" src=\"http:\/\/www.eloriente.net\/home\/wp-content\/themes\/city-desk\/timthumb.php?src=http%3A%2F%2Fwww.eloriente.net%2Fhome%2Fwp-content%2Fuploads%2F2015%2F07%2FRanking-mandatarios-mitofsky-julio-2015-1-12.png&amp;q=90&amp;w=200&amp;h=145&amp;zc=1\" alt=\"Pe\u00f1a Nieto con aprobaci\u00f3n de 39% de mexicanos; Dilma con 10%: Consulta Mitofsky\" \/><\/a><\/p>\n<h2 class=\"posttitle \"><a title=\"Enlace Permanente a Pe\u00f1a Nieto con aprobaci\u00f3n de 39% de mexicanos; Dilma con 10%: Consulta Mitofsky\" href=\"http:\/\/www.eloriente.net\/home\/2015\/07\/15\/pena-nieto-con-aprobacion-de-39-de-mexicanos-dilma-con-10-consulta-mitofsky\/\" rel=\"bookmark\">Pe\u00f1a Nieto con aprobaci\u00f3n de 39% de mexicanos; Dilma con 10%: Consulta Mitofsky<\/a><\/h2>\n<p>(www.eloriente.net, M\u00e9xico, 15 de julio de 2015. Por. Roberto Morales).- Con 39% de aceptaci\u00f3n ciudadana, el presidente Enrique Pe\u00f1a Nieto afrontar\u00e1 la segunda parte de su\u2026<\/p>\n<p class=\"postmeta\"><span class=\"meta_date\">julio 15, 2015<\/span><\/p>\n<\/div>\n<\/div>\n<div style=\"box-sizing: border-box; font-family: Arial, Helvetica, sans-serif; line-height: 18.5714302062988px;\"><\/div>\n\n\t\t\t  <div \n\t\t\t  \tclass = \"fb-comments\" \n\t\t\t  \tdata-href = \"http:\/\/www.eloriente.net\/home\/2015\/08\/03\/inah-recomendo-a-gobierno-de-oaxaca-no-ubicar-centro-de-convenciones-en-fortin\/\"\n\t\t\t  \tdata-numposts = \"10\"\n\t\t\t\tdata-colorscheme = \"dark\"\n\t\t\t\tdata-order-by = \"social\"\n\t\t\t\tdata-mobile=true>\n\t\t\t  <\/div>\n\t\t  <style>\n\t\t\t.fb_iframe_widget_fluid_desktop iframe {\n\t\t\t    width: 100% !important;\n\t\t\t}\n\t\t  <\/style>\n\t\t  ","protected":false},"excerpt":{"rendered":"<p>eloriente.net\/INAH 3 de agosto de 2015* El Instituto Nacional de Antropolog\u00eda e Historia no autoriz\u00f3 el proyecto del Centro Cultural y de Convenciones de la Ciudad de Oaxaca de Ju\u00e1rez, Oax. El proyecto enviado por la Secretar\u00eda de Turismo del Estado de Oaxaca fue evaluado por el Instituto y \u00e9ste emiti\u00f3 una recomendaci\u00f3n al Gobierno [&hellip;]<\/p>\n","protected":false},"author":1,"featured_media":37628,"comment_status":"open","ping_status":"open","sticky":false,"template":"","format":"standard","meta":{"_jetpack_memberships_contains_paid_content":false,"footnotes":""},"categories":[29,1588,32,63,464,21,19],"tags":[3755,181],"class_list":["post-38178","post","type-post","status-publish","format-standard","has-post-thumbnail","hentry","category-capital","category-comunicados-y-boletines","category-entradas","category-estados","category-oaxaca-estados","category-politica-y-gobierno","category-turismo-y-negocios","tag-centro-de-convenciones-de-oaxaca","tag-inah"],"jetpack_featured_media_url":"http:\/\/www.eloriente.net\/home\/wp-content\/uploads\/2015\/06\/Centro-de-Convenciones-@GObOax.jpg","jetpack_sharing_enabled":true,"_links":{"self":[{"href":"http:\/\/www.eloriente.net\/home\/wp-json\/wp\/v2\/posts\/38178"}],"collection":[{"href":"http:\/\/www.eloriente.net\/home\/wp-json\/wp\/v2\/posts"}],"about":[{"href":"http:\/\/www.eloriente.net\/home\/wp-json\/wp\/v2\/types\/post"}],"author":[{"embeddable":true,"href":"http:\/\/www.eloriente.net\/home\/wp-json\/wp\/v2\/users\/1"}],"replies":[{"embeddable":true,"href":"http:\/\/www.eloriente.net\/home\/wp-json\/wp\/v2\/comments?post=38178"}],"version-history":[{"count":3,"href":"http:\/\/www.eloriente.net\/home\/wp-json\/wp\/v2\/posts\/38178\/revisions"}],"predecessor-version":[{"id":38198,"href":"http:\/\/www.eloriente.net\/home\/wp-json\/wp\/v2\/posts\/38178\/revisions\/38198"}],"wp:featuredmedia":[{"embeddable":true,"href":"http:\/\/www.eloriente.net\/home\/wp-json\/wp\/v2\/media\/37628"}],"wp:attachment":[{"href":"http:\/\/www.eloriente.net\/home\/wp-json\/wp\/v2\/media?parent=38178"}],"wp:term":[{"taxonomy":"category","embeddable":true,"href":"http:\/\/www.eloriente.net\/home\/wp-json\/wp\/v2\/categories?post=38178"},{"taxonomy":"post_tag","embeddable":true,"href":"http:\/\/www.eloriente.net\/home\/wp-json\/wp\/v2\/tags?post=38178"}],"curies":[{"name":"wp","href":"https:\/\/api.w.org\/{rel}","templated":true}]}}