{"id":38181,"date":"2015-08-04T11:21:38","date_gmt":"2015-08-04T17:21:38","guid":{"rendered":"http:\/\/www.eloriente.net\/home\/?p=38181"},"modified":"2015-08-04T13:34:41","modified_gmt":"2015-08-04T19:34:41","slug":"recibe-nombramiento-primer-fiscal-general-del-estado-de-oaxaca","status":"publish","type":"post","link":"http:\/\/www.eloriente.net\/home\/2015\/08\/04\/recibe-nombramiento-primer-fiscal-general-del-estado-de-oaxaca\/","title":{"rendered":"Recibe nombramiento primer Fiscal General del Estado de Oaxaca"},"content":{"rendered":"<p><script src=\"\/\/pagead2.googlesyndication.com\/pagead\/js\/adsbygoogle.js\" async=\"\"><\/script><!-- BANNER ELORIENTE INCRUSTADO NOTAS --> <ins class=\"adsbygoogle\" style=\"display: inline-block; width: 300px; height: 250px;\" data-ad-client=\"ca-pub-1136171134853753\" data-ad-slot=\"7974633627\"><\/ins><script>\/\/ <![CDATA[\n(adsbygoogle = window.adsbygoogle || []).push({});\n\/\/ ]]><\/script><br \/>\n(www.eloriente.net, M\u00e9xico, 4 de agosto de 2015. por Gustavo Morales-Derecho El Oriente).- La transformaci\u00f3n del sistema de procuraci\u00f3n de justicia en Oaxaca tuvo ayer uno de sus episodios m\u00e1s trascendentes: el nombramiento del primer <a href=\"http:\/\/www.eloriente.net\/home\/2014\/12\/10\/no-necesitamos-una-fiscalia-urge-aplicar-la-ley\/\" target=\"_blank\">Fiscal General del Estado<\/a>.<\/p>\n<p>Sin la atenci\u00f3n medi\u00e1tica que merece, ya que la agenda se encuentra enfocada sobre todo al <a href=\"http:\/\/www.eloriente.net\/home\/2015\/07\/27\/educacion-oaxaca-mas-proyecto-menos-lodo\/\" target=\"_blank\">cambio en el Instituto de Educaci\u00f3n P\u00fablica de Oaxaca (IEEPO)<\/a>, el nombramiento del nuevo Fiscal es un asunto de primera importancia para Oaxaca, ya que el Ministerio P\u00fablico se ha convertido en un \u00f3rgano p\u00fablico aut\u00f3nomo, \u00fanico e indivisible, dotado de personalidad jur\u00eddica y de patrimonio propios, que representa a la sociedad y le compete la conducci\u00f3n de la investigaci\u00f3n de los delitos y de manera exclusiva el ejercicio de la acci\u00f3n penal en los Tribunales.<\/p>\n<p>Para este primer nombramiento, este primer lunes del mes de agosto el Presidente de la Junta de Coordinaci\u00f3n Pol\u00edtica y la presidenta de la Mesa Directiva del Congreso del Estado, entregaron el nombramiento oficial como nuevo Fiscal General del Estado, al Mtro. H\u00e9ctor Joaqu\u00edn Carrillo Ru\u00edz.<\/p>\n<p>Carrillo destac\u00f3 que algunas de las \u00e1reas fundamentales a atender son la profesionalizaci\u00f3n de los elementos de la Agencia Estatal de Investigaciones (AEI) a trav\u00e9s del Centro de Acreditaci\u00f3n, Certificaci\u00f3n y Control de Confianza, la adquisici\u00f3n de nuevo equipo y armamento, e inversi\u00f3n estatal y federal en infraestructura tecnol\u00f3gica para el fortalecimiento del sistema de operaci\u00f3n, de la red estatal de telecomunicaciones y todo el sistema de comunicaci\u00f3n para facilitar incluso la denuncia an\u00f3nima.<\/p>\n<p>Hizo especial referencia a la existencia a las Fiscal\u00edas con las que la instancia ya viene trabajando, la de Delitos Contra la Mujer, la Fiscal\u00eda Especializada en Derechos de la Infancia, la Fiscal\u00eda especializada en delitos cometidos por servidores p\u00fablicos, la Fiscal\u00eda en Delitos de Alto Impacto, la Fiscal\u00eda antisecuestro y la Fiscal\u00eda Especializada en Delitos de la Diversidad\u00a0<em>Sexual<\/em><em><strong>.<\/strong><\/em><\/p>\n<p>Cabe recordar que la transformaci\u00f3n mencionada, se ha dado en el marco de las <a href=\"http:\/\/www.eloriente.net\/home\/2015\/07\/01\/reforma-politica-en-oaxaca-perdida-oportunidad\/\" target=\"_blank\">reformas a la Constituci\u00f3n<\/a> del Estado efectuadas por el Congreso del <a href=\"http:\/\/www.eloriente.net\/home\/2015\/06\/29\/se-confirma-para-martes-30-debate-en-congreso-de-oaxaca-para-reformar-constitucion\/\" target=\"_blank\">pasado 30 de junio<\/a>. Adem\u00e1s, que el Congreso tiene a partir de la publicaci\u00f3n del decreto respectivo 60 d\u00edas para expedir la Ley Org\u00e1nica de la Fiscal\u00eda General del Estado, de acuerdo al art\u00edculo 6o. transitorio del mismo decreto.<\/p>\n<p>La Constituci\u00f3n ya con las reformas respectivas puede consultarse <a href=\"http:\/\/www.congresooaxaca.gob.mx\/legislatura\/legislacion\/leyes\/001.pdf\" target=\"_blank\">AQU\u00cd<\/a>.<\/p>\n<p>&nbsp;<\/p>\n<p><a href=\"http:\/\/www.eloriente.net\/home\/wp-content\/uploads\/2015\/08\/62legisoax-joaquin-carrillo.jpg\"><img loading=\"lazy\" decoding=\"async\" class=\"alignnone size-medium wp-image-38182\" src=\"http:\/\/www.eloriente.net\/home\/wp-content\/uploads\/2015\/08\/62legisoax-joaquin-carrillo-300x168.jpg\" alt=\"62legisoax joaquin carrillo\" width=\"300\" height=\"168\" srcset=\"http:\/\/www.eloriente.net\/home\/wp-content\/uploads\/2015\/08\/62legisoax-joaquin-carrillo-300x168.jpg 300w, http:\/\/www.eloriente.net\/home\/wp-content\/uploads\/2015\/08\/62legisoax-joaquin-carrillo-1024x576.jpg 1024w, http:\/\/www.eloriente.net\/home\/wp-content\/uploads\/2015\/08\/62legisoax-joaquin-carrillo-900x506.jpg 900w, http:\/\/www.eloriente.net\/home\/wp-content\/uploads\/2015\/08\/62legisoax-joaquin-carrillo.jpg 1280w\" sizes=\"(max-width: 300px) 100vw, 300px\" \/><\/a><\/p>\n<p>Imagen:PGJEO<\/p>\n<p>OTRAS ENTRADAS:<\/p>\n<div class=\"featuredpost\">\n<div class=\"flow_hide\">\n<h2 class=\"posttitle bigposttitle\"><a title=\"Enlace Permanente a INAH recomend\u00f3 a Gobierno de Oaxaca no ubicar Centro de Convenciones en Fort\u00edn\" href=\"http:\/\/www.eloriente.net\/home\/2015\/08\/03\/inah-recomendo-a-gobierno-de-oaxaca-no-ubicar-centro-de-convenciones-en-fortin\/\" rel=\"bookmark\">INAH recomend\u00f3 a Gobierno de Oaxaca no ubicar Centro de Convenciones en Fort\u00edn<\/a><\/h2>\n<\/div>\n<p>eloriente.net\/INAH 3 de agosto de 2015* El Instituto Nacional de Antropolog\u00eda e Historia no autoriz\u00f3 el proyecto del Centro Cultural y de Convenciones de la Ciudad de Oaxaca\u2026<\/p>\n<p class=\"postmeta\"><span class=\"meta_date\">agosto 3, 2015<\/span><\/p>\n<div class=\"toolbar-social\">\n<div class=\"social-widget\">\n<div id=\"sharing-widget\"><a class=\"button icon-share\">Compartir<\/a><span class=\"share-count\">2<\/span><\/div>\n<\/div>\n<\/div>\n<\/div>\n<div class=\"featuredpost\">\n<div class=\"flow_hide\">\n<p><a href=\"http:\/\/www.eloriente.net\/home\/2015\/07\/30\/oaxaca-un-continente-como-andan-los-numeros-de-turismo-de-naturaleza-por-angel-osorio\/\" rel=\"bookmark\"><img decoding=\"async\" class=\"alignleft\" title=\"Oaxaca, Un Continente: \u00bfc\u00f3mo andan los n\u00fameros de Turismo de naturaleza?, por \u00c1ngel Osorio\" src=\"http:\/\/www.eloriente.net\/home\/wp-content\/themes\/city-desk\/timthumb.php?src=http%3A%2F%2Fwww.eloriente.net%2Fhome%2Fwp-content%2Fuploads%2F2015%2F07%2F44.png&amp;q=90&amp;w=70&amp;h=45&amp;zc=1\" alt=\"Oaxaca, Un Continente: \u00bfc\u00f3mo andan los n\u00fameros de Turismo de naturaleza?, por \u00c1ngel Osorio\" \/><\/a><\/p>\n<h2 class=\"posttitle \"><a title=\"Enlace Permanente a Oaxaca, Un Continente: \u00bfc\u00f3mo andan los n\u00fameros de Turismo de naturaleza?, por \u00c1ngel Osorio\" href=\"http:\/\/www.eloriente.net\/home\/2015\/07\/30\/oaxaca-un-continente-como-andan-los-numeros-de-turismo-de-naturaleza-por-angel-osorio\/\" rel=\"bookmark\">Oaxaca, Un Continente: \u00bfc\u00f3mo andan los n\u00fameros de Turismo de naturaleza?, por \u00c1ngel Osorio<\/a><\/h2>\n<\/div>\n<p>(www.eloriente.net, M\u00e9xico, 30 de julio de 2015. por \u00c1ngel Osorio @senderosoax).- Ya en una entrega hablamos del ecoturismo como una gran promesa para el estado de Oaxaca. Por\u2026<\/p>\n<p class=\"postmeta\"><span class=\"meta_date\">julio 30, 2015<\/span><\/p>\n<div class=\"toolbar-social\">\n<div class=\"social-widget\">\n<div id=\"sharing-widget\"><a class=\"button icon-share\">Compartir<\/a><span class=\"share-count\">17<\/span><\/div>\n<\/div>\n<\/div>\n<\/div>\n\n\t\t\t  <div \n\t\t\t  \tclass = \"fb-comments\" \n\t\t\t  \tdata-href = \"http:\/\/www.eloriente.net\/home\/2015\/08\/04\/recibe-nombramiento-primer-fiscal-general-del-estado-de-oaxaca\/\"\n\t\t\t  \tdata-numposts = \"10\"\n\t\t\t\tdata-colorscheme = \"dark\"\n\t\t\t\tdata-order-by = \"social\"\n\t\t\t\tdata-mobile=true>\n\t\t\t  <\/div>\n\t\t  <style>\n\t\t\t.fb_iframe_widget_fluid_desktop iframe {\n\t\t\t    width: 100% !important;\n\t\t\t}\n\t\t  <\/style>\n\t\t  ","protected":false},"excerpt":{"rendered":"<p>(www.eloriente.net, M\u00e9xico, 4 de agosto de 2015. por Gustavo Morales-Derecho El Oriente).- La transformaci\u00f3n del sistema de procuraci\u00f3n de justicia en Oaxaca tuvo ayer uno de sus episodios m\u00e1s trascendentes: el nombramiento del primer Fiscal General del Estado. Sin la atenci\u00f3n medi\u00e1tica que merece, ya que la agenda se encuentra enfocada sobre todo al cambio [&hellip;]<\/p>\n","protected":false},"author":1,"featured_media":38182,"comment_status":"open","ping_status":"open","sticky":false,"template":"","format":"standard","meta":{"_jetpack_memberships_contains_paid_content":false,"footnotes":""},"categories":[91,22,32,63,10,464,21],"tags":[3914,3915],"class_list":["post-38181","post","type-post","status-publish","format-standard","has-post-thumbnail","hentry","category-congreso-y-justicia","category-derechos-humanos","category-entradas","category-estados","category-lo-mas-reciente","category-oaxaca-estados","category-politica-y-gobierno","tag-fiscalia-oaxaca","tag-gabinete-gabino-cue"],"jetpack_featured_media_url":"http:\/\/www.eloriente.net\/home\/wp-content\/uploads\/2015\/08\/62legisoax-joaquin-carrillo.jpg","jetpack_sharing_enabled":true,"_links":{"self":[{"href":"http:\/\/www.eloriente.net\/home\/wp-json\/wp\/v2\/posts\/38181"}],"collection":[{"href":"http:\/\/www.eloriente.net\/home\/wp-json\/wp\/v2\/posts"}],"about":[{"href":"http:\/\/www.eloriente.net\/home\/wp-json\/wp\/v2\/types\/post"}],"author":[{"embeddable":true,"href":"http:\/\/www.eloriente.net\/home\/wp-json\/wp\/v2\/users\/1"}],"replies":[{"embeddable":true,"href":"http:\/\/www.eloriente.net\/home\/wp-json\/wp\/v2\/comments?post=38181"}],"version-history":[{"count":2,"href":"http:\/\/www.eloriente.net\/home\/wp-json\/wp\/v2\/posts\/38181\/revisions"}],"predecessor-version":[{"id":38193,"href":"http:\/\/www.eloriente.net\/home\/wp-json\/wp\/v2\/posts\/38181\/revisions\/38193"}],"wp:featuredmedia":[{"embeddable":true,"href":"http:\/\/www.eloriente.net\/home\/wp-json\/wp\/v2\/media\/38182"}],"wp:attachment":[{"href":"http:\/\/www.eloriente.net\/home\/wp-json\/wp\/v2\/media?parent=38181"}],"wp:term":[{"taxonomy":"category","embeddable":true,"href":"http:\/\/www.eloriente.net\/home\/wp-json\/wp\/v2\/categories?post=38181"},{"taxonomy":"post_tag","embeddable":true,"href":"http:\/\/www.eloriente.net\/home\/wp-json\/wp\/v2\/tags?post=38181"}],"curies":[{"name":"wp","href":"https:\/\/api.w.org\/{rel}","templated":true}]}}