{"id":38184,"date":"2015-08-04T11:32:17","date_gmt":"2015-08-04T17:32:17","guid":{"rendered":"http:\/\/www.eloriente.net\/home\/?p=38184"},"modified":"2015-08-04T11:38:13","modified_gmt":"2015-08-04T17:38:13","slug":"la-seccion-22-esta-calculando-de-veras-no-iniciar-ciclo-escolar","status":"publish","type":"post","link":"http:\/\/www.eloriente.net\/home\/2015\/08\/04\/la-seccion-22-esta-calculando-de-veras-no-iniciar-ciclo-escolar\/","title":{"rendered":"\u00bfLa Secci\u00f3n 22 est\u00e1 calculando de veras no iniciar ciclo escolar?"},"content":{"rendered":"<p><script src=\"\/\/pagead2.googlesyndication.com\/pagead\/js\/adsbygoogle.js\" async=\"\"><\/script><!-- BANNER ELORIENTE INCRUSTADO NOTAS --> <ins class=\"adsbygoogle\" style=\"display: inline-block; width: 300px; height: 250px;\" data-ad-client=\"ca-pub-1136171134853753\" data-ad-slot=\"7974633627\"><\/ins><script>\/\/ <![CDATA[\n(adsbygoogle = window.adsbygoogle || []).push({});\n\/\/ ]]><\/script><br \/>\neloriente.net\/<a href=\"http:\/\/columnaalmargen.mx\/\" target=\"_blank\">Al Margen<\/a><\/p>\n<p>4 de agosto de 2015<\/p>\n<p style=\"text-align: right;\"><em><strong><a href=\"http:\/\/www.eloriente.net\/home\/category\/colaboradores\/adrian-ortiz-romero\/\" target=\"_blank\">Por: Adri\u00e1n Ortiz Romero<\/a>\u00a0@ortizromeroc<\/strong><\/em><\/p>\n<p>Hoy se cumplen dos semanas de que el gobernador <a href=\"http:\/\/www.eloriente.net\/home\/2015\/07\/21\/ayer-ordene-la-creacion-de-nuevo-instituto-de-educacion-publica-gabino-cue-mensaje-integro\/\" target=\"_blank\">Gabino Cu\u00e9 anunci\u00f3 la disoluci\u00f3n del IEEPO <\/a>bajo la hegemon\u00eda magisterial, y el establecimiento de un nuevo instituto educativo regido por funcionarios no afines, ni designados, por la Secci\u00f3n 22 del SNTE. En estos catorce d\u00edas, hemos visto posicionamientos y amenazas del magisterio. Pero lo que no hemos visto es una estrategia capaz no s\u00f3lo de cerrarle la puerta a un posible boicot al inicio del ciclo escolar 2015-2016, sino tambi\u00e9n de comenzar a distender las posiciones de los profesores. Quiz\u00e1 sea momento de que los gobiernos estatal y federal reactiven su conocida estrategia del bueno y el malo.<\/p>\n<p>En efecto, ayer los profesores de la Secci\u00f3n 22 del SNTE marcharon por las calles de la capital oaxaque\u00f1a, pero rechazaron acudir a la mesa de di\u00e1logo propuesta por el Gobierno del Estado. La dirigencia magisterial dijo \u2014como pretexto\u2014 que el gobierno estatal no le hab\u00eda notificado oportunamente de la agenda, la ubicaci\u00f3n y los participantes en el di\u00e1logo; pero sobre todo estableci\u00f3 que \u2014al igual que como lo afirm\u00f3 el Gobernador desde el fin de semana\u2014 ellos no van a negociar bajo presi\u00f3n. \u201cLa Secci\u00f3n 22 nunca llegar\u00e1 de rodillas a una mesa, ni a un di\u00e1logo condicionado\u201d, remarc\u00f3 el secretario General de la Secci\u00f3n 22, Rub\u00e9n N\u00fa\u00f1ez Ginez.<\/p>\n<p>Frente a esta decisi\u00f3n del magisterio, el gobierno de Oaxaca demostr\u00f3 ayer lunes que ellos estaban dispuestos a la realizaci\u00f3n de un di\u00e1logo p\u00fablico. Incluso, una comisi\u00f3n integrada por el secretario General de Gobierno, Alfonso G\u00f3mez Sandoval Hern\u00e1ndez, el director general del IEEPO, Mois\u00e9s Robles Cruz, y el vocero del Poder Ejecutivo, Miguel \u00c1ngel Mu\u00f1oz Navarro, reiteraron su disposici\u00f3n y apertura al di\u00e1logo con el gremio magisterial, y aseguraron que con la Secci\u00f3n 22 el di\u00e1logo ser\u00e1 permanente por la importancia que reviste la educaci\u00f3n en la entidad.<\/p>\n<p>M\u00e1s tarde, la secretaria de Desarrollo Social del gobierno federal, Rosario Robles Berlanga, vino a Oaxaca a anunciar importantes apoyos e inversiones a favor de la educaci\u00f3n, con lo que se refrend\u00f3 que estas medidas a favor del rescate de la rector\u00eda de la educaci\u00f3n se est\u00e1n tomando en acuerdo por los gobiernos estatal y federal, que desde el anuncio de la refundaci\u00f3n del IEEPO han dado reiteradas muestras de que est\u00e1n actuando coordinadamente.<\/p>\n<p>En este panorama, pareciera que finalmente<a href=\"http:\/\/www.eloriente.net\/home\/2015\/07\/23\/la-redencion-del-sexenio-por-bruno-torres\/\" target=\"_blank\"> la Secci\u00f3n 22 est\u00e1 vencida<\/a>, o cuando menos desfondada y en un proceso de desgaste sobre el cual s\u00f3lo ser\u00eda cuesti\u00f3n de tiempo para terminar de diluirse. Si ese es el c\u00e1lculo hecho por ambos niveles de gobierno, entonces la apuesta m\u00e1s fuerte de su estrategia tendr\u00eda que enfocarse fundamentalmente en garantizar que inicie el siguiente ciclo escolar. Sin embargo, apostar a eso es por dem\u00e1s incierto.<\/p>\n<p>Pues no se duda que se est\u00e9 trabajando en el objetivo de garantizar el arranque del ciclo escolar, y que se puedan tomar todas las medidas que previamente esboz\u00f3 el Director del IEEPO, tales como el reemplazo de maestros, los descuentos y los despidos. No obstante todo esto, es fundamental que los actores e instituciones involucrados no dejen de ver este asunto como una cuesti\u00f3n de Estado, y entonces abran los canales necesarios para no asfixiar al magisterio, y paulatinamente abrirle las v\u00edas de despresurizaci\u00f3n necesarias para evitar que finalmente la presi\u00f3n y el agobio termine reventando una relaci\u00f3n que, a pesar de las fricciones de las \u00faltimas dos semanas, ha sido respetuosa e institucional entre el sindicato magisterial y los dos \u00e1mbitos de gobierno involucradas.<\/p>\n<p><b>EL BUENO Y EL MALO<\/b><\/p>\n<p>Para nadie es un secreto que durante meses, los gobiernos estatal y federal establecieron una ruta coordinada frente a la Secci\u00f3n 22, en la que al interior del gobierno federal hab\u00eda un bueno y un malo en sus negociaciones con el magisterio; y que, entre los \u00e1mbitos de gobierno, tambi\u00e9n hab\u00eda uno que fung\u00eda como el golpeador, y el otro como conciliador en las rondas de negociaci\u00f3n con la representaci\u00f3n oaxaque\u00f1a de la CNTE.<\/p>\n<p>Esa relaci\u00f3n \u2014en cualquier an\u00e1lisis sensato\u2014 tendr\u00eda que haber cambiado, y no desaparecido, luego del 21 de julio cuando el gobernador Cu\u00e9 Monteagudo anunci\u00f3 la refundaci\u00f3n del IEEPO. Hasta entonces, dentro del gobierno federal el di\u00e1logo conciliador lo hab\u00eda tenido la Secci\u00f3n 22 con la Secretar\u00eda de Gobernaci\u00f3n, y la relaci\u00f3n tirante con la Secretar\u00eda de Educaci\u00f3n P\u00fablica; y en esa misma relaci\u00f3n, el trato tirante hab\u00eda sido siempre con el gobierno federal, y el trato conciliador lo hab\u00eda recibido del gobierno de Oaxaca.<\/p>\n<p>En esa l\u00f3gica, es necesario considerar que el gobierno federal le cerr\u00f3 la ventanilla de la negociaci\u00f3n al magisterio oaxaque\u00f1o luego de su intento de boicot al proceso electoral del 7 de junio. Desde entonces, Gobernaci\u00f3n le dijo a la Secci\u00f3n 22 que no negociar\u00edan hasta que los profesores demostraran estar en clases \u2014lo que auguraba un reinicio de negociaciones hasta despu\u00e9s del 24 de agosto, cuando arranca el pr\u00f3ximo ciclo escolar\u2014; y, aparentemente, ante el anuncio federal, la 22 se hab\u00eda refugiado en su relaci\u00f3n con el gobierno de Gabino Cu\u00e9 para que \u00e9ste sirviera como interlocutor con el gobierno federal. S\u00f3lo que esa relaci\u00f3n se acab\u00f3 hace dos semanas, cuando tambi\u00e9n el Gobernador le puso fin a su relaci\u00f3n de sometimiento frente al magisterio.<\/p>\n<p>As\u00ed, t\u00e9cnicamente la Secci\u00f3n 22 tiene cerrados todos los canales de interlocuci\u00f3n con los gobiernos estatal y federal. Era previsible que los profesores no acudieran a dialogar con el gobierno estatal, porque la expulsi\u00f3n de la estructura magisterial en el instituto educativo es de tal calado, que ahora el \u201cmalo\u201d es el gobierno estatal.<\/p>\n<p>\u00bfQu\u00e9 queda? Que ahora la federaci\u00f3n demuestre su capacidad de interlocuci\u00f3n y establecimiento de puentes, y sea quien dialogue \u2014que no negociar\u2014 con la dirigencia magisterial para comenzar el largo proceso de distensi\u00f3n, y paulatinamente aseguren o la reincorporaci\u00f3n a las aulas de los sectores magisteriales m\u00e1s radicales; o cuando menos que no se conviertan en un factor de inestabilidad para la educaci\u00f3n y la gobernabilidad en Oaxaca. No abrir a tiempo una v\u00e1lvula de escape, generar\u00eda una explosi\u00f3n que no es ni deseable ni necesaria para la gobernabilidad de Oaxaca.<\/p>\n<p><b>MIL VERSIONES<\/b><\/p>\n<p>Rub\u00e9n N\u00fa\u00f1ez Ginez debe estarse preparando para la retirada. S\u00f3lo as\u00ed puede explicarse que el fin de semana <a href=\"https:\/\/twitter.com\/El_Oriente\/status\/627674708972929028\" target=\"_blank\">hayan circulado al menos tres versiones distintas<\/a> sobre el presunto malestar f\u00edsico que sufri\u00f3.<\/p>\n<p><a href=\"http:\/\/www.eloriente.net\/home\/wp-content\/uploads\/2014\/04\/Asamblea-Por-Secci\u00f3n-22.jpg\"><img loading=\"lazy\" decoding=\"async\" class=\"alignnone size-medium wp-image-23943\" src=\"http:\/\/www.eloriente.net\/home\/wp-content\/uploads\/2014\/04\/Asamblea-Por-Secci\u00f3n-22-300x179.jpg\" alt=\"Asamblea-Por Secci\u00f3n 22\" width=\"300\" height=\"179\" srcset=\"http:\/\/www.eloriente.net\/home\/wp-content\/uploads\/2014\/04\/Asamblea-Por-Secci\u00f3n-22-300x179.jpg 300w, http:\/\/www.eloriente.net\/home\/wp-content\/uploads\/2014\/04\/Asamblea-Por-Secci\u00f3n-22-1024x612.jpg 1024w\" sizes=\"(max-width: 300px) 100vw, 300px\" \/><\/a><\/p>\n<p><strong>OTRAS ENTRADAS:<\/strong><\/p>\n<div id=\"post-38095\" class=\"post-38095 post type-post status-publish format-standard has-post-thumbnail hentry category-alejandro-cruz-pimentel category-colaboradores category-destacadas category-entradas category-estados category-oaxaca-estados category-politica-y-gobierno tag-educacion tag-gobierno tag-nuevo-ieepo tag-oaxaca entry loop-default border_bottom_30\">\n<h2 class=\"entry_title\"><a title=\"Enlace Permanente a IEEPO, v\u00edctima de sus propias complicidades, por Alejandro Cruz\" href=\"http:\/\/www.eloriente.net\/home\/2015\/07\/23\/ieepo-victima-de-sus-propias-complicidades-por-alejandro-cruz\/\" rel=\"bookmark\">IEEPO, v\u00edctima de sus propias complicidades, por Alejandro Cruz<\/a><\/h2>\n<p><a href=\"http:\/\/www.eloriente.net\/home\/2015\/07\/23\/ieepo-victima-de-sus-propias-complicidades-por-alejandro-cruz\/\" rel=\"bookmark\"><img decoding=\"async\" class=\"alignleft\" title=\"IEEPO, v\u00edctima de sus propias complicidades, por Alejandro Cruz\" src=\"http:\/\/www.eloriente.net\/home\/wp-content\/themes\/city-desk\/timthumb.php?src=http%3A%2F%2Fwww.eloriente.net%2Fhome%2Fwp-content%2Fuploads%2F2015%2F07%2FNueva-junta-IEEPO-Oaxaca-julio-2015.jpg&amp;q=90&amp;w=160&amp;h=106&amp;zc=1\" alt=\"IEEPO, v\u00edctima de sus propias complicidades, por Alejandro Cruz\" \/><\/a>\u00a0 \u00a0 \u201cLas actitudes de las autoridades educativas, fueron demasiado complacientes, y hoy el Estado es v\u00edctima de sus propias complicidades\u201d: Pablo Latap\u00ed (www.eloriente.net, M\u00e9xico, 23 de julio de 2015. Por: Alejandro Cruz Pimentel @acruzpi).- El problema educativo en nuestro estado, no es privativo de la CNTE. El Instituto Estatal de Educaci\u00f3n P\u00fablica de Oaxaca [\u2026]<\/p>\n<p class=\"postmeta\"><span class=\"meta_date\">julio 23, 2015<\/span><\/p>\n<\/div>\n<div id=\"post-24933\" class=\"post-24933 post type-post status-publish format-standard has-post-thumbnail hentry category-educacion-y-cultura category-entradas category-especiales category-estados category-oaxaca-estados category-politica-y-gobierno category-principal tag-directores tag-educacion tag-ensenanza tag-facebook tag-gilberto-sanchez-ortiz tag-gobierno tag-ieepo entry loop-default border_bottom_30\">\n<h2 class=\"entry_title\"><a title=\"Enlace Permanente a Una mirada al pasado: \u201cLos directores del IEEPO\u201d\" href=\"http:\/\/www.eloriente.net\/home\/2014\/04\/28\/una-mirada-al-pasado-los-directores-del-ieepo\/\" rel=\"bookmark\">Una mirada al pasado: \u201cLos directores del IEEPO\u201d<\/a><\/h2>\n<p><a href=\"http:\/\/www.eloriente.net\/home\/2014\/04\/28\/una-mirada-al-pasado-los-directores-del-ieepo\/\" rel=\"bookmark\"><img decoding=\"async\" class=\"alignleft\" title=\"Una mirada al pasado: \u201cLos directores del IEEPO\u201d\" src=\"http:\/\/www.eloriente.net\/home\/wp-content\/themes\/city-desk\/timthumb.php?src=http%3A%2F%2Fwww.eloriente.net%2Fhome%2Fwp-content%2Fuploads%2F2014%2F01%2FHomenaje-a-la-bandera.jpg&amp;q=90&amp;w=160&amp;h=106&amp;zc=1\" alt=\"Una mirada al pasado: \u201cLos directores del IEEPO\u201d\" \/><\/a>eloriente.net 28 de abril de 2014 Desde su fundaci\u00f3n el Instituto Estatal de Educaci\u00f3n P\u00fablica de Oaxaca (IEEPO) en 1992, \u00f3rgano responsable de ejecutar los Programas Educativos Nacionales dentro del sector educativo estatal, se ha visto afectado por una serie de conflictos tanto internos como externos, debido a intereses pol\u00edticos, econ\u00f3micos y sociales que existen [\u2026]<\/p>\n<p class=\"postmeta\"><span class=\"meta_date\">abril 28, 2014<\/span><\/p>\n<\/div>\n<div id=\"post-38181\" class=\"post-38181 post type-post status-publish format-standard has-post-thumbnail hentry category-congreso-y-justicia category-derechos-humanos category-entradas category-estados category-lo-mas-reciente category-oaxaca-estados category-politica-y-gobierno tag-fiscalia-oaxaca tag-gabinete-gabino-cue entry loop-default border_bottom_30\">\n<h2 class=\"entry_title\"><a title=\"Enlace Permanente a Recibe nombramiento primer Fiscal General del Estado de Oaxaca\" href=\"http:\/\/www.eloriente.net\/home\/2015\/08\/04\/recibe-nombramiento-primer-fiscal-general-del-estado-de-oaxaca\/\" rel=\"bookmark\">Recibe nombramiento primer Fiscal General del Estado de Oaxaca<\/a><\/h2>\n<p><a href=\"http:\/\/www.eloriente.net\/home\/2015\/08\/04\/recibe-nombramiento-primer-fiscal-general-del-estado-de-oaxaca\/\" rel=\"bookmark\"><img decoding=\"async\" class=\"alignleft\" title=\"Recibe nombramiento primer Fiscal General del Estado de Oaxaca\" src=\"http:\/\/www.eloriente.net\/home\/wp-content\/themes\/city-desk\/timthumb.php?src=http%3A%2F%2Fwww.eloriente.net%2Fhome%2Fwp-content%2Fuploads%2F2015%2F08%2F62legisoax-joaquin-carrillo.jpg&amp;q=90&amp;w=160&amp;h=106&amp;zc=1\" alt=\"Recibe nombramiento primer Fiscal General del Estado de Oaxaca\" \/><\/a>\u00a0 (www.eloriente.net, M\u00e9xico, 4 de agosto de 2015. por Gustavo Morales-Derecho El Oriente).- La transformaci\u00f3n del sistema de procuraci\u00f3n de justicia en Oaxaca tuvo ayer uno de sus episodios m\u00e1s trascendentes: el nombramiento del primer Fiscal General del Estado. Sin la atenci\u00f3n medi\u00e1tica que merece, ya que la agenda se encuentra enfocada sobre todo al [\u2026]<\/p>\n<p class=\"postmeta\"><span class=\"meta_date\">agosto 4, 2015<\/span><\/p>\n<\/div>\n\n\t\t\t  <div \n\t\t\t  \tclass = \"fb-comments\" \n\t\t\t  \tdata-href = \"http:\/\/www.eloriente.net\/home\/2015\/08\/04\/la-seccion-22-esta-calculando-de-veras-no-iniciar-ciclo-escolar\/\"\n\t\t\t  \tdata-numposts = \"10\"\n\t\t\t\tdata-colorscheme = \"dark\"\n\t\t\t\tdata-order-by = \"social\"\n\t\t\t\tdata-mobile=true>\n\t\t\t  <\/div>\n\t\t  <style>\n\t\t\t.fb_iframe_widget_fluid_desktop iframe {\n\t\t\t    width: 100% !important;\n\t\t\t}\n\t\t  <\/style>\n\t\t  ","protected":false},"excerpt":{"rendered":"<p>eloriente.net\/Al Margen 4 de agosto de 2015 Por: Adri\u00e1n Ortiz Romero\u00a0@ortizromeroc Hoy se cumplen dos semanas de que el gobernador Gabino Cu\u00e9 anunci\u00f3 la disoluci\u00f3n del IEEPO bajo la hegemon\u00eda magisterial, y el establecimiento de un nuevo instituto educativo regido por funcionarios no afines, ni designados, por la Secci\u00f3n 22 del SNTE. En estos catorce [&hellip;]<\/p>\n","protected":false},"author":2,"featured_media":23943,"comment_status":"open","ping_status":"open","sticky":false,"template":"","format":"standard","meta":{"_jetpack_memberships_contains_paid_content":false,"footnotes":""},"categories":[38,11,18,32,63,464],"tags":[3762,375,374],"class_list":["post-38184","post","type-post","status-publish","format-standard","has-post-thumbnail","hentry","category-adrian-ortiz-romero","category-colaboradores","category-educacion-y-cultura","category-entradas","category-estados","category-oaxaca-estados","tag-educacion-en-oaxaca","tag-ieepo","tag-seccion-22"],"jetpack_featured_media_url":"http:\/\/www.eloriente.net\/home\/wp-content\/uploads\/2014\/04\/Asamblea-Por-Secci\u00f3n-22.jpg","jetpack_sharing_enabled":true,"_links":{"self":[{"href":"http:\/\/www.eloriente.net\/home\/wp-json\/wp\/v2\/posts\/38184"}],"collection":[{"href":"http:\/\/www.eloriente.net\/home\/wp-json\/wp\/v2\/posts"}],"about":[{"href":"http:\/\/www.eloriente.net\/home\/wp-json\/wp\/v2\/types\/post"}],"author":[{"embeddable":true,"href":"http:\/\/www.eloriente.net\/home\/wp-json\/wp\/v2\/users\/2"}],"replies":[{"embeddable":true,"href":"http:\/\/www.eloriente.net\/home\/wp-json\/wp\/v2\/comments?post=38184"}],"version-history":[{"count":3,"href":"http:\/\/www.eloriente.net\/home\/wp-json\/wp\/v2\/posts\/38184\/revisions"}],"predecessor-version":[{"id":38187,"href":"http:\/\/www.eloriente.net\/home\/wp-json\/wp\/v2\/posts\/38184\/revisions\/38187"}],"wp:featuredmedia":[{"embeddable":true,"href":"http:\/\/www.eloriente.net\/home\/wp-json\/wp\/v2\/media\/23943"}],"wp:attachment":[{"href":"http:\/\/www.eloriente.net\/home\/wp-json\/wp\/v2\/media?parent=38184"}],"wp:term":[{"taxonomy":"category","embeddable":true,"href":"http:\/\/www.eloriente.net\/home\/wp-json\/wp\/v2\/categories?post=38184"},{"taxonomy":"post_tag","embeddable":true,"href":"http:\/\/www.eloriente.net\/home\/wp-json\/wp\/v2\/tags?post=38184"}],"curies":[{"name":"wp","href":"https:\/\/api.w.org\/{rel}","templated":true}]}}