{"id":38188,"date":"2015-08-04T12:35:21","date_gmt":"2015-08-04T18:35:21","guid":{"rendered":"http:\/\/www.eloriente.net\/home\/?p=38188"},"modified":"2015-08-04T12:48:57","modified_gmt":"2015-08-04T18:48:57","slug":"educar-en-la-pobreza-por-diego-gonzalez-algara","status":"publish","type":"post","link":"http:\/\/www.eloriente.net\/home\/2015\/08\/04\/educar-en-la-pobreza-por-diego-gonzalez-algara\/","title":{"rendered":"Educar en la pobreza, por Diego Gonz\u00e1lez Algara"},"content":{"rendered":"<p><script src=\"\/\/pagead2.googlesyndication.com\/pagead\/js\/adsbygoogle.js\" async=\"\"><\/script><!-- BANNER ELORIENTE INCRUSTADO NOTAS --> <ins class=\"adsbygoogle\" style=\"display: inline-block; width: 300px; height: 250px;\" data-ad-client=\"ca-pub-1136171134853753\" data-ad-slot=\"7974633627\"><\/ins><script>\/\/ <![CDATA[\n(adsbygoogle = window.adsbygoogle || []).push({});\n\/\/ ]]><\/script><\/p>\n<p>&nbsp;<\/p>\n<p>&nbsp;<\/p>\n<p><em>En este art\u00edculo se muestran algunos elementos a considerar al momento de ense\u00f1ar en contextos, como el Mexicano, donde la pobreza afecta a uno se de cada dos ni\u00f1os mexicanos.<\/em><\/p>\n<p>Donde hay buena educaci\u00f3n no hay distinci\u00f3n de clases. Kung FuTse, Confucio<\/p>\n<p>(www.eloriente.net, M\u00e9xico, 4 de agosto de 2015. Por: Diego Gonz\u00e1lez Algara @diegogalgara).- En el mundo existe una corriente liderada el Banco Mundial y el Programa de las Naciones Unidas para el Desarrollo que pretende terminar para el a\u00f1o 2030 con la pobreza en el mundo.<\/p>\n<p>Sin embargo en M\u00e9xico los datos recientes expuestos por el <a href=\"http:\/\/www.eloriente.net\/home\/2015\/07\/28\/medicion-de-la-pobreza-en-oaxaca-presentacion-de-alejandro-cruz\/\" target=\"_blank\">Consejo Nacional de Evaluaci\u00f3n de la Pol\u00edtica de Desarrollo Social<\/a> arrojan que 1 de cada 2 mexicanos vive en la pobreza. Entre el 2012 y el 2014 la pobreza se ha incrementado al tener 2 millones m\u00e1s de mexicanos que entran a esta \u00e1rea donde hay una gran falta de carencias no solo econ\u00f3micas, sino de diferentes umbrales que involucran la falta de servicios de salud, drenaje, vivienda y educaci\u00f3n.<\/p>\n<p>La iniciativa privada , a trav\u00e9s del Consejo Coordinador Empresarial, hace un c\u00e1lculo tenebroso al ritmo que vamos, hasta dentro de 200 a\u00f1os M\u00e9xico terminar\u00e1 con la pobreza. <a href=\"http:\/\/www.eloriente.net\/home\/2014\/04\/16\/medio-millon-de-mexicanos-salen-de-la-pobreza-extrema-ocde\/\" target=\"_blank\">175 a\u00f1os m\u00e1s<\/a> de los que tienen programados los organismos internacionales de lucha contra la pobreza.<\/p>\n<p>La educaci\u00f3n es una de las herramientas m\u00e1s importantes para ir erradicando la pobreza. \u00a0Sin embargo en cuestiones educativas al parecer hay algo que no estamos haciendo bien desde hace a\u00f1os.<\/p>\n<p>Adem\u00e1s de las complejidades de educar sin la infraestructura necesaria, educamos sin considerar el contexto en el que viven nuestros alumnos, nuestros familiares, nuestra sociedad.<\/p>\n<p>Existen entidades que concentran altos niveles de pobreza como Oaxaca con 67% o Chiapas con 76%. Entre 6 y 8 de los estudiantes \u2014en estos dos estados\u2014 se encuentran en una situaci\u00f3n de pobreza.<\/p>\n<p>En art\u00edculos previos hemos revisado, someramente, c\u00f3mo mexicanos en estas circunstancias, de carencias en diferentes dimensiones, han podido realizar grandes aportes a la humanidad. Y lo siguen haciendo en M\u00e9xico y el resto del mundo. Pero qu\u00e9 podemos hacer como profesores, como padres de familia y como seres humanos para potenciar sus habilidades.<\/p>\n<p><strong>En su libro \u00abEnse\u00f1ar con la pobreza en la mente\u00bb ( Teaching with poverty in Mind), el autor Eric Jensen se\u00f1ala que el mal comportamiento y la impulsividad ocurren m\u00e1s en las familias pobres como respuesta al estr\u00e9s cr\u00f3nico.<\/strong><\/p>\n<p>En hogares pobres, comenta,\u00a0\u00a0los ni\u00f1os son menos propensos a participar en actividades de reducci\u00f3n de estr\u00e9s, como ir a caminar, practicar deportes y hacer ejercicios, porque \u00e9stas requieren de la supervisi\u00f3n de\u00a0adultos , tiempo y dinero.<\/p>\n<p>Los ni\u00f1os pobres tienen menos oportunidad de aprender actitudes como la simpat\u00eda, la cooperaci\u00f3n y la compasi\u00f3n\u00a0si sus padres est\u00e1n lejos todos los d\u00edas en trabajos de bajos salarios .<\/p>\n<p>Los estudiantes en esta perspectiva de pobreza, sienten que sus padres no tienen inter\u00e9s en sus actividades escolares, que nadie se preocupa por ellos y lo que es m\u00e1s duro que los profesores no los quieren.<\/p>\n<p>Algunos especialistas se\u00f1alan que promoviendo la autoconfianza en el sal\u00f3n de clases, d\u00e1ndoles la oportunidad de tomar decisiones, promoviendo la solidaridad por medio del trabajo en equipo y la organizaci\u00f3n para el desarrollo de proyectos, los alumnos ir\u00e1n tomando confianza para que puedan ir cambiando su perspectiva del mundo.<\/p>\n<p>Esto con la intenci\u00f3n de que los estudiantes puedan tener en un futuro con oportunidades.<\/p>\n<p>En un siguiente art\u00edculo esbozaremos, de manera m\u00e1s profunda otros elementos que nos puedan permitir darles a nuestros estudiantes alternativas de vida y llegar, como dec\u00eda Confucio, a ofrecer una educaci\u00f3n sin distinci\u00f3n de clases.<\/p>\n<p>Mientras tanto reciban un abrazo digital y muchos saludos.<\/p>\n<p><a href=\"http:\/\/www.eloriente.net\/home\/wp-content\/uploads\/2014\/05\/Licencia-CC-derechos-reservados-por-M.-Martin-Vicente-Lapiz.jpg\"><img loading=\"lazy\" decoding=\"async\" class=\"alignnone size-medium wp-image-26692\" src=\"http:\/\/www.eloriente.net\/home\/wp-content\/uploads\/2014\/05\/Licencia-CC-derechos-reservados-por-M.-Martin-Vicente-Lapiz-300x200.jpg\" alt=\"Licencia CC derechos reservados por M. Martin Vicente Lapiz\" width=\"300\" height=\"200\" srcset=\"http:\/\/www.eloriente.net\/home\/wp-content\/uploads\/2014\/05\/Licencia-CC-derechos-reservados-por-M.-Martin-Vicente-Lapiz-300x200.jpg 300w, http:\/\/www.eloriente.net\/home\/wp-content\/uploads\/2014\/05\/Licencia-CC-derechos-reservados-por-M.-Martin-Vicente-Lapiz.jpg 1024w\" sizes=\"(max-width: 300px) 100vw, 300px\" \/><\/a><\/p>\n<p>Imagen:\u00a0Licencia-CC-derechos-reservados-por-M.-Martin-Vicente-Lapiz.jpg<\/p>\n<p><strong>OTRAS ENTRADAS:<\/strong><\/p>\n<div class=\"featuredpost\">\n<div class=\"flow_hide\">\n<h2 class=\"posttitle bigposttitle\"><a title=\"Enlace Permanente a Recibe nombramiento primer Fiscal General del Estado de Oaxaca\" href=\"http:\/\/www.eloriente.net\/home\/2015\/08\/04\/recibe-nombramiento-primer-fiscal-general-del-estado-de-oaxaca\/\" rel=\"bookmark\">Recibe nombramiento primer Fiscal General del Estado de Oaxaca<\/a><\/h2>\n<\/div>\n<p>(www.eloriente.net, M\u00e9xico, 4 de agosto de 2015. por Gustavo Morales-Derecho El Oriente).- La transformaci\u00f3n del sistema de procuraci\u00f3n de justicia en Oaxaca tuvo ayer uno de sus\u2026<\/p>\n<p class=\"postmeta\"><span class=\"meta_date\">agosto 4, 2015<\/span><\/p>\n<div class=\"toolbar-social\">\n<div class=\"social-widget\">\n<div id=\"sharing-widget\"><a class=\"button icon-share\">Compartir<\/a><span class=\"share-count\">0<\/span><\/div>\n<\/div>\n<\/div>\n<\/div>\n<div class=\"featuredpost\">\n<div class=\"flow_hide\">\n<p><a href=\"http:\/\/www.eloriente.net\/home\/2015\/08\/03\/inah-recomendo-a-gobierno-de-oaxaca-no-ubicar-centro-de-convenciones-en-fortin\/\" rel=\"bookmark\"><img decoding=\"async\" class=\"alignleft\" title=\"INAH recomend\u00f3 a Gobierno de Oaxaca no ubicar Centro de Convenciones en Fort\u00edn\" src=\"http:\/\/www.eloriente.net\/home\/wp-content\/themes\/city-desk\/timthumb.php?src=http%3A%2F%2Fwww.eloriente.net%2Fhome%2Fwp-content%2Fuploads%2F2015%2F06%2FCentro-de-Convenciones-%40GObOax.jpg&amp;q=90&amp;w=70&amp;h=45&amp;zc=1\" alt=\"INAH recomend\u00f3 a Gobierno de Oaxaca no ubicar Centro de Convenciones en Fort\u00edn\" \/><\/a><\/p>\n<h2 class=\"posttitle \"><a title=\"Enlace Permanente a INAH recomend\u00f3 a Gobierno de Oaxaca no ubicar Centro de Convenciones en Fort\u00edn\" href=\"http:\/\/www.eloriente.net\/home\/2015\/08\/03\/inah-recomendo-a-gobierno-de-oaxaca-no-ubicar-centro-de-convenciones-en-fortin\/\" rel=\"bookmark\">INAH recomend\u00f3 a Gobierno de Oaxaca no ubicar Centro de Convenciones en Fort\u00edn<\/a><\/h2>\n<\/div>\n<p>eloriente.net\/INAH 3 de agosto de 2015* El Instituto Nacional de Antropolog\u00eda e Historia no autoriz\u00f3 el proyecto del Centro Cultural y de Convenciones de la Ciudad de Oaxaca\u2026<\/p>\n<p class=\"postmeta\"><span class=\"meta_date\">agosto 3, 2015<\/span><\/p>\n<div class=\"toolbar-social\">\n<div class=\"social-widget\">\n<div id=\"sharing-widget\"><a class=\"button icon-share\">Compartir<\/a><span class=\"share-count\">2<\/span><\/div>\n<\/div>\n<\/div>\n<\/div>\n<div class=\"featuredpost\">\n<div class=\"flow_hide\">\n<p><a href=\"http:\/\/www.eloriente.net\/home\/2015\/07\/30\/oaxaca-un-continente-como-andan-los-numeros-de-turismo-de-naturaleza-por-angel-osorio\/\" rel=\"bookmark\"><img decoding=\"async\" class=\"alignleft\" title=\"Oaxaca, Un Continente: \u00bfc\u00f3mo andan los n\u00fameros de Turismo de naturaleza?, por \u00c1ngel Osorio\" src=\"http:\/\/www.eloriente.net\/home\/wp-content\/themes\/city-desk\/timthumb.php?src=http%3A%2F%2Fwww.eloriente.net%2Fhome%2Fwp-content%2Fuploads%2F2015%2F07%2F44.png&amp;q=90&amp;w=70&amp;h=45&amp;zc=1\" alt=\"Oaxaca, Un Continente: \u00bfc\u00f3mo andan los n\u00fameros de Turismo de naturaleza?, por \u00c1ngel Osorio\" \/><\/a><\/p>\n<h2 class=\"posttitle \"><a title=\"Enlace Permanente a Oaxaca, Un Continente: \u00bfc\u00f3mo andan los n\u00fameros de Turismo de naturaleza?, por \u00c1ngel Osorio\" href=\"http:\/\/www.eloriente.net\/home\/2015\/07\/30\/oaxaca-un-continente-como-andan-los-numeros-de-turismo-de-naturaleza-por-angel-osorio\/\" rel=\"bookmark\">Oaxaca, Un Continente: \u00bfc\u00f3mo andan los n\u00fameros de Turismo de naturaleza?, por \u00c1ngel Osorio<\/a><\/h2>\n<\/div>\n<p>(www.eloriente.net, M\u00e9xico, 30 de julio de 2015. por \u00c1ngel Osorio @senderosoax).- Ya en una entrega hablamos del ecoturismo como una gran promesa para el estado de Oaxaca. Por\u2026<\/p>\n<p class=\"postmeta\"><span class=\"meta_date\">julio 30, 2015<\/span><\/p>\n<div class=\"toolbar-social\">\n<div class=\"social-widget\">\n<div id=\"sharing-widget\"><a class=\"button icon-share\">Compartir<\/a><span class=\"share-count\">17<\/span><\/div>\n<\/div>\n<\/div>\n<\/div>\n<p>&nbsp;<\/p>\n\n\t\t\t  <div \n\t\t\t  \tclass = \"fb-comments\" \n\t\t\t  \tdata-href = \"http:\/\/www.eloriente.net\/home\/2015\/08\/04\/educar-en-la-pobreza-por-diego-gonzalez-algara\/\"\n\t\t\t  \tdata-numposts = \"10\"\n\t\t\t\tdata-colorscheme = \"dark\"\n\t\t\t\tdata-order-by = \"social\"\n\t\t\t\tdata-mobile=true>\n\t\t\t  <\/div>\n\t\t  <style>\n\t\t\t.fb_iframe_widget_fluid_desktop iframe {\n\t\t\t    width: 100% !important;\n\t\t\t}\n\t\t  <\/style>\n\t\t  ","protected":false},"excerpt":{"rendered":"<p>&nbsp; &nbsp; En este art\u00edculo se muestran algunos elementos a considerar al momento de ense\u00f1ar en contextos, como el Mexicano, donde la pobreza afecta a uno se de cada dos ni\u00f1os mexicanos. Donde hay buena educaci\u00f3n no hay distinci\u00f3n de clases. Kung FuTse, Confucio (www.eloriente.net, M\u00e9xico, 4 de agosto de 2015. Por: Diego Gonz\u00e1lez Algara [&hellip;]<\/p>\n","protected":false},"author":42,"featured_media":26692,"comment_status":"open","ping_status":"open","sticky":false,"template":"","format":"standard","meta":{"_jetpack_memberships_contains_paid_content":false,"footnotes":""},"categories":[11,3677,32,63,10,24,31],"tags":[3762,3916,375],"class_list":["post-38188","post","type-post","status-publish","format-standard","has-post-thumbnail","hentry","category-colaboradores","category-diego-gonzalez-algara","category-entradas","category-estados","category-lo-mas-reciente","category-mexico-y-el-mundo","category-principal","tag-educacion-en-oaxaca","tag-educar-oaxaca","tag-ieepo"],"jetpack_featured_media_url":"http:\/\/www.eloriente.net\/home\/wp-content\/uploads\/2014\/05\/Licencia-CC-derechos-reservados-por-M.-Martin-Vicente-Lapiz.jpg","jetpack_sharing_enabled":true,"_links":{"self":[{"href":"http:\/\/www.eloriente.net\/home\/wp-json\/wp\/v2\/posts\/38188"}],"collection":[{"href":"http:\/\/www.eloriente.net\/home\/wp-json\/wp\/v2\/posts"}],"about":[{"href":"http:\/\/www.eloriente.net\/home\/wp-json\/wp\/v2\/types\/post"}],"author":[{"embeddable":true,"href":"http:\/\/www.eloriente.net\/home\/wp-json\/wp\/v2\/users\/42"}],"replies":[{"embeddable":true,"href":"http:\/\/www.eloriente.net\/home\/wp-json\/wp\/v2\/comments?post=38188"}],"version-history":[{"count":1,"href":"http:\/\/www.eloriente.net\/home\/wp-json\/wp\/v2\/posts\/38188\/revisions"}],"predecessor-version":[{"id":38189,"href":"http:\/\/www.eloriente.net\/home\/wp-json\/wp\/v2\/posts\/38188\/revisions\/38189"}],"wp:featuredmedia":[{"embeddable":true,"href":"http:\/\/www.eloriente.net\/home\/wp-json\/wp\/v2\/media\/26692"}],"wp:attachment":[{"href":"http:\/\/www.eloriente.net\/home\/wp-json\/wp\/v2\/media?parent=38188"}],"wp:term":[{"taxonomy":"category","embeddable":true,"href":"http:\/\/www.eloriente.net\/home\/wp-json\/wp\/v2\/categories?post=38188"},{"taxonomy":"post_tag","embeddable":true,"href":"http:\/\/www.eloriente.net\/home\/wp-json\/wp\/v2\/tags?post=38188"}],"curies":[{"name":"wp","href":"https:\/\/api.w.org\/{rel}","templated":true}]}}