{"id":38195,"date":"2015-08-04T14:57:05","date_gmt":"2015-08-04T20:57:05","guid":{"rendered":"http:\/\/www.eloriente.net\/home\/?p=38195"},"modified":"2015-08-04T17:44:39","modified_gmt":"2015-08-04T23:44:39","slug":"con-atentado-quieren-detener-mi-carrera-politica-samuel-gurrion","status":"publish","type":"post","link":"http:\/\/www.eloriente.net\/home\/2015\/08\/04\/con-atentado-quieren-detener-mi-carrera-politica-samuel-gurrion\/","title":{"rendered":"Con atentado, \u00abquieren detener mi carrera pol\u00edtica\u00bb: Samuel Gurri\u00f3n"},"content":{"rendered":"<p><script src=\"\/\/pagead2.googlesyndication.com\/pagead\/js\/adsbygoogle.js\" async=\"\"><\/script><!-- BANNER ELORIENTE INCRUSTADO NOTAS --> <ins class=\"adsbygoogle\" style=\"display: inline-block; width: 300px; height: 250px;\" data-ad-client=\"ca-pub-1136171134853753\" data-ad-slot=\"7974633627\"><\/ins><script>\/\/ <![CDATA[\n(adsbygoogle = window.adsbygoogle || []).push({});\n\/\/ ]]><\/script><br \/>\n<strong>Actualizaci\u00f3n 18:41<\/strong><\/p>\n<p><strong>(www.eloriente.net, M\u00e9xico, 4 de agosto de 2015).-<\/strong> La Fiscal\u00eda General del Estado inform\u00f3 que ya su oficina en la costa se encuentra indagando este presunto atentado en contra del diputado federal Samuel Gurri\u00f3n, a trav\u00e9s de personal especializado, Peritos y Agentes Estatales de Investigaci\u00f3n.<\/p>\n<p>La Fiscal\u00eda explica textualmente:<\/p>\n<pre>\"De gira de trabajo en la regi\u00f3n de la Costa, el Diputado dijo que se\r\ntrasladaba con su comitiva en caminos del citado Municipio, cuando\r\nrepentinamente personas desconocidas derribaron \u00e1rboles al paso de la\r\nunidad en la que se trasladaba alcanzando a sortearlos, observo en ese\r\nmomento a personas que portaban armas por lo que su escolta accion\u00f3 sus\r\narmas ante la posibilidad de una agresi\u00f3n hac\u00eda el representante federal,\r\nrelat\u00f3.\r\n\r\nLa Subprocuradur\u00eda de Justicia de la Costa inici\u00f3 por estos hechos el\r\nlegajo de investigaci\u00f3n correspondiente contra quien o quienes resulten\r\nresponsables, agentes investigadores y peritos especialistas contin\u00faan en\r\nel lugar recopilando las evidencias que puedan dar sustento  a la\r\ninvestigaci\u00f3n en curso.\"<\/pre>\n<p style=\"text-align: center;\">\n<p><strong>Publicaci\u00f3n original:<\/strong><\/p>\n<p><strong>(www.eloriente.net, M\u00e9xico, 4 de agosto de 2015).-<\/strong> Este mediod\u00eda, luego de un evento en Santo Domingo de Morelos, Oaxaca, el diputado federal del Partido Revolucionario Institucional (PRI), Samuel Gurri\u00f3n Mat\u00edas, se\u00f1al\u00f3 repeler un inminente atentado contra su vida.<\/p>\n<p>De acuerdo a la narrativa que el diputado ha dado a conocer en diversos medios de comunicaci\u00f3n, Gurri\u00f3n sal\u00eda del poblado luego de un evento con entre 3,000 y 4,000 personas, en el cual se inaugur\u00f3 un domo auditorio, cuando al llegar a una curva \u00e9l y sus acompa\u00f1antes lograron sorprender a un grupo de hombres que se acomodaba para agredirlos con armas largas.<\/p>\n<p>En esos momentos y habi\u00e9ndose percatado a tiempo del inminente ataque, sus guardias de seguridad lograron repelerlos, hasta que el grupo logr\u00f3 escapar por el monte.<\/p>\n<p>Samuel Gurri\u00f3n aclar\u00f3 que \u00e9l pudo ver claramente a 2 hombres, aunque sus guardias le comentan que eran m\u00e1s.<\/p>\n<p>\u00abYo no he lastimado a nadie, no le debo a nadie, me he tratado de conducir de manera decente y no tengo deudas con nadie\u00bb, repiti\u00f3 Gurri\u00f3n. \u00abQuieren detener mi carrera, mi trabajo politico y sin duda el trabajo que llevamos en todo el estado molesta a m\u00e1s de una una persona\u00bb.<\/p>\n<p>El diputado revel\u00f3 que el Procurador (hoy fiscal) est\u00e1 enterado de que es v\u00edctima de amenazas desde hace alg\u00fan tiempo.<\/p>\n<p>Anunci\u00f3 que ma\u00f1ana dar\u00e1 conferencia de prensa para narrar los hechos y la autoridad pueda tomar cartas en el asunto.<\/p>\n<p><a href=\"http:\/\/www.eloriente.net\/home\/wp-content\/uploads\/2015\/08\/@SAMUELGURRION.jpg\"><img loading=\"lazy\" decoding=\"async\" class=\"alignnone size-medium wp-image-38196\" src=\"http:\/\/www.eloriente.net\/home\/wp-content\/uploads\/2015\/08\/@SAMUELGURRION-300x300.jpg\" alt=\"@SAMUELGURRION\" width=\"300\" height=\"300\" srcset=\"http:\/\/www.eloriente.net\/home\/wp-content\/uploads\/2015\/08\/@SAMUELGURRION-300x300.jpg 300w, http:\/\/www.eloriente.net\/home\/wp-content\/uploads\/2015\/08\/@SAMUELGURRION-150x150.jpg 150w, http:\/\/www.eloriente.net\/home\/wp-content\/uploads\/2015\/08\/@SAMUELGURRION-50x50.jpg 50w, http:\/\/www.eloriente.net\/home\/wp-content\/uploads\/2015\/08\/@SAMUELGURRION-144x144.jpg 144w, http:\/\/www.eloriente.net\/home\/wp-content\/uploads\/2015\/08\/@SAMUELGURRION.jpg 400w\" sizes=\"(max-width: 300px) 100vw, 300px\" \/><\/a><\/p>\n<p><strong>OTRAS ENTRADAS:<\/strong><\/p>\n<div class=\"featuredpost\">\n<h2 class=\"posttitle bigposttitle\"><a title=\"Enlace Permanente a Medici\u00f3n de la Pobreza en Oaxaca; presentaci\u00f3n de Alejandro Cruz\" href=\"http:\/\/www.eloriente.net\/home\/2015\/07\/28\/medicion-de-la-pobreza-en-oaxaca-presentacion-de-alejandro-cruz\/\" rel=\"bookmark\">Medici\u00f3n de la Pobreza en Oaxaca; presentaci\u00f3n de Alejandro Cruz<\/a><\/h2>\n<p>(www.eloriente.net, M\u00e9xico, 28 de julio de 2015. Por: Alejandro Cruz Pimentel @acruzpi).- Presentaci\u00f3n y estudio del autor para eloriente.net, con base en\u2026<\/p>\n<p class=\"postmeta\"><span class=\"meta_date\">julio 28, 2015<\/span><\/p>\n<div class=\"toolbar-social\">\n<div class=\"social-widget\">\n<div id=\"sharing-widget\"><a class=\"button icon-share\">Compartir<\/a><span class=\"share-count\">26<\/span><\/div>\n<\/div>\n<\/div>\n<\/div>\n<div class=\"featuredpost\">\n<p><a href=\"http:\/\/www.eloriente.net\/home\/2015\/07\/27\/nuevo-sistema-de-justicia-penal-deja-libre-a-delincuentes-por-paz-espino\/\" rel=\"bookmark\"><img decoding=\"async\" class=\"alignleft\" title=\"Nuevo Sistema de Justicia Penal, \u00bfdeja libre a delincuentes?, por Paz Espino\" src=\"http:\/\/www.eloriente.net\/home\/wp-content\/themes\/city-desk\/timthumb.php?src=http%3A%2F%2Fwww.eloriente.net%2Fhome%2Fwp-content%2Fuploads%2F2014%2F10%2F8035396680_31ed820eb3_b.jpg&amp;q=90&amp;w=90&amp;h=83&amp;zc=1\" alt=\"Nuevo Sistema de Justicia Penal, \u00bfdeja libre a delincuentes?, por Paz Espino\" \/><\/a><\/p>\n<h2 class=\"posttitle \"><a title=\"Enlace Permanente a Nuevo Sistema de Justicia Penal, \u00bfdeja libre a delincuentes?, por Paz Espino\" href=\"http:\/\/www.eloriente.net\/home\/2015\/07\/27\/nuevo-sistema-de-justicia-penal-deja-libre-a-delincuentes-por-paz-espino\/\" rel=\"bookmark\">Nuevo Sistema de Justicia Penal, \u00bfdeja libre a delincuentes?, por Paz Espino<\/a><\/h2>\n<p>(www.eloriente.net, M\u00e9xico, 27 de Julio de 2015. Por: Paz Espino).- Hace unas semanas se llev\u00f3 a cabo simult\u00e1neamente en las 32 entidades\u2026<\/p>\n<p class=\"postmeta\"><span class=\"meta_date\">julio 27, 2015<\/span><\/p>\n<div class=\"toolbar-social\">\n<div class=\"social-widget\">\n<div id=\"sharing-widget\"><a class=\"button icon-share\">Compartir<\/a><span class=\"share-count\">6<\/span><\/div>\n<\/div>\n<\/div>\n<\/div>\n<div class=\"featuredpost\">\n<p><a href=\"http:\/\/www.eloriente.net\/home\/2015\/07\/23\/la-redencion-del-sexenio-por-bruno-torres\/\" rel=\"bookmark\"><img decoding=\"async\" class=\"alignleft\" title=\"La Redenci\u00f3n del Sexenio, por Bruno Torres\" src=\"http:\/\/www.eloriente.net\/home\/wp-content\/themes\/city-desk\/timthumb.php?src=http%3A%2F%2Fwww.eloriente.net%2Fhome%2Fwp-content%2Fuploads%2F2015%2F07%2FGOBERNADOR-GABINO-CU%C3%89-gabinocue.org_1-e1437060582493.jpg&amp;q=90&amp;w=90&amp;h=83&amp;zc=1\" alt=\"La Redenci\u00f3n del Sexenio, por Bruno Torres\" \/><\/a><\/p>\n<h2 class=\"posttitle \"><a title=\"Enlace Permanente a La Redenci\u00f3n del Sexenio, por Bruno Torres\" href=\"http:\/\/www.eloriente.net\/home\/2015\/07\/23\/la-redencion-del-sexenio-por-bruno-torres\/\" rel=\"bookmark\">La Redenci\u00f3n del Sexenio, por Bruno Torres<\/a><\/h2>\n<p>(www.eloriente.net, M\u00e9xico, 23 de julio de 2015. Por: Bruno Torres Carbajal).- Cualquiera puede hacer un recuento de la nota principal de la agenda\u2026<\/p>\n<p class=\"postmeta\"><span class=\"meta_date\">julio 23, 2015<\/span><\/p>\n<div class=\"toolbar-social\">\n<div class=\"social-widget\">\n<div id=\"sharing-widget\"><a class=\"button icon-share\">Compartir<\/a><span class=\"share-count\">11<\/span><\/div>\n<\/div>\n<\/div>\n<\/div>\n<p>&nbsp;<\/p>\n<p>&nbsp;<\/p>\n\n\t\t\t  <div \n\t\t\t  \tclass = \"fb-comments\" \n\t\t\t  \tdata-href = \"http:\/\/www.eloriente.net\/home\/2015\/08\/04\/con-atentado-quieren-detener-mi-carrera-politica-samuel-gurrion\/\"\n\t\t\t  \tdata-numposts = \"10\"\n\t\t\t\tdata-colorscheme = \"dark\"\n\t\t\t\tdata-order-by = \"social\"\n\t\t\t\tdata-mobile=true>\n\t\t\t  <\/div>\n\t\t  <style>\n\t\t\t.fb_iframe_widget_fluid_desktop iframe {\n\t\t\t    width: 100% !important;\n\t\t\t}\n\t\t  <\/style>\n\t\t  ","protected":false},"excerpt":{"rendered":"<p>Actualizaci\u00f3n 18:41 (www.eloriente.net, M\u00e9xico, 4 de agosto de 2015).- La Fiscal\u00eda General del Estado inform\u00f3 que ya su oficina en la costa se encuentra indagando este presunto atentado en contra del diputado federal Samuel Gurri\u00f3n, a trav\u00e9s de personal especializado, Peritos y Agentes Estatales de Investigaci\u00f3n. La Fiscal\u00eda explica textualmente: \u00abDe gira de trabajo en [&hellip;]<\/p>\n","protected":false},"author":1,"featured_media":38196,"comment_status":"open","ping_status":"open","sticky":false,"template":"","format":"standard","meta":{"_jetpack_memberships_contains_paid_content":false,"footnotes":""},"categories":[32,63,10,23,464],"tags":[3739,73,3919],"class_list":["post-38195","post","type-post","status-publish","format-standard","has-post-thumbnail","hentry","category-entradas","category-estados","category-lo-mas-reciente","category-municipios","category-oaxaca-estados","tag-elecciones-2016","tag-oaxaca","tag-samuel-gurrion"],"jetpack_featured_media_url":"http:\/\/www.eloriente.net\/home\/wp-content\/uploads\/2015\/08\/@SAMUELGURRION.jpg","jetpack_sharing_enabled":true,"_links":{"self":[{"href":"http:\/\/www.eloriente.net\/home\/wp-json\/wp\/v2\/posts\/38195"}],"collection":[{"href":"http:\/\/www.eloriente.net\/home\/wp-json\/wp\/v2\/posts"}],"about":[{"href":"http:\/\/www.eloriente.net\/home\/wp-json\/wp\/v2\/types\/post"}],"author":[{"embeddable":true,"href":"http:\/\/www.eloriente.net\/home\/wp-json\/wp\/v2\/users\/1"}],"replies":[{"embeddable":true,"href":"http:\/\/www.eloriente.net\/home\/wp-json\/wp\/v2\/comments?post=38195"}],"version-history":[{"count":3,"href":"http:\/\/www.eloriente.net\/home\/wp-json\/wp\/v2\/posts\/38195\/revisions"}],"predecessor-version":[{"id":38202,"href":"http:\/\/www.eloriente.net\/home\/wp-json\/wp\/v2\/posts\/38195\/revisions\/38202"}],"wp:featuredmedia":[{"embeddable":true,"href":"http:\/\/www.eloriente.net\/home\/wp-json\/wp\/v2\/media\/38196"}],"wp:attachment":[{"href":"http:\/\/www.eloriente.net\/home\/wp-json\/wp\/v2\/media?parent=38195"}],"wp:term":[{"taxonomy":"category","embeddable":true,"href":"http:\/\/www.eloriente.net\/home\/wp-json\/wp\/v2\/categories?post=38195"},{"taxonomy":"post_tag","embeddable":true,"href":"http:\/\/www.eloriente.net\/home\/wp-json\/wp\/v2\/tags?post=38195"}],"curies":[{"name":"wp","href":"https:\/\/api.w.org\/{rel}","templated":true}]}}